{"id":49615,"date":"2024-02-28T11:10:35","date_gmt":"2024-02-28T11:10:35","guid":{"rendered":"https:\/\/www.radioempire.it\/?p=49615"},"modified":"2024-02-28T11:10:35","modified_gmt":"2024-02-28T11:10:35","slug":"sos-beni-culturali","status":"publish","type":"post","link":"https:\/\/www.radioempire.it\/index.php\/2024\/02\/28\/sos-beni-culturali\/","title":{"rendered":"SOS BENI CULTURALI"},"content":{"rendered":"<p><strong><em>In Verde Veritas<\/em><\/strong><\/p>\n<p>E\u2019 dal lontano 15 novembre del 2021 (ma anche tra il 2019 e il 2020 rimase interdetto ai vistatori) che l\u2019Anfiteatro Romano di piazza Stesicoro rimane inaccessibile ai visitatori siano essi catanesi che provenienti dalle altre citt\u00e0 della Sicilia da altre Regioni italiane da varie nazioni europee e non che giornalmente si osservano verso l\u2019Anfiteatro per poterlo visitare per poi restarne deluse. E\u2019 stato lo stesso Presidente della Regione di allora, Musumeci, accompagnato dall\u2019assessore ai Beni culturali e all&#8217;Identit\u00e0\u00a0siciliana a consegnare i lavori di riqualificazione dell\u2019area monumentale realizzati con risorse comunitarie per un importo complessivo di poco pi\u00f9 di 500 mila euro.<\/p>\n<p>Ecco una parte delle dichiarazioni di Musumeci cos\u00ec come riportate nel sito web della Regione:\u00abLa riqualificazione dell&#8217;Anfiteatro romano &#8211; rilevava il presidente Musumeci \u2013 non era pi\u00f9 rinviabile. Quello che avviamo oggi \u00e8 un progetto impegnativo, condiviso dal direttore del Parco archeologico, su cui il Governo regionale si era impegnato e che sostiene con entusiasmo. Si tratta di lavori importanti che restituiranno splendore e sicurezza a un sito che connota fortemente il centro storico di Catania, ne miglioreranno la fruizione e daranno anche una nuova immagine, grazie alla realizzazione di un impianto d\u2019illuminazione che certamente valorizzer\u00e0 le peculiarit\u00e0 di un bene monumentale gi\u00e0 molto attrattivo\u00bb.<\/p>\n<p><img loading=\"lazy\" class=\"size-medium wp-image-49617 alignleft\" src=\"https:\/\/www.radioempire.it\/wp-content\/uploads\/2024\/02\/anfi-300x221.jpg\" alt=\"\" width=\"300\" height=\"221\" srcset=\"https:\/\/www.radioempire.it\/wp-content\/uploads\/2024\/02\/anfi-300x221.jpg 300w, https:\/\/www.radioempire.it\/wp-content\/uploads\/2024\/02\/anfi-768x565.jpg 768w, https:\/\/www.radioempire.it\/wp-content\/uploads\/2024\/02\/anfi-105x77.jpg 105w, https:\/\/www.radioempire.it\/wp-content\/uploads\/2024\/02\/anfi.jpg 1006w\" sizes=\"(max-width: 300px) 100vw, 300px\" \/>Forse ha dimenticato o non immaginava quanti anni sarebbero durati tali lavori o meglio quanti anni sarebbe durata la chiusura al pubblico di uno dei monumenti pi\u00f9 importanti della citt\u00e0 e del periodo romano che peraltro non aveva nulla da invidiare (15 mila posti a sedere) al Colosseo di Roma e da sempre uno dei pi\u00f9 visitati in Sicilia.<\/p>\n<p>La durata prevista dei lavori era di dodici mesi e avrebbe dovuto comprendere la sistemazione dell\u2019area d\u2019accesso sia da piazza Stesicoro sia dal vico Anfiteatro ( questo da utilizzare come accesso al monumento per le persone con disabilit\u00e0) oltre al consolidamento del paramento murario esterno e al restauro dei reperti marmorei e lapidei presenti.<\/p>\n<p>Dall\u2019inizio dei lavori di riqualificazione\u00a0 sono trascorsi oltre due anni quando dovevano essere conclusi il 15 novembre del 2022, giorno pi\u00f9 giorno meno,e la struttura contemporaneamente riaperta ai visitatori,\u00a0 matuttora rimane sprangata e non accessibile anche se i lavori di restauro sarebbero conclusi da qualche tempo.<\/p>\n<p>Eppure Catania, grazie al suo illustre passato e alle bellezze storiche e architettoniche, ma anche ambientali come la costa e l\u2019Etna, \u00a0\u00e8 considerata una delle citt\u00e0 siciliane con la maggiore attrazione turistica di visitatori provenienti da ogni parte del pianeta, per non parlare delle continue visite didattiche di scuole di ogni ordine e grado a partire da quelle catanesi e siciliane\u00a0 che annualmente si svolgevano all\u2019interno di\u00a0 tale bene storico-culturale. Ogni giorno da oltre due anni centinaia di turisti restano delusi e contrariati dal non poter visitare\u00a0 tale monumento,come lo dovrebbe essere ogni cittadino di questa citt\u00e0: nessuna insegna all\u2019esterno dell\u2019Anfiteatro chiarisce il motivo di tale chiusura quando fino a poco tempo fa vi era esposta un\u2019insegna che chiariva i motivi del divieto e la data in cui tali lavori avrebbero dovuto avere fine. Scomparsa,guarda caso!<\/p>\n<p><strong>Alfio Lisi<\/strong><\/p>\n<p><strong>In Verde Veritas<\/strong><\/p>\n<p><strong>\u00a0<\/strong><\/p>\n","protected":false},"excerpt":{"rendered":"<p>In Verde Veritas E\u2019 dal lontano 15 novembre del 2021 (ma anche tra il 2019 e il 2020 rimase interdetto ai vistatori) che l\u2019Anfiteatro Romano di piazza Stesicoro rimane inaccessibile<\/p>\n<div><a class=\"permalink\" href=\"https:\/\/www.radioempire.it\/index.php\/2024\/02\/28\/sos-beni-culturali\/\">Read More&#8230;<\/a><\/div>\n","protected":false},"author":2,"featured_media":49616,"comment_status":"closed","ping_status":"closed","sticky":false,"template":"","format":"standard","meta":[],"categories":[3,36],"tags":[],"_links":{"self":[{"href":"https:\/\/www.radioempire.it\/index.php\/wp-json\/wp\/v2\/posts\/49615"}],"collection":[{"href":"https:\/\/www.radioempire.it\/index.php\/wp-json\/wp\/v2\/posts"}],"about":[{"href":"https:\/\/www.radioempire.it\/index.php\/wp-json\/wp\/v2\/types\/post"}],"author":[{"embeddable":true,"href":"https:\/\/www.radioempire.it\/index.php\/wp-json\/wp\/v2\/users\/2"}],"replies":[{"embeddable":true,"href":"https:\/\/www.radioempire.it\/index.php\/wp-json\/wp\/v2\/comments?post=49615"}],"version-history":[{"count":1,"href":"https:\/\/www.radioempire.it\/index.php\/wp-json\/wp\/v2\/posts\/49615\/revisions"}],"predecessor-version":[{"id":49618,"href":"https:\/\/www.radioempire.it\/index.php\/wp-json\/wp\/v2\/posts\/49615\/revisions\/49618"}],"wp:featuredmedia":[{"embeddable":true,"href":"https:\/\/www.radioempire.it\/index.php\/wp-json\/wp\/v2\/media\/49616"}],"wp:attachment":[{"href":"https:\/\/www.radioempire.it\/index.php\/wp-json\/wp\/v2\/media?parent=49615"}],"wp:term":[{"taxonomy":"category","embeddable":true,"href":"https:\/\/www.radioempire.it\/index.php\/wp-json\/wp\/v2\/categories?post=49615"},{"taxonomy":"post_tag","embeddable":true,"href":"https:\/\/www.radioempire.it\/index.php\/wp-json\/wp\/v2\/tags?post=49615"}],"curies":[{"name":"wp","href":"https:\/\/api.w.org\/{rel}","templated":true}]}}