{"id":49637,"date":"2024-02-29T16:01:10","date_gmt":"2024-02-29T16:01:10","guid":{"rendered":"https:\/\/www.radioempire.it\/?p=49637"},"modified":"2024-02-29T16:01:10","modified_gmt":"2024-02-29T16:01:10","slug":"la-musica-nel-cuore-torna-la-due-giorni-dedicata-allinclusione","status":"publish","type":"post","link":"https:\/\/www.radioempire.it\/index.php\/2024\/02\/29\/la-musica-nel-cuore-torna-la-due-giorni-dedicata-allinclusione\/","title":{"rendered":"\u201cLa musica nel cuore\u201d, torna la due giorni dedicata all\u2019inclusione"},"content":{"rendered":"<p><strong><em>Tutto pronto per l\u2019evento per ragazzi organizzato e finanziato dall\u2019Agesci Sicilia <\/em><\/strong><\/p>\n<p><strong><em>in collaborazione con le associazioni Guardastelle, Vita 21 e Comunicare \u00e8 vita<\/em><\/strong><\/p>\n<p>CATANIA &#8211; Torna a Catania l\u2019evento \u201cLa musica nel cuore\u201d: la due giorni organizzata dall\u2019Agesci Sicilia in collaborazione con le associazioni Guardastelle, Vita 21 e Comunicare \u00e8 vita dedicata all\u2019inclusione e alle disabilit\u00e0. L\u2019evento, a cui parteciperanno 30 ragazzi tra i 17 e i 21 anni provenienti da tutta la Sicilia, \u00e8 proposto nell\u2019ambito degli Epppi (Eventi di progressione personale a partecipazione individuale), eventi che l\u2019associazione di scout cattolici propone e finanzia ogni anno per far vivere ai ragazzi forti esperienze educative e di crescita.<\/p>\n<p>Quest\u2019anno \u201cLa musica nel cuore\u201d si svolger\u00e0 il 2 e il 3 marzo presso la parrocchia Madonna della Salute grazie all\u2019ospitalit\u00e0 del parroco Giovanni Mazzeppi che seguir\u00e0 personalmente il cammino di fede dei partecipanti all\u2019evento. I 30 ragazzi scout, infatti, vivranno una forte esperienza che li porter\u00e0 a sperimentare sia le gioie che le difficolt\u00e0 quotidiane delle tante famiglie che vivono la disabilit\u00e0 sulla loro pelle. Questo \u00e8 possibile soprattutto grazie alla partecipazione attiva dei soci Guardastelle, Vita 21 e Comunicare \u00e8 vita, che affideranno agli scout ci\u00f2 che di pi\u00f9 prezioso hanno al mondo: i loro figli.<\/p>\n<p>Per due giorni una folta comunit\u00e0 vivr\u00e0 diversit\u00e0 e inclusione attraverso le attivit\u00e0 musicali proposte dalla pianista Ketty Teriaca e attraverso il teatro firmato Guardastelle. Comunit\u00e0 che alla fine della due giorni, il 3 marzo alle 11, proporr\u00e0 uno spettacolo teatrale aperto al pubblico presso il salone parrocchiale della Madonna della Salute.<\/p>\n","protected":false},"excerpt":{"rendered":"<p>Tutto pronto per l\u2019evento per ragazzi organizzato e finanziato dall\u2019Agesci Sicilia in collaborazione con le associazioni Guardastelle, Vita 21 e Comunicare \u00e8 vita CATANIA &#8211; Torna a Catania l\u2019evento \u201cLa<\/p>\n<div><a class=\"permalink\" href=\"https:\/\/www.radioempire.it\/index.php\/2024\/02\/29\/la-musica-nel-cuore-torna-la-due-giorni-dedicata-allinclusione\/\">Read More&#8230;<\/a><\/div>\n","protected":false},"author":2,"featured_media":49638,"comment_status":"closed","ping_status":"closed","sticky":false,"template":"","format":"standard","meta":[],"categories":[3,36],"tags":[],"_links":{"self":[{"href":"https:\/\/www.radioempire.it\/index.php\/wp-json\/wp\/v2\/posts\/49637"}],"collection":[{"href":"https:\/\/www.radioempire.it\/index.php\/wp-json\/wp\/v2\/posts"}],"about":[{"href":"https:\/\/www.radioempire.it\/index.php\/wp-json\/wp\/v2\/types\/post"}],"author":[{"embeddable":true,"href":"https:\/\/www.radioempire.it\/index.php\/wp-json\/wp\/v2\/users\/2"}],"replies":[{"embeddable":true,"href":"https:\/\/www.radioempire.it\/index.php\/wp-json\/wp\/v2\/comments?post=49637"}],"version-history":[{"count":1,"href":"https:\/\/www.radioempire.it\/index.php\/wp-json\/wp\/v2\/posts\/49637\/revisions"}],"predecessor-version":[{"id":49639,"href":"https:\/\/www.radioempire.it\/index.php\/wp-json\/wp\/v2\/posts\/49637\/revisions\/49639"}],"wp:featuredmedia":[{"embeddable":true,"href":"https:\/\/www.radioempire.it\/index.php\/wp-json\/wp\/v2\/media\/49638"}],"wp:attachment":[{"href":"https:\/\/www.radioempire.it\/index.php\/wp-json\/wp\/v2\/media?parent=49637"}],"wp:term":[{"taxonomy":"category","embeddable":true,"href":"https:\/\/www.radioempire.it\/index.php\/wp-json\/wp\/v2\/categories?post=49637"},{"taxonomy":"post_tag","embeddable":true,"href":"https:\/\/www.radioempire.it\/index.php\/wp-json\/wp\/v2\/tags?post=49637"}],"curies":[{"name":"wp","href":"https:\/\/api.w.org\/{rel}","templated":true}]}}