{"id":49837,"date":"2024-03-15T23:16:10","date_gmt":"2024-03-15T23:16:10","guid":{"rendered":"https:\/\/www.radioempire.it\/?p=49837"},"modified":"2024-03-15T23:17:04","modified_gmt":"2024-03-15T23:17:04","slug":"al-via-integr-arti-dal-18-al-20-marzo-a-casalvecchio-siculo-me-tre-giorni-dedicati-a-workshop-tavole-rotonde-e-performance-sul-ruolo-delle-residenze-artistiche-nella-rigenerazi","status":"publish","type":"post","link":"https:\/\/www.radioempire.it\/index.php\/2024\/03\/15\/al-via-integr-arti-dal-18-al-20-marzo-a-casalvecchio-siculo-me-tre-giorni-dedicati-a-workshop-tavole-rotonde-e-performance-sul-ruolo-delle-residenze-artistiche-nella-rigenerazi\/","title":{"rendered":"Al via \u201cIntegr &#8211; ARTI\u201d, dal 18 al 20 marzo a Casalvecchio Siculo (ME) tre giorni dedicati a workshop, tavole rotonde e performance sul ruolo delle residenze artistiche nella rigenerazione urbana"},"content":{"rendered":"<p>Il progetto, di DAF Project, vede coinvolti anche i comuni di Limina e Antillo ed \u00e8 finanziato dal PNRR &#8211; Next Generation EU. Giuseppe Ministeri, Direttore Generale DAF: \u201cPromuoviamo un momento di riflessione e confronto su questa significativa tematica. In programma anche interessanti performance\u201d<\/p>\n<p>15 marzo &#8211; Nell\u2019ambito del progetto CIRCE &#8211; Creativit\u00e0 e Innovazione per la Rigenerazione delle Comunit\u00e0 e dell\u2019Ecosistema Culturale, DAF Project organizza da luned\u00ec 18 a mercoled\u00ec 20 marzo nel borgo di Casalvecchio Siculo (Messina), l\u2019evento Integr-ARTI: tre giorni dedicati a workshop, tavole rotonde, performance e approfondimenti sul ruolo delle residenze artistiche nella rigenerazione urbana.<\/p>\n<p>I partner di questa iniziativa, finanziata dai fondi del PNRR del Ministero della Cultura, i comuni proponenti e destinatari del progetto sono Casalvecchio Siculo, Antillo e Limina.<\/p>\n<p>I lavori prenderanno il via luned\u00ec 18 marzo alle 16.30 nella Chiesa di Sant\u2019Onofrio di Casalvecchio Siculo, con la sessione di avvio \u201cIllustrazione del progetto CIRCE e della sezione INTEGR &#8211; ARTI\u201d.<\/p>\n<p>I saluti istituzionali saranno affidati ai sindaci dei tre centri coinvolti nell\u2019iniziativa: Marco Antonio Saetti (Casalvecchio Siculo), Davide Paratore (Antillo) e Filippo Ricciardi (Limina). Successivamente prenderanno la parola numerosi relatori, tra i quali amministratori, docenti universitari e operatori.<\/p>\n<p>La tavola rotonda si concluder\u00e0 con la performance teatrale di Gaspare Balsamo.<\/p>\n<p>Nella giornata di marted\u00ec 19 marzo il fulcro delle attivit\u00e0 sar\u00e0 alla suggestiva Abbazia SS. Pietro e Paolo: alle 9.45 \u00e8 in programma una visita guidata, ed una presentazione in anteprima del Museo multimediale. Alle 12.00 si svolger\u00e0 la performance di teatro &#8211; danza di Sarah Lanza\/CollettivoSpazio22.<\/p>\n<p>Dalle 14.45 prender\u00e0 il via all\u2019interno del Museo Multimediale la tavola rotonda \u201cEsperienze e buone pratiche di Residenza a confronto\u201d che sar\u00e0 introdotta da Angelo Campolo, direttore artistico di DAF Project. Prenderanno la parola numerosi rappresentanti di importanti realt\u00e0 che organizzano in tutta Italia residenze artistiche.<\/p>\n<p>Nella giornata conclusiva di mercoled\u00ec 20 marzo, alle 10.30 nella Chiesa di S. Onofrio \u00e8 in programma la tavola rotonda \u201cResidenza vs Turismo?\u201d nel corso della quale verranno approfondite le caratteristiche necessarie per le nuove residenze d\u2019artista e sulla relazione esistente oggi e in Sicilia tra Residenze e Turismo. Al termine dell\u2019incontro si svolger\u00e0 la performance di teatro canzone che vedr\u00e0 protagonista Carlo Barbera.<\/p>\n<p>A seguire, dalle 12.30, ci sar\u00e0 la chiusura ufficiale di \u201cIntegr- ARTI\u201d, con la relazione finale sui tre giorni a cura di Giuseppe Ministeri e Angelo Campolo.<\/p>\n<p><img loading=\"lazy\" class=\"size-medium wp-image-49839 alignleft\" src=\"https:\/\/www.radioempire.it\/wp-content\/uploads\/2024\/03\/INTEGRARTI-1-300x210.jpeg\" alt=\"\" width=\"300\" height=\"210\" srcset=\"https:\/\/www.radioempire.it\/wp-content\/uploads\/2024\/03\/INTEGRARTI-1-300x210.jpeg 300w, https:\/\/www.radioempire.it\/wp-content\/uploads\/2024\/03\/INTEGRARTI-1-1024x718.jpeg 1024w, https:\/\/www.radioempire.it\/wp-content\/uploads\/2024\/03\/INTEGRARTI-1-768x539.jpeg 768w, https:\/\/www.radioempire.it\/wp-content\/uploads\/2024\/03\/INTEGRARTI-1.jpeg 1220w\" sizes=\"(max-width: 300px) 100vw, 300px\" \/>Giuseppe Ministeri, Direttore Generale DAF Project, presenta cos\u00ec Integr &#8211; ARTI: \u201cCon questa attivit\u00e0 vogliamo dimostrare come le residenze artistiche possano concorrere, insieme a tante altre attivit\u00e0, alla rigenerazione e al rilancio dei piccoli centri. Da tanti anni, infatti, lavoriamo nell\u2019ambito delle residenze artistiche e, negli ultimi anni, abbiamo voluto localizzarle nei piccoli centri siciliani. Questa tre giorni vuole essere proprio un momento di ragionamento e riflessione su questa significativa tematica\u201d.<\/p>\n<p>\u201cSaranno presenti realt\u00e0 provenienti dalla Sicilia e da tutta Italia, come ad esempio Palermo e Catania, ma anche Umbria, Toscana, Lombardia e che, storicamente, lavorano sulle residenze. Al termine dell\u2019evento &#8211; conclude Giuseppe Ministeri &#8211; illustreremo il progetto per gli anni 2025 e 2026 in chiave regionale. Condivisione, ascolto, scambio di vedute e buone pratiche. Saranno questi gli ingredienti di questi giorni a Casalvecchio Siculo\u201d.<\/p>\n<p>Prosegue Angelo Campolo, direttore artistico DAF Project: \u201cObiettivo di questa tre giorni \u00e8 quello di tracciare l\u2019inizio di un percorso attraverso un momento di approfondimento intorno al ruolo giocato dalle residenze artistiche in Sicilia e in Italia. Siamo felici per i tanti ospiti illustri che hanno accettato il nostro invito e potranno offrire testimonianze dirette dei loro percorsi umani e professionali. Particolare attenzione sar\u00e0 poi rivolta al pubblico degli studenti che avranno modo di incontrare ed interagire con tanti professionisti del settore sia dal punto di vista organizzativo che da quello artistico\u201d.<\/p>\n<p>&nbsp;<\/p>\n<p>\u201cINTEGR-ARTI\u201d 18 &#8211; 20 marzo 2024<br \/>\nProgramma<\/p>\n<p>Luned\u00ec 18 marzo 2024<\/p>\n<p>Ore 15:30 COMUNE DI CASALVECCHIO SICULO<br \/>\nACCOGLIENZA<br \/>\nConsegna badge e materiale informativo su INTEGR-ARTI, cartella stampa, cartolina QR CODE con info sulla manifestazione.<\/p>\n<p>Ore 16:00 &#8211; AFFACCIO CHIESA DI SANT\u2019ONOFRIO *<br \/>\nPHOTOCALL<br \/>\nGli ospiti si raccontano. Interviste, foto su sfondi del festival, pillole da INTEGR-ARTI.<\/p>\n<p>Ore 16:30 &#8211; CHIESA DI SANT&#8217;ONOFRIO<br \/>\nSessione di avvio: &#8220;Illustrazione del progetto CIRCE e della sezione INTEGR &#8211; ARTI&#8221;<br \/>\nIntroduce e modera:<br \/>\nDott. Giuseppe Ministeri, DAF Project<br \/>\nSaluti:<br \/>\nDott. Marco Antonio Saetti, sindaco di Casalvecchio Siculo<br \/>\nDott. Davide Paratore, sindaco di Antillo<br \/>\nDott. Filippo Ricciardi, sindaco di Limina<br \/>\nApre i lavori:<br \/>\nProf.ssa Francesca Sabatini, project manager progetto CIRCE<br \/>\nRelatori (in ordine alfabetico):<br \/>\nDott. Francesco Agnello, Sindaco Comune di Villafrati (PA)<br \/>\nProf. Calabr\u00f2 Francesco, docente Universit\u00e0 degli Studi di Reggio Calabria<br \/>\nProf. Filippo Grasso, docente di scienze del turismo, Universit\u00e0 degli studi di Messina, coordinatore e responsabile nazionale del dipartimento turismo lento e sostenibile dell&#8217;Aics borghi d&#8217;Italia<br \/>\nDott. Carmelo Lembo, Associazione Bios<br \/>\nAntonio Licciardo, Sindaco di Assoro (EN)<br \/>\nProf. Marco Platania, docente di economia del turismo, Universit\u00e0 degli Studi di Catania, e Visiting Research Fellow presso l\u2019Universit\u00e0 di Winchester (UK)<br \/>\nProf. Nino Sulfaro, docente Universit\u00e0 degli Studi di Reggio Calabria<br \/>\nProf. Dario Tomasello, docente di storia della Performance e del Teatro e Culture dell&#8217;Italia contemporanea, coordinatore DAMS &#8211; Universit\u00e0 degli Studi di Messina<br \/>\nProf.ssa Fulvia Toscano, docente, Assessore Comune Giardini Naxos e Direttore Naxos Legge<br \/>\nProf.ssa Katia Trifir\u00f2, docente di Disciplina dello Spettacolo, Universit\u00e0 degli Studi di Messina<\/p>\n<p>Ore 19:00 CHIESA DI SANT&#8217;ONOFRIO<br \/>\nPERFORMANCE TEATRALE<br \/>\ndi e con GASPARE BALSAMO<\/p>\n<p>Marted\u00ec 19 marzo 2024<br \/>\nOre 09:45<br \/>\nABBAZIA SS. PIETRO E PAOLO<br \/>\nPRESENTAZIONE E ANTEPRIMA<br \/>\nPresentazione guidata dell\u2019Abbazia e anteprima del Museo multimediale.<\/p>\n<p>Ore 11:00 \u2013 ABBAZIA SS. PIETRO E PAOLO *<br \/>\nPHOTOCALL<br \/>\nGli ospiti si raccontano. Interviste, foto su sfondi del festival, pillole da INTEGR-ARTI.<\/p>\n<p>Ore 12:00: ABBAZIA SS. PIETRO E PAOLO<br \/>\nPERFORMANCE TEATRO DANZA<br \/>\ndi e con SARAH LANZA\/COLLETTIVO SPAZIO 22<\/p>\n<p>Ore 14:45: MUSEO MULTIMEDIALE<br \/>\nTAVOLA ROTONDA: &#8220;Esperienze e buone pratiche di Residenza a confronto&#8221;<br \/>\nTemi: Presentazione e racconto di esperienze di Residenze da Milano a Palermo. Con quali attori e stakeholder le residenze artistiche dovrebbero collaborare oggi per ridefinire il significato dei luoghi? Relazione residenze e ricadute sul territorio, esperienze a confronto: i casi di Residenza \u201cIl tuo nome \u00e8 donna\u201d a cura di Daf Project, Pim Off MIlano, rete umbra CURA, Kilowatt Festival, Spazio Franco.<br \/>\nIntroduce e modera:<br \/>\nAngelo Campolo, DAF Project<br \/>\nApre i lavori:<br \/>\nProf.ssa Katia Trifir\u00f2, docente di Disciplina dello Spettacolo, Universit\u00e0 degli Studi di Messina<br \/>\nIntervengono:<br \/>\nAntonella Miggiano, Project manager (PIM OFF)<br \/>\nBianca Frasso, Promozione e relazioni con il territorio (PIM OFF)<br \/>\nPer C.U.R.A. Centro Umbro Residenze Artistiche:<br \/>\nMariella Nanni, Coordinamento Centro di Residenza<br \/>\nElisabetta Pergolari, Programmazione musicale ZUT\/C.U.R.A.<br \/>\nChiara Sabatini, Organizzazione La MaMa\/C.U.R.A.<br \/>\nLucia Franchi, co-direttrice Kilowatt Festival \u2013 Sansepolcro (Arezzo)<br \/>\nLaura Gullotta, Scenario Pubblico \/ Compagnia Zappal\u00e0 danza &#8211; Centro di Rilevante Interesse nazionale per la Danza (Catania)<br \/>\nSalvatore Benintende, referente Spazio Franco (Palermo)<br \/>\nOre 17:00: CHIUSURA LAVORI<\/p>\n<p>Mercoled\u00ec 20 marzo 2024<br \/>\nOre 10:00: PIAZZA MUNICIPIO *<br \/>\nPHOTOCALL<br \/>\nGli ospiti si raccontano. Interviste, foto su sfondi del festival, pillole da INTEGR-ARTI.<\/p>\n<p>Ore 10:30: CHIESA DI SANT&#8217;ONOFRIO<br \/>\nTAVOLA ROTONDA: &#8220;Residenza vs Turismo?&#8221;<br \/>\nTemi: Quali sono le caratteristiche necessarie per le nuove residenze d&#8217;artista? A quali esigenze (e di chi) dovrebbero rispondere? Che relazione oggi e in Sicilia tra Residenze e Turismo?<br \/>\nRelatori (in ordine alfabetico):<br \/>\nProf.ssa Domenica Farinella, docente Associata di sociologia dei processi economici e del lavoro, Universit\u00e0 di Messina<br \/>\nProf. Fabrizio Ferreri, Assegnista di ricerca, Dipartimento di Scienze Sociali, Universit\u00e0 di Catania<br \/>\nGiuseppe Lana, Artista<br \/>\nProf.ssa Monica Musolino, Ricercatrice, Universit\u00e0 di Messina<br \/>\nCettina Sciacca, Direttore artistico Teatro Val d\u2019Agr\u00f2<br \/>\nProf. Pier Paolo Zampieri, docente Associato di Sociologia dell\u2019ambiente e del territorio, Universit\u00e0 di Messina<\/p>\n<p>Ore 12:00 CHIESA DI SANT&#8217;ONOFRIO<br \/>\nPERFORMANCE TEATRO CANZONE<br \/>\ndi e con CARLO BARBERA<\/p>\n<p>Ore 12:30: CHIESA DI SANT&#8217;ONOFRIO<br \/>\nCHIUSURA INTEGR-ARTI<br \/>\nRelazione finale sulla tre giorni a cura di Angelo Campolo e Giuseppe Ministeri, DAF Project<br \/>\n&#8211; Ufficio base dello staff INTEGR-ARTI presso il Comune di Casalvecchio Siculo<br \/>\n&#8211; Transfert previsti da \/ per Stazione FS di Santa Teresa di Riva<br \/>\n&#8211; Tutti gli eventi saranno trasmessi in diretta streaming sulla pagina Facebook DAF Project<br \/>\n&#8211; Il \u201cservizio colazione\u201d nei giorni 19 e 20 marzo sar\u00e0 svolto presso il bar Sikania<br \/>\n* Nel caso in cui le condizioni meteo non consentissero di stare all\u2019aperto, ci si sposter\u00e0 in un ambiente interno.<\/p>\n","protected":false},"excerpt":{"rendered":"<p>Il progetto, di DAF Project, vede coinvolti anche i comuni di Limina e Antillo ed \u00e8 finanziato dal PNRR &#8211; Next Generation EU. Giuseppe Ministeri, Direttore Generale DAF: \u201cPromuoviamo un<\/p>\n<div><a class=\"permalink\" href=\"https:\/\/www.radioempire.it\/index.php\/2024\/03\/15\/al-via-integr-arti-dal-18-al-20-marzo-a-casalvecchio-siculo-me-tre-giorni-dedicati-a-workshop-tavole-rotonde-e-performance-sul-ruolo-delle-residenze-artistiche-nella-rigenerazi\/\">Read More&#8230;<\/a><\/div>\n","protected":false},"author":2,"featured_media":49838,"comment_status":"closed","ping_status":"closed","sticky":false,"template":"","format":"standard","meta":[],"categories":[3,36],"tags":[],"_links":{"self":[{"href":"https:\/\/www.radioempire.it\/index.php\/wp-json\/wp\/v2\/posts\/49837"}],"collection":[{"href":"https:\/\/www.radioempire.it\/index.php\/wp-json\/wp\/v2\/posts"}],"about":[{"href":"https:\/\/www.radioempire.it\/index.php\/wp-json\/wp\/v2\/types\/post"}],"author":[{"embeddable":true,"href":"https:\/\/www.radioempire.it\/index.php\/wp-json\/wp\/v2\/users\/2"}],"replies":[{"embeddable":true,"href":"https:\/\/www.radioempire.it\/index.php\/wp-json\/wp\/v2\/comments?post=49837"}],"version-history":[{"count":1,"href":"https:\/\/www.radioempire.it\/index.php\/wp-json\/wp\/v2\/posts\/49837\/revisions"}],"predecessor-version":[{"id":49840,"href":"https:\/\/www.radioempire.it\/index.php\/wp-json\/wp\/v2\/posts\/49837\/revisions\/49840"}],"wp:featuredmedia":[{"embeddable":true,"href":"https:\/\/www.radioempire.it\/index.php\/wp-json\/wp\/v2\/media\/49838"}],"wp:attachment":[{"href":"https:\/\/www.radioempire.it\/index.php\/wp-json\/wp\/v2\/media?parent=49837"}],"wp:term":[{"taxonomy":"category","embeddable":true,"href":"https:\/\/www.radioempire.it\/index.php\/wp-json\/wp\/v2\/categories?post=49837"},{"taxonomy":"post_tag","embeddable":true,"href":"https:\/\/www.radioempire.it\/index.php\/wp-json\/wp\/v2\/tags?post=49837"}],"curies":[{"name":"wp","href":"https:\/\/api.w.org\/{rel}","templated":true}]}}