{"id":49996,"date":"2024-03-29T18:49:24","date_gmt":"2024-03-29T18:49:24","guid":{"rendered":"https:\/\/www.radioempire.it\/?p=49996"},"modified":"2024-03-29T18:49:24","modified_gmt":"2024-03-29T18:49:24","slug":"il-coro-lirico-siciliano-e-la-norma-di-bellini-nei-migliori-teatri-dopera-di-spagna-e-francia","status":"publish","type":"post","link":"https:\/\/www.radioempire.it\/index.php\/2024\/03\/29\/il-coro-lirico-siciliano-e-la-norma-di-bellini-nei-migliori-teatri-dopera-di-spagna-e-francia\/","title":{"rendered":"\u201cIL CORO LIRICO SICILIANO E LA NORMA DI BELLINI NEI MIGLIORI TEATRI D\u2019OPERA DI SPAGNA E FRANCIA\u201d"},"content":{"rendered":"<p>Dalla Francia alla Spagna, attraverso i maggiori Teatri di Teulada, Ribaroja, Cartagena, Gand\u00eda, Torrent, Miramas, Clermont, Logro\u00f1o, M\u00e9rignac, Santurce, Zaragoza, Valencia, Lorca, C\u00e1diz, Massy, il <strong>Coro Lirico Siciliano<\/strong> far\u00e0 risplendere le magnifiche arie della <strong>Norma<\/strong>, capolavoro del compositore catanese <strong>Vincenzo Bellini<\/strong>, su libretto di <strong>Felice Romani<\/strong>.<\/p>\n<p>Uno straordinario \u201c<strong>Tour Europeo<\/strong>\u201d che dal <strong>30 marzo <\/strong>al <strong>28 aprile 2024<\/strong> confermer\u00e0 la vocazione internazionale del pluripremiato Coro, reduce da un ampio ventaglio di successi collezionati nella Cina millenaria.<\/p>\n<p>La tragedia lirica in due atti, che debutt\u00f2 con successo nel 1831 al Teatro alla Scala di Milano, fu definita uno dei pi\u00f9 alti esempi della tradizione del belcanto. Basti pensare alla famosa cavatina \u201cCasta Diva\u201d, divenuta simbolo dell\u2019opera, e immortalata dalla \u201cDiva\u201d per eccellenza Maria Callas. La trama ha come sfondo la Gallia occupata dai romani in cui s\u2019intreccia la dolorosa vicenda amorosa di Norma, sacerdotessa e figlia del capo dei Druidi Oroveso, con il proconsole romano Pollione.<\/p>\n<p>Oggi, questo intramontabile capolavoro in due atti, si presenta nella sontuosa produzione di <strong>Opera 2001<\/strong>, con la direzione artistica di <strong>Luis Miguel Lainz<\/strong> e artisti provenienti da tutto il mondo. Nel ruolo della protagonista vedremo Chrystelle <strong>DI MARCO<\/strong> e Yeonjoo <strong>PARK<\/strong>, mentre i tenori Jean Fran\u00e7ois <strong>MARRAS<\/strong> e Haruo <strong>KAWAKAMI<\/strong> saranno il proconsole romano Pollione. Negli altri ruoli vedremo Viacheslav <strong>STRELKOV<\/strong> interpretare il capo dei Druidi Oroveso; Rachele <strong>RAGGIOTTI<\/strong> e Olympia <strong>HETHERINGTON <\/strong>saranno Adalgisa, un\u2019altra sacerdotessa sedotta da Pollione; Leonora <strong>ILIEVA<\/strong> sar\u00e0 Clotilde un\u2019amica di Norma e il tenore Alberto <strong>Munaf\u00f2<\/strong> ricoprir\u00e0 il ruolo di Flavio. Solisti e Orchestra della <strong>Compagnia Lirica OPERA 2001<\/strong> e <strong>Coro Lirico Siciliano<\/strong> che con le sue corposit\u00e0 sonore dar\u00e0 un tocco in pi\u00f9 alla prestigioso capolavoro.<\/p>\n<p>Il <strong>Coro Lirico Siciliano<\/strong>, diretto dal maestro <strong>Francesco Costa<\/strong> e presieduto dal baritenore <strong>Alberto Maria Munaf\u00f2<\/strong>, \u00e8 stato tra i primi cori al mondo a partecipare a tour operistici internazionali.\u00a0 Il Coro, sin dalla sua fondazione avvenuta nel 2008, ha collezionato successi e prestigiosi riconoscimenti, calcando le scene dei maggiori Teatri ed esibendosi di fronte ad eminenti personalit\u00e0 come <strong>Papa Benedetto XVI<\/strong>. Oggi \u00e8 considerato un punto di riferimento nel panorama musicale nazionale ed internazionale, ed \u00e8 stato insignito dell\u2019<strong>International Opera Awards \u2013 Oscar della Lirica<\/strong>.<\/p>\n<p>&nbsp;<\/p>\n","protected":false},"excerpt":{"rendered":"<p>Dalla Francia alla Spagna, attraverso i maggiori Teatri di Teulada, Ribaroja, Cartagena, Gand\u00eda, Torrent, Miramas, Clermont, Logro\u00f1o, M\u00e9rignac, Santurce, Zaragoza, Valencia, Lorca, C\u00e1diz, Massy, il Coro Lirico Siciliano far\u00e0 risplendere<\/p>\n<div><a class=\"permalink\" href=\"https:\/\/www.radioempire.it\/index.php\/2024\/03\/29\/il-coro-lirico-siciliano-e-la-norma-di-bellini-nei-migliori-teatri-dopera-di-spagna-e-francia\/\">Read More&#8230;<\/a><\/div>\n","protected":false},"author":2,"featured_media":49997,"comment_status":"closed","ping_status":"closed","sticky":false,"template":"","format":"standard","meta":[],"categories":[36,78],"tags":[],"_links":{"self":[{"href":"https:\/\/www.radioempire.it\/index.php\/wp-json\/wp\/v2\/posts\/49996"}],"collection":[{"href":"https:\/\/www.radioempire.it\/index.php\/wp-json\/wp\/v2\/posts"}],"about":[{"href":"https:\/\/www.radioempire.it\/index.php\/wp-json\/wp\/v2\/types\/post"}],"author":[{"embeddable":true,"href":"https:\/\/www.radioempire.it\/index.php\/wp-json\/wp\/v2\/users\/2"}],"replies":[{"embeddable":true,"href":"https:\/\/www.radioempire.it\/index.php\/wp-json\/wp\/v2\/comments?post=49996"}],"version-history":[{"count":1,"href":"https:\/\/www.radioempire.it\/index.php\/wp-json\/wp\/v2\/posts\/49996\/revisions"}],"predecessor-version":[{"id":49998,"href":"https:\/\/www.radioempire.it\/index.php\/wp-json\/wp\/v2\/posts\/49996\/revisions\/49998"}],"wp:featuredmedia":[{"embeddable":true,"href":"https:\/\/www.radioempire.it\/index.php\/wp-json\/wp\/v2\/media\/49997"}],"wp:attachment":[{"href":"https:\/\/www.radioempire.it\/index.php\/wp-json\/wp\/v2\/media?parent=49996"}],"wp:term":[{"taxonomy":"category","embeddable":true,"href":"https:\/\/www.radioempire.it\/index.php\/wp-json\/wp\/v2\/categories?post=49996"},{"taxonomy":"post_tag","embeddable":true,"href":"https:\/\/www.radioempire.it\/index.php\/wp-json\/wp\/v2\/tags?post=49996"}],"curies":[{"name":"wp","href":"https:\/\/api.w.org\/{rel}","templated":true}]}}