{"id":50023,"date":"2024-04-02T13:44:15","date_gmt":"2024-04-02T13:44:15","guid":{"rendered":"https:\/\/www.radioempire.it\/?p=50023"},"modified":"2024-04-02T13:44:15","modified_gmt":"2024-04-02T13:44:15","slug":"lampedusamore-premio-giornalistico-internazionale-cristiana-matano-2","status":"publish","type":"post","link":"https:\/\/www.radioempire.it\/index.php\/2024\/04\/02\/lampedusamore-premio-giornalistico-internazionale-cristiana-matano-2\/","title":{"rendered":"LAMPEDUS\u2019AMORE  PREMIO GIORNALISTICO INTERNAZIONALE CRISTIANA MATANO"},"content":{"rendered":"<p><strong>Da domani a Lampedusa il corso di formazione giornalistica per le scuole<\/strong><\/p>\n<p><strong>\u00a0<\/strong>Con il progetto di formazione giornalistica, in programma da domani 3 aprile al 5, si apre ufficialmente \u201cLampedus\u2019Amore \u2013 Premio giornalistico internazionale Cristiana Matano\u201d 2024, la cui nona edizione si terr\u00e0 a Lampedusa dal 6 all\u20198 luglio.<\/p>\n<p>Avviato nel 2016 dall\u2019Associazione Occhiblu ETS. in sinergia con il corpo docente, il progetto si propone di introdurre gli studenti al mondo dell\u2019informazione e oggi si avvale della collaborazione con l\u2019Ufficio Scolastico Regionale, Amnesty International, l\u2019Ordine dei Giornalisti, la Federazione Nazionale della Stampa, l\u2019Universit\u00e0 Kore di Enna e il Parlamento Europeo. La tre giorni sar\u00e0 tenuta dai giornalisti professionisti Marina Turco e Filippo Mul\u00e8, con il contributo, in presenza o a distanza, di vari istituti scolastici siciliani e di alcune personalit\u00e0 delle istituzioni, della cultura e del giornalismo. Da remoto interverranno Giuseppe Pierro, direttore dell&#8217;Ufficio Scolastico regionale, e Alberto D&#8217;Argenzio dell&#8217;ufficio stampa del Parlamento Europeo a Roma, mentre sar\u00e0 presente\u00a0 l&#8217;avvocata Chiara Di Maria, responsabile di Amnesty Sicilia. Verranno trattate tematiche quali il concetto della notizia e l\u2019importanza di una corretta informazione, le insidie delle\u00a0<em>fake news<\/em>, il linguaggio del web e i new media, i fenomeni migratori che sono spesso il risultato di disuguaglianze, il mondo al bivio tra guerre e sfide elettorali, l\u2019importanza delle istituzioni europee in tema di pace.<\/p>\n<p>Al termine del corso gli studenti, con l&#8217;ausilio dei propri insegnanti, procederanno alla stesura di un articolo di circa 30 righe o alla realizzazione di un audio-video sui temi affrontati durante il seminario. Gli elaborati saranno valutati dai docenti e dai giornalisti curatori del progetto: i migliori saranno premiati durante la serata dell&#8217;8 luglio che concluder\u00e0 la nona edizione di Lampedus\u2019Amore-Premio giornalistico internazionale Cristiana Matano.<\/p>\n<p>&nbsp;<\/p>\n<p>\u201cQuest&#8217;anno \u2013 spiega il presidente dell\u2019Associazione Occhiblu,\u00a0<strong>Filippo Mul\u00e8<\/strong>\u00a0&#8211; \u00e8 stato firmato un protocollo d&#8217;intesa triennale con l&#8217;Ufficio Scolastico Regionale, che ci affianca in questa iniziativa adesso aperta non solo agli istituti lampedusani: primo ad aderire l&#8217;Istituto di istruzione superiore Verona-Trento di Messina, che si collegher\u00e0 da remoto in video-conferenza. In tal modo il progetto, uno degli appuntamenti pi\u00f9 rilevanti della nostra manifestazione, ha l\u2019opportunit\u00e0 di diffondersi e radicarsi sul territorio\u201d.<\/p>\n<p><strong>\u00a0<\/strong><\/p>\n<p><strong>Il dettaglio del programma<\/strong><\/p>\n<p><strong>3 aprile 2024, ore 9,30-11,30<\/strong><\/p>\n<p><u>Il giornalismo, il concetto di notizia e l\u2019importanza di una corretta informazione<\/u><\/p>\n<p>L\u2019importanza dell&#8217;informazione in un sistema democratico e i principi fondamentali. Gli articoli della Costituzione Italiana cui si ispira la pratica della professione giornalistica, il rispetto della deontologia e le insidie della modernit\u00e0:\u00a0<em>fake news<\/em>, disinformazione, intelligenza artificiale, eccessi sui social network. Una riflessione sar\u00e0 dedicata ai giornalisti uccisi, arrestati o torturati per avere difeso la verit\u00e0 e contrastato i poteri e la malavita.<\/p>\n<p><strong>4 aprile 2024, ore 9,30-11,30<\/strong><\/p>\n<p><u>Dalle guerre alle elezioni, sognando la pace: il mondo al bivio tra paure e speranze<\/u><\/p>\n<p>La tematica del secondo incontro verter\u00e0 sull\u2019instabilit\u00e0 degli equilibri mondiali di pace, sui conflitti al momento in atto e sull\u2019attesa delle elezioni del Parlamento Europeo (giugno) e delle elezioni Presidenziali negli Usa (novembre). L\u2019incontro toccher\u00e0 anche i temi dei flussi migratori, l\u2019emergenza climatica e la crisi del Canale di Suez, con gravi conseguenze sul traffico delle merci e sull\u2019inflazione, che rischiano di stravolgere la storia di un mondo che \u00e8 al bivio.<\/p>\n<p><strong>5 aprile 2024, ore 9,30-11,30<\/strong><\/p>\n<p><u>I gesti e le parole di odio, la violenza di genere: aspetti, rappresentazioni e linguaggi<\/u><\/p>\n<p>Nel 2011 \u00e8 stata approvata dal Consiglio d\u2019Europa la cosiddetta Convenzione di Istanbul, un trattato che ha come obiettivo quello di rendere intollerabile la violenza di genere e proteggere le vittime. L\u2019argomento \u00e8 uno dei pi\u00f9 delicati e dibattuti nella societ\u00e0 moderna, essendo tale violenza multiforme: fisica, psicologica, economica e verbale. L\u2019incontro, pertanto, avr\u00e0 come tema principale l\u2019importanza di un linguaggio rispettoso e cosciente, privo di stereotipi e pregiudizi.<\/p>\n<p>In attesa di conoscere le novit\u00e0 della nona edizione, continuano\u00a0ad arrivare \u2013\u00a0perfino dall\u2019Iraq &#8211;\u00a0le domande di partecipazione al Premio giornalistico (bando\u00a0e informazioni su\u00a0<a href=\"http:\/\/www.occhibluonlus.com\/\">www.occhibluonlus.com<\/a>):\u00a0per candidarsi c&#8217;\u00e8 tempo fino al 30 aprile.<\/p>\n<p>&nbsp;<\/p>\n<p><strong>Palermo, 2 aprile 2024<\/strong><\/p>\n<p><strong>L\u2019ufficio stampa<\/strong><\/p>\n<p><strong>Antonella Filippi \u2013 339.4242177<\/strong><\/p>\n","protected":false},"excerpt":{"rendered":"<p>Da domani a Lampedusa il corso di formazione giornalistica per le scuole \u00a0Con il progetto di formazione giornalistica, in programma da domani 3 aprile al 5, si apre ufficialmente \u201cLampedus\u2019Amore<\/p>\n<div><a class=\"permalink\" href=\"https:\/\/www.radioempire.it\/index.php\/2024\/04\/02\/lampedusamore-premio-giornalistico-internazionale-cristiana-matano-2\/\">Read More&#8230;<\/a><\/div>\n","protected":false},"author":2,"featured_media":50024,"comment_status":"closed","ping_status":"closed","sticky":false,"template":"","format":"standard","meta":[],"categories":[36,78],"tags":[],"_links":{"self":[{"href":"https:\/\/www.radioempire.it\/index.php\/wp-json\/wp\/v2\/posts\/50023"}],"collection":[{"href":"https:\/\/www.radioempire.it\/index.php\/wp-json\/wp\/v2\/posts"}],"about":[{"href":"https:\/\/www.radioempire.it\/index.php\/wp-json\/wp\/v2\/types\/post"}],"author":[{"embeddable":true,"href":"https:\/\/www.radioempire.it\/index.php\/wp-json\/wp\/v2\/users\/2"}],"replies":[{"embeddable":true,"href":"https:\/\/www.radioempire.it\/index.php\/wp-json\/wp\/v2\/comments?post=50023"}],"version-history":[{"count":1,"href":"https:\/\/www.radioempire.it\/index.php\/wp-json\/wp\/v2\/posts\/50023\/revisions"}],"predecessor-version":[{"id":50025,"href":"https:\/\/www.radioempire.it\/index.php\/wp-json\/wp\/v2\/posts\/50023\/revisions\/50025"}],"wp:featuredmedia":[{"embeddable":true,"href":"https:\/\/www.radioempire.it\/index.php\/wp-json\/wp\/v2\/media\/50024"}],"wp:attachment":[{"href":"https:\/\/www.radioempire.it\/index.php\/wp-json\/wp\/v2\/media?parent=50023"}],"wp:term":[{"taxonomy":"category","embeddable":true,"href":"https:\/\/www.radioempire.it\/index.php\/wp-json\/wp\/v2\/categories?post=50023"},{"taxonomy":"post_tag","embeddable":true,"href":"https:\/\/www.radioempire.it\/index.php\/wp-json\/wp\/v2\/tags?post=50023"}],"curies":[{"name":"wp","href":"https:\/\/api.w.org\/{rel}","templated":true}]}}