{"id":50111,"date":"2024-04-09T17:33:40","date_gmt":"2024-04-09T17:33:40","guid":{"rendered":"https:\/\/www.radioempire.it\/?p=50111"},"modified":"2024-04-09T17:37:37","modified_gmt":"2024-04-09T17:37:37","slug":"medaglia-doro-per-letna-rosato-sensi-di-cantine-patria-al-prestigioso-concorso-mondial-de-bruxelles","status":"publish","type":"post","link":"https:\/\/www.radioempire.it\/index.php\/2024\/04\/09\/medaglia-doro-per-letna-rosato-sensi-di-cantine-patria-al-prestigioso-concorso-mondial-de-bruxelles\/","title":{"rendered":"Medaglia d\u2019Oro per l\u2019Etna Rosato Sensi\u00a0di Cantine Patria al prestigioso \u2018Concorso Mondial de Bruxelles\u2019."},"content":{"rendered":"<p>Prestigioso riconoscimento al <b>\u2018Concorso <\/b><b>Mondial de Bruxelles\u2019<\/b>, competizione vitivinicola tra le pi\u00f9 prestigiose al mondo,\u00a0per l\u2019<b>Etna Rosato <i>Sensi<\/i>\u00a02023<\/b>, Etna Doc. L\u2019etichetta di <b>Cantine Patria<\/b>\u00a0ha infatti conquistato, nell\u2019ultima edizione, quest\u2019anno svoltasi in Croazia, l\u2019ambita Medaglia d\u2019Oro nella sezione \u2018Vini Ros\u00e8\u2019, che ha visto gareggiare oltre 1200 etichette provenienti da 32 paesi. Il Concorso Mondial de Bruxelles, giunto alla<b>\u00a0<\/b>trentunesima edizione, premia i migliori vini e individua le tendenze del mercato. Tutti i vini vengono degustati alla cieca da qualificate commissioni composte da esperti del settore, tra buyer, giornalisti ed enologi.<\/p>\n<p>L\u2019Etna Rosato \u2018Sensi\u2019, con la sua etichetta d\u2019arte dell\u2019artista etneo Salvatore Incorpora, \u00e8 un vino ros\u00e8 che nasce sul versante Nord dell\u2019Etna, in un terroir eccezionale per l&#8217;agricoltura vitivinicola, a 700 metri di altitudine, in Contrada Pontale Palino, a Rovittello, prodotto al 100% con uva Nerello Mascalese. Dopo aver svolto una fermentazione alcolica in assenza di vinacce con lieviti selezionati in tini di acciaio per circa 15 giorni ad una temperatura controllata di 16\/18 \u00b0C per circa 15 giorni, affina in silos di acciaio inox per 1 mese ed in bottiglia per almeno 2 mesi. Il vino, un rosa cerasuolo trasparente e brillante, si dimostra intenso al naso, con note floreali tipiche del territorio, come la ginestra ed il gelsomino, e note agrumate, con rimandi di spezie dolci. Al palato emerge con grande eleganza e freschezza, sapido e morbido. Un vino che trasmette la fierezza di un territorio unico, dove storia e bellezza si incontrano. \u201cSiamo davvero molto orgogliosi\u00a0di questo riconoscimento \u2013 dichiara Francesco Di Miceli, titolare di Cantine Patria \u2013 Avere ottenuto una medaglia d\u2019oro ad uno dei concorsi pi\u00f9 prestigiosi al mondo \u00e8 per noi motivo di grande gioia. Il nostro \u2018Sensi\u2019 \u00e8 un vino cento per cento Nerello mascalese, prodotto da una vigna giovane. Un<b>\u00a0<\/b>vino che si pu\u00f2 bere tutti i giorni\u00a0senza stancarsi mai. Questo premio celebra non solo l\u2019eccellenza del nostro vino, ma anche l\u2019impegno costante insieme al nostro team nella ricerca della qualit\u00e0 e nel rispetto del territorio. \u00c8 un progetto che parte da lontano e in cui abbiamo sempre creduto conoscendo le straordinarie potenzialit\u00e0 delle uve del Nerello mascalese per la produzione dei vini rosati. Io voglio per\u00f2 \u2013 conclude Di Miceli &#8211; fare un plauso a tutti i produttori etnei e agli eccezionali vini che provengono da questo meraviglioso territorio\u201d.<\/p>\n<p><img loading=\"lazy\" class=\"size-medium wp-image-50113 alignleft\" src=\"https:\/\/www.radioempire.it\/wp-content\/uploads\/2024\/04\/Cantine-Patria-300x225.jpg\" alt=\"\" width=\"300\" height=\"225\" srcset=\"https:\/\/www.radioempire.it\/wp-content\/uploads\/2024\/04\/Cantine-Patria-300x225.jpg 300w, https:\/\/www.radioempire.it\/wp-content\/uploads\/2024\/04\/Cantine-Patria-1024x768.jpg 1024w, https:\/\/www.radioempire.it\/wp-content\/uploads\/2024\/04\/Cantine-Patria-768x576.jpg 768w, https:\/\/www.radioempire.it\/wp-content\/uploads\/2024\/04\/Cantine-Patria-1536x1152.jpg 1536w, https:\/\/www.radioempire.it\/wp-content\/uploads\/2024\/04\/Cantine-Patria.jpg 1600w\" sizes=\"(max-width: 300px) 100vw, 300px\" \/><\/p>\n<p>Le Cantine Patria prendono il nome dalla contrada Patr\u00eca, presso Monreale, dove la famiglia Di Miceli acquist\u00f2 un feudo nel lontano 1950. Molti anni pi\u00f9 tardi, nel 1992, Francesco Di Miceli, forte della sua esperienza da agronomo ed enologo, rilev\u00f2 la storica cantina vitivinicola \u2018Torrepalino\u2019, nata nel 1971 con sede a Solicchiata, nel comune di Castiglione di Sicilia, sul versante Nord dell\u2019Etna. Di Miceli successivamente decise la modifica del nome trasferendo l\u2019eredit\u00e0 della cantina di contrada Patr\u00eca a Monreale. Al suo fianco oggi il figlio Bernardo Di Miceli, che segue con passione la tradizione di famiglia. Aperta ad innovazioni e sperimentazioni, la cantina punta all&#8217;eccellenza dei suoi prodotti partendo dai vigneti.<\/p>\n<p>Anche quest\u2019anno Cantine Patria sar\u00e0 presente al Vinitaly, dal 14 al 17 aprile, presso il Padiglione Sicilia del Salone Internazionale di Verona. \u201cNon potevamo mancare ad uno degli appuntamenti pi\u00f9 importanti per i produttori di vino \u2013 spiega Bernardo Di Miceli, titolare dell\u2019azienda \u2013 \u00c8 un\u2019occasione unica per presentare a operatori e appassionati i nostri vini e le nuove annate, frutto di un lavoro appassionato e di una costante ricerca della qualit\u00e0\u201d.<\/p>\n<p><strong>U.S. Maria Bella<\/strong><\/p>\n<p><strong>3284176181<\/strong><\/p>\n<p><strong>Tessera Odg N\u00b0 073783<\/strong><\/p>\n<p>&nbsp;<\/p>\n","protected":false},"excerpt":{"rendered":"<p>Prestigioso riconoscimento al \u2018Concorso Mondial de Bruxelles\u2019, competizione vitivinicola tra le pi\u00f9 prestigiose al mondo,\u00a0per l\u2019Etna Rosato Sensi\u00a02023, Etna Doc. L\u2019etichetta di Cantine Patria\u00a0ha infatti conquistato, nell\u2019ultima edizione, quest\u2019anno svoltasi<\/p>\n<div><a class=\"permalink\" href=\"https:\/\/www.radioempire.it\/index.php\/2024\/04\/09\/medaglia-doro-per-letna-rosato-sensi-di-cantine-patria-al-prestigioso-concorso-mondial-de-bruxelles\/\">Read More&#8230;<\/a><\/div>\n","protected":false},"author":2,"featured_media":50112,"comment_status":"closed","ping_status":"closed","sticky":false,"template":"","format":"standard","meta":[],"categories":[3,36],"tags":[],"_links":{"self":[{"href":"https:\/\/www.radioempire.it\/index.php\/wp-json\/wp\/v2\/posts\/50111"}],"collection":[{"href":"https:\/\/www.radioempire.it\/index.php\/wp-json\/wp\/v2\/posts"}],"about":[{"href":"https:\/\/www.radioempire.it\/index.php\/wp-json\/wp\/v2\/types\/post"}],"author":[{"embeddable":true,"href":"https:\/\/www.radioempire.it\/index.php\/wp-json\/wp\/v2\/users\/2"}],"replies":[{"embeddable":true,"href":"https:\/\/www.radioempire.it\/index.php\/wp-json\/wp\/v2\/comments?post=50111"}],"version-history":[{"count":1,"href":"https:\/\/www.radioempire.it\/index.php\/wp-json\/wp\/v2\/posts\/50111\/revisions"}],"predecessor-version":[{"id":50114,"href":"https:\/\/www.radioempire.it\/index.php\/wp-json\/wp\/v2\/posts\/50111\/revisions\/50114"}],"wp:featuredmedia":[{"embeddable":true,"href":"https:\/\/www.radioempire.it\/index.php\/wp-json\/wp\/v2\/media\/50112"}],"wp:attachment":[{"href":"https:\/\/www.radioempire.it\/index.php\/wp-json\/wp\/v2\/media?parent=50111"}],"wp:term":[{"taxonomy":"category","embeddable":true,"href":"https:\/\/www.radioempire.it\/index.php\/wp-json\/wp\/v2\/categories?post=50111"},{"taxonomy":"post_tag","embeddable":true,"href":"https:\/\/www.radioempire.it\/index.php\/wp-json\/wp\/v2\/tags?post=50111"}],"curies":[{"name":"wp","href":"https:\/\/api.w.org\/{rel}","templated":true}]}}