{"id":50275,"date":"2024-04-18T17:47:41","date_gmt":"2024-04-18T17:47:41","guid":{"rendered":"https:\/\/www.radioempire.it\/?p=50275"},"modified":"2024-04-18T17:47:41","modified_gmt":"2024-04-18T17:47:41","slug":"viabilita-jonica-da-lunedi-prossimo-chiusura-al-transito-di-un-tratto-della-strada-provinciale-12-di-roccafiorita","status":"publish","type":"post","link":"https:\/\/www.radioempire.it\/index.php\/2024\/04\/18\/viabilita-jonica-da-lunedi-prossimo-chiusura-al-transito-di-un-tratto-della-strada-provinciale-12-di-roccafiorita\/","title":{"rendered":"Viabilit\u00e0 jonica, da luned\u00ec prossimo chiusura al transito di un tratto della strada provinciale 12 di Roccafiorita"},"content":{"rendered":"<p>L\u2019interdizione avr\u00e0 effetto dalle ore 21.00 del 22 aprile alle ore 9.00 del 23 aprile 2024 e interesser\u00e0 il tratto compreso tra il km. 21+000 e il km. 21+350<\/p>\n<p>La III Direzione &#8220;Viabilit\u00e0 Metropolitana&#8221; della Citt\u00e0 Metropolitana di Messina ha disposto la chiusura temporanea al transito e il divieto di sosta, dal km. 21+000 al km. 21+350, lungo la strada provinciale 12 di Roccafiorita.<br \/>\nL\u2019interdizione avr\u00e0 effetto dalle ore 21.00 del 22 aprile alle ore 9.00 del 23 aprile 2024.<br \/>\nL\u2019ordinanza \u00e8 stata emanata per consentire, in assoluta sicurezza, l\u2019esecuzione dei lavori di demolizione della campata n. 13 e della pila n. 12, nel territorio del Comune di S. Alessio Siculo, nell\u2019ambito dei lavori di rifacimento del ponte Agr\u00f2, sito al km. 35+100 della strada statale 114 \u201cOrientale Sicula\u201d.<br \/>\nLa viabilit\u00e0 alternativa, costituita dalla pista provvisoria in alveo del torrente Agr\u00f2, verr\u00e0 segnalata da apposita segnaletica verticale collocata dalla ditta esecutrice dei lavori.<br \/>\nIl controllo dell\u2019osservanza della prescrizioni \u00e8 demandata agli organi di Polizia Metropolitana, Polizia Municipale e a quanti altri spetti secondo la vigente legislazione.<\/p>\n<p><strong>Il Responsabile dell\u2019Ufficio Comunicazione Istituzionale<br \/>\nDott. Giuseppe Span\u00f2<\/p>\n<p>Il Responsabile del Servizio Gabinetto Istituzionale<br \/>\nGeom. G. Maggioloti<\/strong><\/p>\n","protected":false},"excerpt":{"rendered":"<p>L\u2019interdizione avr\u00e0 effetto dalle ore 21.00 del 22 aprile alle ore 9.00 del 23 aprile 2024 e interesser\u00e0 il tratto compreso tra il km. 21+000 e il km. 21+350 La<\/p>\n<div><a class=\"permalink\" href=\"https:\/\/www.radioempire.it\/index.php\/2024\/04\/18\/viabilita-jonica-da-lunedi-prossimo-chiusura-al-transito-di-un-tratto-della-strada-provinciale-12-di-roccafiorita\/\">Read More&#8230;<\/a><\/div>\n","protected":false},"author":2,"featured_media":50276,"comment_status":"closed","ping_status":"closed","sticky":false,"template":"","format":"standard","meta":[],"categories":[3,36],"tags":[],"_links":{"self":[{"href":"https:\/\/www.radioempire.it\/index.php\/wp-json\/wp\/v2\/posts\/50275"}],"collection":[{"href":"https:\/\/www.radioempire.it\/index.php\/wp-json\/wp\/v2\/posts"}],"about":[{"href":"https:\/\/www.radioempire.it\/index.php\/wp-json\/wp\/v2\/types\/post"}],"author":[{"embeddable":true,"href":"https:\/\/www.radioempire.it\/index.php\/wp-json\/wp\/v2\/users\/2"}],"replies":[{"embeddable":true,"href":"https:\/\/www.radioempire.it\/index.php\/wp-json\/wp\/v2\/comments?post=50275"}],"version-history":[{"count":1,"href":"https:\/\/www.radioempire.it\/index.php\/wp-json\/wp\/v2\/posts\/50275\/revisions"}],"predecessor-version":[{"id":50277,"href":"https:\/\/www.radioempire.it\/index.php\/wp-json\/wp\/v2\/posts\/50275\/revisions\/50277"}],"wp:featuredmedia":[{"embeddable":true,"href":"https:\/\/www.radioempire.it\/index.php\/wp-json\/wp\/v2\/media\/50276"}],"wp:attachment":[{"href":"https:\/\/www.radioempire.it\/index.php\/wp-json\/wp\/v2\/media?parent=50275"}],"wp:term":[{"taxonomy":"category","embeddable":true,"href":"https:\/\/www.radioempire.it\/index.php\/wp-json\/wp\/v2\/categories?post=50275"},{"taxonomy":"post_tag","embeddable":true,"href":"https:\/\/www.radioempire.it\/index.php\/wp-json\/wp\/v2\/tags?post=50275"}],"curies":[{"name":"wp","href":"https:\/\/api.w.org\/{rel}","templated":true}]}}