{"id":50286,"date":"2024-04-19T15:26:56","date_gmt":"2024-04-19T15:26:56","guid":{"rendered":"https:\/\/www.radioempire.it\/?p=50286"},"modified":"2024-04-19T15:26:56","modified_gmt":"2024-04-19T15:26:56","slug":"domenica-si-torna-a-pedalare-ad-antillo","status":"publish","type":"post","link":"https:\/\/www.radioempire.it\/index.php\/2024\/04\/19\/domenica-si-torna-a-pedalare-ad-antillo\/","title":{"rendered":"Domenica si torna a pedalare ad Antillo"},"content":{"rendered":"<p>E\u2019 fissato per domenica l\u2019appuntamento con la GranfondoEnerwolf, la gara di Antillo (ME) arrivata alla sua 22esima edizione. Si tratta della prova di mountain bike pi\u00f9 antica del calendario siciliano e complessivamente di tutto il Sud Italia, una classica che nel suo albo d\u2019oro vede scritti alcuni dei nomi pi\u00f9 importanti della storia della mountain bike isolana.<br \/>\nLo scorso anno due furono le edizioni della corsa disputate nel mese di Aprile la 20^ edizione, nel paese di Antillo, dove  vinsero Angelo Parisi e Maria F.Rigan\u00f2, a Ottobre, la 21^ edizione svoltasi a Forza d\u2019Agr\u00f2 ha visto il successo  di Giuseppe Barberi e Irene d\u2019Amuri.  Per la 22^ edizione quella del 21\/4 che si svolger\u00e0 ad Antillo il percorso \u00e8 stato rivisto, disegnato attraverso 43,4 km per un dislivello di 1.487 metri, impegnativo e divertente allo stesso tempo, capace di creare una notevole selezione ma che manterr\u00e0 la caratteristica di far vedere in alcuni passaggi il Mar Tirreno da una parte e lo Ionio dall\u2019altra. Confermato invece il tracciato per le categorie pi\u00f9 anziane e le donne, su 33,6 km per 950 metri.<br \/>\nLa corsa, che gode del patrocinio dello Csain ed \u00e8 valida quale terza prova del circuito Openspeed e come prima delle Regioni d\u2019Italia per il nucleo siciliano, prender\u00e0 il via dal Centro Sportivo Polivalente di Antillo, con partenza prevista alle ore 9:45. A fine gara premiazioni per i primi 3 assoluti e i primi 5 di categoria, le prime 3 societ\u00e0 e il vincitore del Gran Premio della Montagna. Il costo delle iscrizioni \u00e8 di 30 euro fino a gioved\u00ec per poi passare a 40 euro per il lungo weekend prima della gara. Il ritiro dei numeri potr\u00e0 essere effettuato domenica stessa alla verifica delle tessere.  dalle ore 7:30 alle 9:30<br \/>\n<strong>Per informazioni: AsdEnerwolf, enerwoolf@tiscali.it<\/strong><\/p>\n","protected":false},"excerpt":{"rendered":"<p>E\u2019 fissato per domenica l\u2019appuntamento con la GranfondoEnerwolf, la gara di Antillo (ME) arrivata alla sua 22esima edizione. Si tratta della prova di mountain bike pi\u00f9 antica del calendario siciliano<\/p>\n<div><a class=\"permalink\" href=\"https:\/\/www.radioempire.it\/index.php\/2024\/04\/19\/domenica-si-torna-a-pedalare-ad-antillo\/\">Read More&#8230;<\/a><\/div>\n","protected":false},"author":2,"featured_media":50288,"comment_status":"closed","ping_status":"closed","sticky":false,"template":"","format":"standard","meta":[],"categories":[3,36],"tags":[],"_links":{"self":[{"href":"https:\/\/www.radioempire.it\/index.php\/wp-json\/wp\/v2\/posts\/50286"}],"collection":[{"href":"https:\/\/www.radioempire.it\/index.php\/wp-json\/wp\/v2\/posts"}],"about":[{"href":"https:\/\/www.radioempire.it\/index.php\/wp-json\/wp\/v2\/types\/post"}],"author":[{"embeddable":true,"href":"https:\/\/www.radioempire.it\/index.php\/wp-json\/wp\/v2\/users\/2"}],"replies":[{"embeddable":true,"href":"https:\/\/www.radioempire.it\/index.php\/wp-json\/wp\/v2\/comments?post=50286"}],"version-history":[{"count":1,"href":"https:\/\/www.radioempire.it\/index.php\/wp-json\/wp\/v2\/posts\/50286\/revisions"}],"predecessor-version":[{"id":50289,"href":"https:\/\/www.radioempire.it\/index.php\/wp-json\/wp\/v2\/posts\/50286\/revisions\/50289"}],"wp:featuredmedia":[{"embeddable":true,"href":"https:\/\/www.radioempire.it\/index.php\/wp-json\/wp\/v2\/media\/50288"}],"wp:attachment":[{"href":"https:\/\/www.radioempire.it\/index.php\/wp-json\/wp\/v2\/media?parent=50286"}],"wp:term":[{"taxonomy":"category","embeddable":true,"href":"https:\/\/www.radioempire.it\/index.php\/wp-json\/wp\/v2\/categories?post=50286"},{"taxonomy":"post_tag","embeddable":true,"href":"https:\/\/www.radioempire.it\/index.php\/wp-json\/wp\/v2\/tags?post=50286"}],"curies":[{"name":"wp","href":"https:\/\/api.w.org\/{rel}","templated":true}]}}