{"id":50452,"date":"2024-05-06T13:25:14","date_gmt":"2024-05-06T13:25:14","guid":{"rendered":"https:\/\/www.radioempire.it\/?p=50452"},"modified":"2024-05-06T13:33:39","modified_gmt":"2024-05-06T13:33:39","slug":"estate-2024-al-parco-di-naxos","status":"publish","type":"post","link":"https:\/\/www.radioempire.it\/index.php\/2024\/05\/06\/estate-2024-al-parco-di-naxos\/","title":{"rendered":"ESTATE 2024 AL PARCO DI NAXOS"},"content":{"rendered":"<p><a href=\"https:\/\/www.youtube.com\/watch?si=xDmotFxYKAZctCiU&amp;v=LXaWm2azWdM&amp;feature=youtu.be\">Parco di Naxos, Rievocazione storica della fondazione di Naxos, 5 maggio 2024 &#8211; YouTube<\/a><\/p>\n<p><strong>Gli appuntamenti da maggio a settembre 2024<\/strong><\/p>\n<p><strong>\u00a0<\/strong><strong>MAGGIO<\/strong><\/p>\n<p><strong>5 maggio | domenica Rievocazione storica della fondazione dell\u2019antica Naxos<\/strong><\/p>\n<p>[PERFORMANCE] Tra teatro, musica, archeologia e storia una performance multidisciplinare, un affascinante viaggio nel tempo per rievocare la nascita, nel 734 a.C., della prima colonia dei Greci in Sicilia. Progetto del Comune di Naxos e del Parco Naxos Taormina con la direzione artistica della regista Cinzia Maccagnano.Nel corso dell\u2019evento, sono previsti dei momenti di approfondimento sulla storia del sito con la direttrice del Parco, Gabriella Tig\u00e0no, e la funzionaria Maria Grazia Vanar\u00eca, entrambe archeologhe. EVENTO GRATUITO<\/p>\n<p><strong>26 maggio, domenica | Presentazione e laboratorio per bambini sul libro \u201cMatteo e i pupi siciliani\u201d<\/strong><\/p>\n<p>[LABORATORIO BAMBINI] Per il \u201cMaggio dei libri\u201d appuntamento dedicato all\u2019Opera dei pupi e al teatro siciliano con Giovannina Russo e Pina Spinella, autrici del libro \u201cMatteo e i pupi siciliani\u201d (Algra editore). Il laboratorio didattico \u00e8 curato dalle operatrici didattiche di Civita, gestore dei servizi museali del Parco Naxos Taormina. EVENTO GRATUITO<\/p>\n<p><strong>GIUGNO<\/strong><\/p>\n<p><strong>14 giugno, venerd\u00ec | Inaugurazione mostra \u201cEc\u00e0te\u201d di Stefania Pennacchio<\/strong><\/p>\n<p>[ARTE] Per Naxos e l\u2019antica citt\u00e0 dei primi coloni greci, l\u2019artista Stefania Pennacchio ha realizzato sei grandi sculture in terracotta, ispirate al mito di Ec\u00e0te, divinit\u00e0 greca il cui culto \u00e8 legato ai desideri e alla forza per realizzarli. La mostra, a cura di Angelo Lorenzo Crespi, include un\u2019esperienza di \u201carte relazionale\u201d che consentir\u00e0 ai visitatori di interagire con una delle installazioni per entrare in contatto con la fonte dei propri desideri. Il 10 agosto visita in notturna e presentazione del catalogo. Fino al 30 ottobre. VISITA ALLA MOSTRA INCLUSA NEL TICKET DI INGRESSO AL PARCO<\/p>\n<p><strong>21 giugno, venerd\u00ec | Concerto per la Festa europea della Musica nel Solstizio d\u2019Estate<\/strong><\/p>\n<p>[MUSICA] Torna per il terzo anno nell\u2019area archeologica del Parco di Naxos il Conservatorio Tchaikovsji di Nocera Terinese (in provincia di Catanzaro, in Calabria) con la sua Orchestra giovanile per un concerto che celebra la Festa europea della musica. Un appuntamento che vedr\u00e0 impegnati gli allievi del Conservatorio in un concerto diffuso nel sito archeologico. Un progetto in collaborazione con l\u2019Accademia pianistica italiana di Taormina. EVENTO GRATUITO<\/p>\n<p><strong>\u00a0<\/strong><strong>26 giugno \u2013 2 luglio | FINC Comedy Festival<\/strong><\/p>\n<p>[TEATRO] Spettacoli, workshop, incontri e laboratori teatrali che animano l\u2019area archeologica e il Teatro della Nike del Parco di Naxos. Il FINC Comedy Festival \u00e8 un\u00a0mondo di fantasiae poesia che promuove anche l\u2019inclusione sociale\u00a0con la diffusione del pensiero del\u00a0clown\u00a0della sua filosofia del fallimento e del teatro come luogo di aggregazione. \u00a0Spazio anche all\u2019integrazione con progetti su arte e disabilit\u00e0. EVENTO A PAGAMENTO<\/p>\n<p><img loading=\"lazy\" class=\"alignnone size-medium wp-image-50454\" src=\"https:\/\/www.radioempire.it\/wp-content\/uploads\/2024\/05\/Naxos-Rievocazione-Storica_2-il-corteo-storico-davanti-alla-statua-della-Nike-sul-lungomare-300x225.jpg\" alt=\"\" width=\"300\" height=\"225\" srcset=\"https:\/\/www.radioempire.it\/wp-content\/uploads\/2024\/05\/Naxos-Rievocazione-Storica_2-il-corteo-storico-davanti-alla-statua-della-Nike-sul-lungomare-300x225.jpg 300w, https:\/\/www.radioempire.it\/wp-content\/uploads\/2024\/05\/Naxos-Rievocazione-Storica_2-il-corteo-storico-davanti-alla-statua-della-Nike-sul-lungomare-1024x768.jpg 1024w, https:\/\/www.radioempire.it\/wp-content\/uploads\/2024\/05\/Naxos-Rievocazione-Storica_2-il-corteo-storico-davanti-alla-statua-della-Nike-sul-lungomare-768x576.jpg 768w, https:\/\/www.radioempire.it\/wp-content\/uploads\/2024\/05\/Naxos-Rievocazione-Storica_2-il-corteo-storico-davanti-alla-statua-della-Nike-sul-lungomare-1536x1152.jpg 1536w, https:\/\/www.radioempire.it\/wp-content\/uploads\/2024\/05\/Naxos-Rievocazione-Storica_2-il-corteo-storico-davanti-alla-statua-della-Nike-sul-lungomare.jpg 1600w\" sizes=\"(max-width: 300px) 100vw, 300px\" \/><img loading=\"lazy\" class=\"alignnone size-medium wp-image-50455\" src=\"https:\/\/www.radioempire.it\/wp-content\/uploads\/2024\/05\/Naxos-Rievocazione-Storica_4-lattore-Elio-Crifo-nel-ruolo-dello-storico-Timeo-1-300x225.jpg\" alt=\"\" width=\"300\" height=\"225\" srcset=\"https:\/\/www.radioempire.it\/wp-content\/uploads\/2024\/05\/Naxos-Rievocazione-Storica_4-lattore-Elio-Crifo-nel-ruolo-dello-storico-Timeo-1-300x225.jpg 300w, https:\/\/www.radioempire.it\/wp-content\/uploads\/2024\/05\/Naxos-Rievocazione-Storica_4-lattore-Elio-Crifo-nel-ruolo-dello-storico-Timeo-1-1024x768.jpg 1024w, https:\/\/www.radioempire.it\/wp-content\/uploads\/2024\/05\/Naxos-Rievocazione-Storica_4-lattore-Elio-Crifo-nel-ruolo-dello-storico-Timeo-1-768x576.jpg 768w, https:\/\/www.radioempire.it\/wp-content\/uploads\/2024\/05\/Naxos-Rievocazione-Storica_4-lattore-Elio-Crifo-nel-ruolo-dello-storico-Timeo-1-1536x1152.jpg 1536w, https:\/\/www.radioempire.it\/wp-content\/uploads\/2024\/05\/Naxos-Rievocazione-Storica_4-lattore-Elio-Crifo-nel-ruolo-dello-storico-Timeo-1.jpg 1600w\" sizes=\"(max-width: 300px) 100vw, 300px\" \/><\/p>\n<p><strong>LUGLIO<\/strong><\/p>\n<p><strong>Fino al 2 luglio | FINC Comedy Festival<\/strong><\/p>\n<p><strong>03 luglio, mercoled\u00ec | Concerto della Filarmonica Laudamo<\/strong><\/p>\n<p><strong>11 luglio, gioved\u00ec | Concerto della Filarmonica Laudamo<\/strong><\/p>\n<p>[MUSICA] Due serate dedicate al jazz internazionale organizzate dalla Filarmonica Laudamo di Messina, diretta dal M\u00b0 Antonino Cicero, che per il cartellone itinerante dell\u2019estate 2024 fa tappa per la prima volta al Teatro della Nike del Parco di Naxos. Il 3 luglio di scena Strait Project Quartet con i brani dell\u2019album Water Dance: viaggio tra sonorit\u00e0 contemporanee e mediterranee, legate alla tradizione afroamericana e ispirate all\u2019arte del sassofonista WayneShorter. L\u201911 luglio, invece, omaggio al grande musicista e cantante italo statunitense Louis Prima \u2013 la madre, Angelina, era originaria di Ustica \u2013 con il Pannonica Jazz Workshop di Messina. EVENTI A PAGAMENTO<\/p>\n<p>&nbsp;<\/p>\n<p><strong>Data da definire di luglio | Concerto dell\u2019Orchestra del Conservatorio Scarlatti di Palermo<\/strong><\/p>\n<p>[MUSICA] Torna per il secondo anno a Naxos l\u2019Orchestra del Conservatorio Scarlatti di Palermo per un concerto al Teatro della Nike. EVENTO GRATUITO<\/p>\n<p>&nbsp;<\/p>\n<p><strong>12-13-14 luglio | Naxos Archeofilm<\/strong><\/p>\n<p>[CINEMA] Seconda edizione a Naxos del Festival diffuso di archeologia, arte e ambiente prodotto dal Parco archeologico Naxos Taormina e organizzato insieme con la Fondazione Sebastiano Tusa e Firenze Archeofilm\/Archeologia Viva che promuove la rassegna in varie regioni italiane. Per tre sere vengono proiettati i migliori film sulla scena internazionale dedicati al mondo antico, alle campagne di scavo, ai grandi ritrovamenti e con il contributo dal vivo di studiosi e ricercatori intervistati fra un una proiezione e l\u2019altra. Il pubblico vota il film preferito che viene premiato l\u2019ultima sera insieme alla consegna del Premio Sebastiano Tusa a personalit\u00e0 del mondo della cultura. EVENTO GRATUITO<\/p>\n<p><strong>\u00a0<\/strong><\/p>\n<p><strong>18 luglio | Concerto inaugurale AlkantaraFest<\/strong><\/p>\n<p>[MUSICA] Prende il via da Naxos, simbolica culla della civilt\u00e0 greca in occidente, l\u2019edizione 2024 dell\u2019AlkantaraFest, festival internazionale della musica folk e world in programma dal 18 luglio e fino al 2 agosto sull\u2019Etna con la direzione artistica di Mario Gulisano. Di scena a Naxos sar\u00e0 AlkantaraMediOrkestra, formazione internazionale di musicisti provenienti da Norvegia, Irlanda, Bulgaria, Grecia e Italia con un programma che spazia dalle sonorit\u00e0 del Mediterraneo a quelle asiatiche. Ospiti della serata inaugurale i musicisti Antonello Salis, Karl Seglem e GerasimosPapadopoulos. EVENTO A PAGAMENTO<\/p>\n<p>&nbsp;<\/p>\n<p><strong>AGOSTO<\/strong><\/p>\n<p><strong>10 agosto, sabato | La notte di Ec\u00e0te<\/strong><\/p>\n<p>[ARTE CONTEMPORANEA] Presentazione del catalogo della mostra di Stefania Pennacchio e passeggiata nel parco, nella notte di San Lorenzo, lungo l\u2019itinerario scandito dalle sculture dell\u2019artista. EVENTO GRATUITO<\/p>\n<p>&nbsp;<\/p>\n<p><strong>16 agosto | Concerto del Coro Lirico Siciliano<\/strong><\/p>\n<p>[MUSICA] Secondo anno a Naxos per gli artisti del Coro Lirico Siciliano, uno dei pi\u00f9 importanti cori lirici e sinfonici siciliani fondato nel 2008 e da allora diretto dal basso Francesco Costa. Programma in via di definizione. EVENTO A PAGAMENTO<\/p>\n<p>&nbsp;<\/p>\n<p><strong>20 agosto | Interpretare l\u2019Antico.Teatro all\u2019alba con Vincenzo Pirrotta e Giovanni Calcagno. <\/strong><\/p>\n<p>[TEATRO] Dopo il fortunato debutto con \u201cIl Ciclope innamorato\u201d di Giovanni Calcagno nel 2023, torna quest\u2019anno lo spettacolo teatrale all\u2019alba nel Teatro della Nike sullo sfondo del mare di Giardini Naxos. Di scena \u201cL\u2019epopea di Gilgamesh\u201d, tratto dall\u2019opera omonima di Calcagno che divider\u00e0 la scena con il mattatore Vincenzo Pirrotta.<\/p>\n<p>&nbsp;<\/p>\n<p><strong>28-31 agosto | Donne in Jazz<\/strong><\/p>\n<p>[MUSICA JAZZ] Quattro sere al Teatro della Nike con quattro stelle del jazz al femminile e la loro band per una mini rassegna in riva al mare, nello scenario della baia di Naxos. Si inizia con il pianoforte della grande Rita Marcotulli (28 agosto), seguono la siciliana Elisa Nocita (voce, 29 agosto); Francesca Tandoi (pianoforte e voce, 30 agosto) e chiusura con Maria Pia De Vito (voce, 31 agosto). Direzione artistica di Nino Scandurra, che da anni organizza il Taormina Jazz Festival. INGRESSO LIBERO.<\/p>\n<p><strong>\u00a0<\/strong><\/p>\n<p><strong>SETTEMBRE<\/strong><\/p>\n<p><strong>01 settembre, domenica | Premio Comunicare l\u2019Antico<\/strong><\/p>\n<p>[PREMIO ARCHEOLOGIA E DIVULGAZIONE] Settima edizione del Premio Comunicare l\u2019Antico, progetto del Parco di Naxos e di NaxosLegge che per una sera riunisce a Naxos le maggiori personalit\u00e0 italiane e straniere impegnate nello studio e nella ricerca del mondo antico e nella divulgazione scientifica. A loro il riconoscimento per l\u2019impegno quotidiano nella conoscenza e diffusione della cultura anche verso le nuove generazioni. Nel parterre dei premiati figurano i direttori dei maggiori musei archeologici italiani e stranieri e studiosi di altissimo profilo riconosciuti dalla comunit\u00e0 scientifica internazionale.<\/p>\n<p>&nbsp;<\/p>\n<p><strong>02 settembre | Interpretare l\u2019Antico<\/strong><\/p>\n<p><strong>06 settembre | Interpretare l\u2019Antico<\/strong><\/p>\n<p><strong>10 settembre | Interpretare l\u2019Antico<\/strong><\/p>\n<p><strong>17 settembre | Interpretare l\u2019Antico<\/strong><\/p>\n<p>[TEATRO CLASSICO] Giunge al quinto anno di programmazione \u201cInterpretare l\u2019Antico\u201d la rassegna di teatro a cura di Rete Latitudini che propone drammaturgie e riscritture delle tragedie classiche mettendo in scena miti e archetipi dell\u2019immaginario collettivo occidentale. Il cartellone 2024 inizia il 20 agosto con la seconda edizione del \u201cTeatro all\u2019alba\u201d e prosegue con altri cinque spettacoli che si concluderanno a fine settembre con il premio \u201cL\u2019ombra di Dioniso\u201d dedicato a personalit\u00e0 di spicco del mondo teatrale contemporaneo. EVENTI A PAGAMENTO<\/p>\n<p>&nbsp;<\/p>\n<p><strong>12-14 settembre | Ierofanie<\/strong><\/p>\n<p>[TEATRO-FILOSOFIA-POESIA] Terzo appuntamento con il Festival del Sacro e la direzione artistica del regista Claudio Collov\u00e0 che il Parco archeologico Naxos Taormina condivide con il Parco archeologico di Segesta. Per tre giorni spazio al pensiero, alle riflessioni, all\u2019ascolto e al confronto con le \u201cConversazioni\u201d al Museo di Naxos coordinate da Fulvia Toscano, ideatrice del festival. Alla sera spettacoli di teatro, poesia e musica al Teatro della Nike. EVENTO GRATUITO<\/p>\n<p>&nbsp;<\/p>\n<p><strong>20-29 settembre | Naxoslegge<\/strong><\/p>\n<p>[LETTERATURA-NARRATIVA] Edizione numero quattordici per il Festival delle narrazioni, della lettura e del libro ideato e diretto da Fulvia Toscano. Per dieci giorni Naxoslegge promuove incontri e dibattiti su letteratura, filosofia, storia, etica e pensiero contemporaneo. Un progetto radicato e condiviso anche con il Parco Naxos Taormina che ospita molti incontri.<\/p>\n<p>&nbsp;<\/p>\n<p><strong>29 settembre | Interpretare l\u2019Antico. Premio teatrale \u201cOmbra di Di\u00f2niso\u201d<\/strong><\/p>\n<p>[TEATRO] Terza edizione del riconoscimento assegnato a maestri assoluti del teatro occidentale. Un progetto che NaxosLegge condivide con il Dams di Messina, Rete Latitudini e con il Parco Naxos Taormina che ospita la cerimonia di consegna. Nelle prime due edizioni il premio \u00e8 andato al regista greco Theod\u00f2rosTerz\u00f2poulos (nel 2022) e a Carla Tat\u00f2 e Andrea Quartucci (alla memoria) nel 2023.<\/p>\n<p>&nbsp;<\/p>\n<p>Ufficio Stampa \u201cParco Archeologico Naxos Taormina\u201d<\/p>\n<p>Melamedia | Carmela Grasso | <a href=\"mailto:info@melamedia.it\">info@melamedia.it<\/a>| 349.26.84.564 | www.melamedia.it<\/p>\n","protected":false},"excerpt":{"rendered":"<p>Parco di Naxos, Rievocazione storica della fondazione di Naxos, 5 maggio 2024 &#8211; YouTube Gli appuntamenti da maggio a settembre 2024 \u00a0MAGGIO 5 maggio | domenica Rievocazione storica della fondazione<\/p>\n<div><a class=\"permalink\" href=\"https:\/\/www.radioempire.it\/index.php\/2024\/05\/06\/estate-2024-al-parco-di-naxos\/\">Read More&#8230;<\/a><\/div>\n","protected":false},"author":2,"featured_media":50453,"comment_status":"closed","ping_status":"closed","sticky":false,"template":"","format":"standard","meta":[],"categories":[3,36],"tags":[],"_links":{"self":[{"href":"https:\/\/www.radioempire.it\/index.php\/wp-json\/wp\/v2\/posts\/50452"}],"collection":[{"href":"https:\/\/www.radioempire.it\/index.php\/wp-json\/wp\/v2\/posts"}],"about":[{"href":"https:\/\/www.radioempire.it\/index.php\/wp-json\/wp\/v2\/types\/post"}],"author":[{"embeddable":true,"href":"https:\/\/www.radioempire.it\/index.php\/wp-json\/wp\/v2\/users\/2"}],"replies":[{"embeddable":true,"href":"https:\/\/www.radioempire.it\/index.php\/wp-json\/wp\/v2\/comments?post=50452"}],"version-history":[{"count":4,"href":"https:\/\/www.radioempire.it\/index.php\/wp-json\/wp\/v2\/posts\/50452\/revisions"}],"predecessor-version":[{"id":50460,"href":"https:\/\/www.radioempire.it\/index.php\/wp-json\/wp\/v2\/posts\/50452\/revisions\/50460"}],"wp:featuredmedia":[{"embeddable":true,"href":"https:\/\/www.radioempire.it\/index.php\/wp-json\/wp\/v2\/media\/50453"}],"wp:attachment":[{"href":"https:\/\/www.radioempire.it\/index.php\/wp-json\/wp\/v2\/media?parent=50452"}],"wp:term":[{"taxonomy":"category","embeddable":true,"href":"https:\/\/www.radioempire.it\/index.php\/wp-json\/wp\/v2\/categories?post=50452"},{"taxonomy":"post_tag","embeddable":true,"href":"https:\/\/www.radioempire.it\/index.php\/wp-json\/wp\/v2\/tags?post=50452"}],"curies":[{"name":"wp","href":"https:\/\/api.w.org\/{rel}","templated":true}]}}