{"id":50555,"date":"2024-05-13T22:17:34","date_gmt":"2024-05-13T22:17:34","guid":{"rendered":"https:\/\/www.radioempire.it\/?p=50555"},"modified":"2024-05-13T22:17:34","modified_gmt":"2024-05-13T22:17:34","slug":"24-maggio-giornata-europea-dei-parchi-gli-appuntamenti-del-parco-dei-nebrodi-dal-17-maggio-al-3-giugno","status":"publish","type":"post","link":"https:\/\/www.radioempire.it\/index.php\/2024\/05\/13\/24-maggio-giornata-europea-dei-parchi-gli-appuntamenti-del-parco-dei-nebrodi-dal-17-maggio-al-3-giugno\/","title":{"rendered":"24 MAGGIO: GIORNATA EUROPEA DEI PARCHI  Gli appuntamenti del Parco dei Nebrodi dal 17 maggio al 3 giugno"},"content":{"rendered":"<p><strong>Il 24 maggio si festeggiala Giornata Europea dei Parchi: si rinnova l\u2019iniziativa della Federazione Europea dei Parchi (EUROPARC) per ricordare il giorno in cui, nel 1909, venne istituito in Svezia il primo Parco Nazionale europeo.<\/strong><\/p>\n<p>In Italia i primi Parchi Nazionali furono istituiti nel 1922 conil Gran Paradiso e il Parco d\u2019Abruzzo.<\/p>\n<p><img loading=\"lazy\" class=\"size-medium wp-image-50558 alignleft\" src=\"https:\/\/www.radioempire.it\/wp-content\/uploads\/2024\/05\/Settimana-dei-Parchi-2024-locandina-1-1-212x300.jpg\" alt=\"\" width=\"212\" height=\"300\" srcset=\"https:\/\/www.radioempire.it\/wp-content\/uploads\/2024\/05\/Settimana-dei-Parchi-2024-locandina-1-1-212x300.jpg 212w, https:\/\/www.radioempire.it\/wp-content\/uploads\/2024\/05\/Settimana-dei-Parchi-2024-locandina-1-1.jpg 400w\" sizes=\"(max-width: 212px) 100vw, 212px\" \/>La Giornata Europea dei Parchi \u00e8 un invito a riconnettersi con la natura, per evidenziare i tesori naturali che rendono i Parchi cos\u00ec speciali.<\/p>\n<p>La celebrazione della Giornata Europea dei Parchi si svolge\u00a0 in pi\u00f9 giorni, in un periodo definito anche \u2018<strong><em>Settimana dei Parchi\u2019<\/em><\/strong>, al fine di consentire una pi\u00f9 ampia partecipazione,\u00a0 attraverso iniziative che portano alla scoperta delle meraviglie naturalistiche e delle eccellenze delle aree protette nonch\u00e9 di sensibilizzazione sulle tematiche della sostenibilit\u00e0.<\/p>\n<p>Ogni anno la Giornata Europea dei Parchi \u00e8 dedicata ad un tema specifico, quest\u2019anno \u00a0<strong><em>&#8220;Insieme per la Natura<\/em><\/strong><em>&#8220;<\/em> \u00e8 un invito a tutti i soggetti in campo ad operare e cooperare per <em>la tutela della biodiversit\u00e0, per il contrasto ai mutamenti climatici e per uno sviluppo sostenibile<\/em>\u201c<strong><em>dando\u00a0vita alle scelte per il futuro\u201d\u00a0<\/em><\/strong><em>.<\/em><\/p>\n<p>In particolare il Parco dei Nebrodi festegger\u00e0 questa ricorrrenza da venerd\u00ec 17 maggio a luned\u00ec 3 giugnocon tanti eventi raccolti in un ricco calendario, che vede coinvolti, nell\u2019organizzazione con l\u2019Ente, Comuni, scuole, associazioni locali. Un&#8217;occasione per godere appieno della bellezza e della biodiversit\u00e0 del nostro territorio.<\/p>\n<p>Questo il programma dell\u2019Ente Parco dei Nebrodi<\/p>\n<p><strong><em>Ufficio Presidenza<\/em><\/strong><\/p>\n<p>&nbsp;<\/p>\n","protected":false},"excerpt":{"rendered":"<p>Il 24 maggio si festeggiala Giornata Europea dei Parchi: si rinnova l\u2019iniziativa della Federazione Europea dei Parchi (EUROPARC) per ricordare il giorno in cui, nel 1909, venne istituito in Svezia<\/p>\n<div><a class=\"permalink\" href=\"https:\/\/www.radioempire.it\/index.php\/2024\/05\/13\/24-maggio-giornata-europea-dei-parchi-gli-appuntamenti-del-parco-dei-nebrodi-dal-17-maggio-al-3-giugno\/\">Read More&#8230;<\/a><\/div>\n","protected":false},"author":2,"featured_media":50557,"comment_status":"closed","ping_status":"closed","sticky":false,"template":"","format":"standard","meta":[],"categories":[3,36],"tags":[],"_links":{"self":[{"href":"https:\/\/www.radioempire.it\/index.php\/wp-json\/wp\/v2\/posts\/50555"}],"collection":[{"href":"https:\/\/www.radioempire.it\/index.php\/wp-json\/wp\/v2\/posts"}],"about":[{"href":"https:\/\/www.radioempire.it\/index.php\/wp-json\/wp\/v2\/types\/post"}],"author":[{"embeddable":true,"href":"https:\/\/www.radioempire.it\/index.php\/wp-json\/wp\/v2\/users\/2"}],"replies":[{"embeddable":true,"href":"https:\/\/www.radioempire.it\/index.php\/wp-json\/wp\/v2\/comments?post=50555"}],"version-history":[{"count":1,"href":"https:\/\/www.radioempire.it\/index.php\/wp-json\/wp\/v2\/posts\/50555\/revisions"}],"predecessor-version":[{"id":50559,"href":"https:\/\/www.radioempire.it\/index.php\/wp-json\/wp\/v2\/posts\/50555\/revisions\/50559"}],"wp:featuredmedia":[{"embeddable":true,"href":"https:\/\/www.radioempire.it\/index.php\/wp-json\/wp\/v2\/media\/50557"}],"wp:attachment":[{"href":"https:\/\/www.radioempire.it\/index.php\/wp-json\/wp\/v2\/media?parent=50555"}],"wp:term":[{"taxonomy":"category","embeddable":true,"href":"https:\/\/www.radioempire.it\/index.php\/wp-json\/wp\/v2\/categories?post=50555"},{"taxonomy":"post_tag","embeddable":true,"href":"https:\/\/www.radioempire.it\/index.php\/wp-json\/wp\/v2\/tags?post=50555"}],"curies":[{"name":"wp","href":"https:\/\/api.w.org\/{rel}","templated":true}]}}