{"id":50620,"date":"2024-05-18T15:23:09","date_gmt":"2024-05-18T15:23:09","guid":{"rendered":"https:\/\/www.radioempire.it\/?p=50620"},"modified":"2024-05-18T15:23:09","modified_gmt":"2024-05-18T15:23:09","slug":"milo-ct-i-dervisci-rotanti-chiuderanno-domani-la-rassegna-vuoto-viaggio-nellaltrove-dedicata-a-franco-battiato","status":"publish","type":"post","link":"https:\/\/www.radioempire.it\/index.php\/2024\/05\/18\/milo-ct-i-dervisci-rotanti-chiuderanno-domani-la-rassegna-vuoto-viaggio-nellaltrove-dedicata-a-franco-battiato\/","title":{"rendered":"Milo (CT), i Dervisci Rotanti chiuderanno domani la rassegna \u2018Vuoto. Viaggio nell\u2019altrove\u2019 dedicata a Franco Battiato."},"content":{"rendered":"<div><b>\u00a0<\/b><\/div>\n<div>Giornata conclusiva, domani, <b>domenica 19 maggio<\/b>, a <b>Milo (CT)<\/b>\u00a0della rassegna \u2018<b>Vuoto. Viaggio nell\u2019altrove<\/b>\u2019, organizzata dal <b>Centro Studi di Gravit\u00e0 Permanente<\/b>, con il patrocinio e il sostegno dell\u2019Assessorato Regionale dei Beni Culturali e dell\u2019Identit\u00e0 Siciliana, e con il patrocinio del Comune e della Proloco di Milo, per ricordare Franco Battiato nel terzo anniversario della sua scomparsa. Alle <b>ore 10.30<\/b>\u00a0il Centro servizi \u2018Salvatore Arcidiacono\u2019 ospiter\u00e0 l\u2019atteso incontro <b>\u2018La preghiera che si fa danza\u2019 <\/b>con i Dervisci Mevlevi e Tariqa, noti per la loro famosa pratica di danze e dervisci rotanti. A condurre sar\u00e0 Jamaluddin Ballabio, rappresentante per l&#8217;Italia della Tariqa Naqshbandiyya Haqqaniyya. Un momento di grande spiritualit\u00e0 in cui verr\u00e0 narrato il senso profondo del Sema, le tipiche cerimonie danzanti, e il significato degli strumenti pi\u00f9 amati dal grande mistico Jalaluddin Rumi, tra cui il flauto Ney, la viella Kemanche persiana, il tamburo a cornice Daf, che accompagnano i dervisci rotanti (semazen) nella loro danza contemplativa e al loro struggente approssimarsi al divino. Durante l\u2019incontro, che dal senso spirituale dell\u2019insegnamento Sufi accompagner\u00e0 al profondo ed ermetico significato della composizione, Jamaluddin favorir\u00e0 la comprensione della composizione \u2018L\u2019ombra della luce\u2019 in arabo, di Franco Battiato. Subito dopo, sempre nel Centro servizi \u2018Salvatore Arcidiacono\u2019 si terr\u00e0 l\u2019incontro <b>\u2018Nel Mondo, ma non del Mondo: viaggio verso s\u00e9 stessi\u2019<\/b>, condotto dal giornalista Alberto Samon\u00e0, gi\u00e0 assessore regionale ai Beni culturali e all\u2019Identit\u00e0 siciliana, con il supporto dervisci di Grazia Cernuto.<\/div>\n<div><img loading=\"lazy\" class=\"size-medium wp-image-50622 alignleft\" src=\"https:\/\/www.radioempire.it\/wp-content\/uploads\/2024\/05\/Dervisci-rotanti-300x225.jpg\" alt=\"\" width=\"300\" height=\"225\" srcset=\"https:\/\/www.radioempire.it\/wp-content\/uploads\/2024\/05\/Dervisci-rotanti-300x225.jpg 300w, https:\/\/www.radioempire.it\/wp-content\/uploads\/2024\/05\/Dervisci-rotanti-1024x768.jpg 1024w, https:\/\/www.radioempire.it\/wp-content\/uploads\/2024\/05\/Dervisci-rotanti-768x576.jpg 768w, https:\/\/www.radioempire.it\/wp-content\/uploads\/2024\/05\/Dervisci-rotanti-1536x1152.jpg 1536w, https:\/\/www.radioempire.it\/wp-content\/uploads\/2024\/05\/Dervisci-rotanti.jpg 1600w\" sizes=\"(max-width: 300px) 100vw, 300px\" \/><\/div>\n<div>Gran finale, alle <b>ore 17.30<\/b>, in piazza Belvedere Giovanni d\u2019Aragona con la <b>Cerimonia Sufi, musica e danza dei Dervisci Rotanti<\/b>. Un&#8217;importante cerimonia spirituale, molto cara e praticata da Franco Battiato, nel corso della quale interverranno i rappresentanti dell&#8217;Ordine Mevlevi e Tariqa, provenienti da pi\u00f9 parti. Durante la Sema, i Dervisci Rotanti indossano abiti tradizionali bianchi e alti cappelli conici e, con la loro musica tradizionale, si impegnano in una pratica di rotazione rituale che rappresenta la loro ricerca di una connessione pi\u00f9 profonda con la spiritualit\u00e0. La danza dei Dervisci Rotanti \u00e8 un&#8217;esperienza visiva e sonora affascinante e coinvolgente, un viaggio verso l&#8217;unione con il divino. Nella tradizione Sufi il\u00a0Sem\u0101\u02bf\u00a0rappresenta un viaggio mistico di ascesa spirituale attraverso la mente. In questo viaggio il danzatore simbolicamente si rivolge alla verit\u00e0, accresce in amore, abbandona il proprio ego, trova la verit\u00e0 e giunge al \u2018Perfetto\u2019. Mentre ruotano, i Dervisci trasmettono un senso di tranquillit\u00e0 e concentrazione interiore, immergendosi in uno stato di meditazione in movimento. La rotazione, infatti, simboleggia il movimento dell&#8217;universo e la ricerca di unione con il divino attraverso la rimozione dell&#8217;ego e la trasformazione spirituale.<\/div>\n<div><\/div>\n<div><strong>U.S. Maria Bella<\/strong><\/div>\n<div><strong>3284176181<\/strong><\/div>\n<div><strong>Tessera Odg N\u00b0 073783<\/strong><\/div>\n","protected":false},"excerpt":{"rendered":"<p>\u00a0 Giornata conclusiva, domani, domenica 19 maggio, a Milo (CT)\u00a0della rassegna \u2018Vuoto. Viaggio nell\u2019altrove\u2019, organizzata dal Centro Studi di Gravit\u00e0 Permanente, con il patrocinio e il sostegno dell\u2019Assessorato Regionale dei<\/p>\n<div><a class=\"permalink\" href=\"https:\/\/www.radioempire.it\/index.php\/2024\/05\/18\/milo-ct-i-dervisci-rotanti-chiuderanno-domani-la-rassegna-vuoto-viaggio-nellaltrove-dedicata-a-franco-battiato\/\">Read More&#8230;<\/a><\/div>\n","protected":false},"author":2,"featured_media":50623,"comment_status":"closed","ping_status":"closed","sticky":false,"template":"","format":"standard","meta":[],"categories":[36,78],"tags":[],"_links":{"self":[{"href":"https:\/\/www.radioempire.it\/index.php\/wp-json\/wp\/v2\/posts\/50620"}],"collection":[{"href":"https:\/\/www.radioempire.it\/index.php\/wp-json\/wp\/v2\/posts"}],"about":[{"href":"https:\/\/www.radioempire.it\/index.php\/wp-json\/wp\/v2\/types\/post"}],"author":[{"embeddable":true,"href":"https:\/\/www.radioempire.it\/index.php\/wp-json\/wp\/v2\/users\/2"}],"replies":[{"embeddable":true,"href":"https:\/\/www.radioempire.it\/index.php\/wp-json\/wp\/v2\/comments?post=50620"}],"version-history":[{"count":1,"href":"https:\/\/www.radioempire.it\/index.php\/wp-json\/wp\/v2\/posts\/50620\/revisions"}],"predecessor-version":[{"id":50624,"href":"https:\/\/www.radioempire.it\/index.php\/wp-json\/wp\/v2\/posts\/50620\/revisions\/50624"}],"wp:featuredmedia":[{"embeddable":true,"href":"https:\/\/www.radioempire.it\/index.php\/wp-json\/wp\/v2\/media\/50623"}],"wp:attachment":[{"href":"https:\/\/www.radioempire.it\/index.php\/wp-json\/wp\/v2\/media?parent=50620"}],"wp:term":[{"taxonomy":"category","embeddable":true,"href":"https:\/\/www.radioempire.it\/index.php\/wp-json\/wp\/v2\/categories?post=50620"},{"taxonomy":"post_tag","embeddable":true,"href":"https:\/\/www.radioempire.it\/index.php\/wp-json\/wp\/v2\/tags?post=50620"}],"curies":[{"name":"wp","href":"https:\/\/api.w.org\/{rel}","templated":true}]}}