{"id":50666,"date":"2024-05-23T20:44:42","date_gmt":"2024-05-23T20:44:42","guid":{"rendered":"https:\/\/www.radioempire.it\/?p=50666"},"modified":"2024-05-23T20:44:42","modified_gmt":"2024-05-23T20:44:42","slug":"festival-lirico-dei-teatri-di-pietra-2024-e-gia-meraviglia","status":"publish","type":"post","link":"https:\/\/www.radioempire.it\/index.php\/2024\/05\/23\/festival-lirico-dei-teatri-di-pietra-2024-e-gia-meraviglia\/","title":{"rendered":"FESTIVAL LIRICO DEI TEATRI DI PIETRA 2024:  \u201c\u00e8 gi\u00e0 meraviglia\u201d"},"content":{"rendered":"<div class=\"moz-text-html\" lang=\"x-unicode\">\n<div id=\"forwardbody1\">\n<div>\n<p><strong><em>Celebrazioni pucciniane, nuovi e inediti progetti di contaminazione, grandi nomi della lirica, impegno e dovere etico per un&#8217;Estate tra le millenarie cavee della Sicilia: le prime anticipazioni<\/em><\/strong><\/p>\n<p>Sar\u00e0 la \u201c<em>meraviglia<\/em>\u201d a contraddistinguere la nuova e ricchissima edizione del Festival Lirico dei Teatri di Pietra diretto da Francesco Costa e promosso dal Coro Lirico Siciliano presieduto da Alberto Munaf\u00f2 Siragusa.<\/p>\n<p>Mito, storia, incanto, respiri d&#8217;arte, eterne melodie per i Teatri dell&#8217;antichit\u00e0 greco romana della Sicilia che ospiteranno le nuove produzioni per la sesta edizione della kermesse estiva di prestigio internazionale che si \u00e8 affermata tra le stagioni di riferimento della Sicilia e del Mediterraneo.<\/p>\n<p>Monumentale titolo operistico dell&#8217;edizione 2024 del Teatro Antico di Taormina sar\u00e0 l&#8217;incompiuta pucciniana, Turandot, in scena il 9 Agosto con un cast dal respiro internazionale, tra cui spicca il soprano Elena Mosuc, come Li\u00f9.<\/p>\n<p><img loading=\"lazy\" class=\"size-medium wp-image-50668 alignleft\" src=\"https:\/\/www.radioempire.it\/wp-content\/uploads\/2024\/05\/TAORMINA-300x200.jpg\" alt=\"\" width=\"300\" height=\"200\" srcset=\"https:\/\/www.radioempire.it\/wp-content\/uploads\/2024\/05\/TAORMINA-300x200.jpg 300w, https:\/\/www.radioempire.it\/wp-content\/uploads\/2024\/05\/TAORMINA-768x512.jpg 768w, https:\/\/www.radioempire.it\/wp-content\/uploads\/2024\/05\/TAORMINA.jpg 960w\" sizes=\"(max-width: 300px) 100vw, 300px\" \/>Il Teatro della Citt\u00e0 del Centauro, grazie alla sinergia con il Parco Archeologico di Naxos, si inonder\u00e0 della forza e della carica emotiva che la fiaba in tre atti, su libretto di Giuseppe Adami e Renato Simoni, riesce sempre a trasmettere per un incanto senza precedenti grazie anche alla nuova mise en espace di Salvo Dolce e alla sontuosit\u00e0 vocale del Coro Lirico Siciliano e dell&#8217;Orchestra sinfonica in residence. Il capolavoro di Puccini sar\u00e0, poi, replicato presso il Teatro Greco di Tindari, domenica 11 Agosto.<\/p>\n<p>Anche per l&#8217;edizione 2024 si rinsalda la collaborazione con l&#8217;Associazione &#8220;Sicilia, turismo per Tutti&#8221; di Siracusa, guidata da Bernadette Lo Bianco, proseguendo e rafforzando il progetto sperimentale, pioniere della traduzione simultanea dell&#8217;opera lirica nella Lingua dei Segni, che segna l&#8217;inizio di una vera e propria rivoluzione culturale e sociale, con la prestigiosa partnership di Rai Accessibilit\u00e0 e di Rai Pubblica Utilit\u00e0.<\/p>\n<p>Immancabile anche l&#8217;omaggio in musica a Ennio Morricone, appuntamento ormai tradizionale del prestigioso festival; il 2 Agosto al Teatro Greco di Tindari e il 10 Agosto al Teatro Antico di Taormina sar\u00e0 un crescendo di emozioni in un\u2019atmosfera intima e sognante, per un tributo doveroso al grandissimo musicista, compositore e arrangiatore italiano. Il nuovo concerto dedicato al <em>principe del novecento musicale italiano<\/em> sar\u00e0 dato anche, per la prima volta, il 21 Agosto, nel cuore del barocco siciliano: il <em>teatro a cielo aperto<\/em> della scalinata di Noto.<\/p>\n<p><img loading=\"lazy\" class=\"size-medium wp-image-50669 alignleft\" src=\"https:\/\/www.radioempire.it\/wp-content\/uploads\/2024\/05\/TINDARI-9-300x200.jpg\" alt=\"\" width=\"300\" height=\"200\" srcset=\"https:\/\/www.radioempire.it\/wp-content\/uploads\/2024\/05\/TINDARI-9-300x200.jpg 300w, https:\/\/www.radioempire.it\/wp-content\/uploads\/2024\/05\/TINDARI-9-768x513.jpg 768w, https:\/\/www.radioempire.it\/wp-content\/uploads\/2024\/05\/TINDARI-9.jpg 960w\" sizes=\"(max-width: 300px) 100vw, 300px\" \/>Tantissime le novit\u00e0 per questa edizione 2024, dedicata alla \u201cMeraviglia\u201d: in esclusiva per il Teatro greco di Tindari, con la direzione artistica di Anna Ricciardi, si celebrer\u00e0, il 13 Agosto, la leggenda del <em>Modugno siciliano<\/em>, in occasione del trentennale della morte del cantante, attore e compositore.<\/p>\n<p>Il poliedrico artista pugliese si cal\u00f2 con totale immedesimazione nello spirito della Trinacria tanto da essere identificato da molti come un autentico siciliano.<\/p>\n<p>Si tratter\u00e0 di un&#8217;opera innovativa in un&#8217;accattivante veste sinfonica con un&#8217;eco alle culture pop, folk e al cantautorato, grazie anche alla partecipazione di alcuni volti simbolo dell&#8217;identit\u00e0 siciliana come Mario Incudine.<\/p>\n<p>Inedito anche il format dedicato alla spiritualit\u00e0 di Franco Battiato, <em>Batti(A)to spirituale,<\/em> per ensemble vocale, archi, arpa celtica, che unir\u00e0 l&#8217;energia della pietra al misticismo della canzone del noto cantautore etneo e celebrativo anche del centenario del filosofo dell&#8217;asistematicit\u00e0, Manlio Sgalambro.<\/p>\n<p>Oltre quaranta spettacoli per una costante e doviziosa opera di decentramento culturale: la magia del Teatro Andromeda di Santo Stefano Quisquina, la Villa Romana di Terme Vigliatore, il Teatro di Giardini Naxos, il Mausoleo Romano di Centuripe, la citt\u00e0 di Piazza Armerina, il Teatro Greco di Monte Jato, Ragusa Ibla, Catania, il Tempio di Era di Selinunte, la Basilica Normanna dei Santi Pietro e Paolo d&#8217;Agr\u00f2, a Casalvecchio Siculo, Palazzo Cagnone di Francavilla di Sicilia, saranno palcoscenici di attica bellezza per una sempre pi\u00f9 presente unione tra arte, musica, storia e mito.<\/p>\n<p>Ancora una volta una programmazione di alto livello per una manifestazione che riscuote sempre crescenti successi di pubblico e critica e che promette, ancora una volta, di regalare emozioni uniche in luoghi suggestivi dove, attraverso il sapiente lavoro degli artisti, la leggenda corre verso l&#8217;eternit\u00e0.<\/p>\n<p>Il Festival Lirico dei Teatri di Pietra, riconosciuto come iniziativa di alto rilievo culturale e artistico, si svolge sotto l&#8217;Alto Patrocinio del Parlamento Europeo e delle pi\u00f9 importanti cariche istituzionali italiane quali il Senato della Repubblica, la Camera dei Deputati, la Presidenza del Consiglio dei Ministri, il Ministero della Cultura, il Patrocinio della Regione Siciliana, Assessorato Regionale Turismo, Sport e Spettacolo e Assessorato dei Beni Culturali e dell&#8217;Identit\u00e0 Siciliana, della Assemblea Regionale Siciliana, della Rai Sicilia, Rai Accessibilit\u00e0 e Rai Pubblica Utilit\u00e0, della Fondazione Verona per l&#8217;Arena, della Confederazione Italiana Archeologi, del Touring Club Italiano, dell&#8217; AIAM (Associazione Italiana Attivit\u00e0 Musicali), dell&#8217; AGIS (Associazione Generale Italiana dello Spettacolo), dell&#8217;Associazione Nazionale Archeologi, della Camera di Commercio del Sud Est Sicilia, di Italia Nostra, Associazione Nazionale per la tutela del patrimonio storico, artistico e naturale della Nazione, dell&#8217;Associazione \u201cSicilia, Turismo per Tutti\u201d, in collaborazione con Rinascente, Adnkronos, La Sicilia e ha ottenuto il pi\u00f9 prestigioso e influente marchio di qualit\u00e0 europea EFFE LABEL, Europe For Festivals, Festivals for Europe.<\/p>\n<\/div>\n<\/div>\n<\/div>\n","protected":false},"excerpt":{"rendered":"<p>Celebrazioni pucciniane, nuovi e inediti progetti di contaminazione, grandi nomi della lirica, impegno e dovere etico per un&#8217;Estate tra le millenarie cavee della Sicilia: le prime anticipazioni Sar\u00e0 la \u201cmeraviglia\u201d<\/p>\n<div><a class=\"permalink\" href=\"https:\/\/www.radioempire.it\/index.php\/2024\/05\/23\/festival-lirico-dei-teatri-di-pietra-2024-e-gia-meraviglia\/\">Read More&#8230;<\/a><\/div>\n","protected":false},"author":2,"featured_media":50667,"comment_status":"closed","ping_status":"closed","sticky":false,"template":"","format":"standard","meta":[],"categories":[36,78],"tags":[],"_links":{"self":[{"href":"https:\/\/www.radioempire.it\/index.php\/wp-json\/wp\/v2\/posts\/50666"}],"collection":[{"href":"https:\/\/www.radioempire.it\/index.php\/wp-json\/wp\/v2\/posts"}],"about":[{"href":"https:\/\/www.radioempire.it\/index.php\/wp-json\/wp\/v2\/types\/post"}],"author":[{"embeddable":true,"href":"https:\/\/www.radioempire.it\/index.php\/wp-json\/wp\/v2\/users\/2"}],"replies":[{"embeddable":true,"href":"https:\/\/www.radioempire.it\/index.php\/wp-json\/wp\/v2\/comments?post=50666"}],"version-history":[{"count":1,"href":"https:\/\/www.radioempire.it\/index.php\/wp-json\/wp\/v2\/posts\/50666\/revisions"}],"predecessor-version":[{"id":50670,"href":"https:\/\/www.radioempire.it\/index.php\/wp-json\/wp\/v2\/posts\/50666\/revisions\/50670"}],"wp:featuredmedia":[{"embeddable":true,"href":"https:\/\/www.radioempire.it\/index.php\/wp-json\/wp\/v2\/media\/50667"}],"wp:attachment":[{"href":"https:\/\/www.radioempire.it\/index.php\/wp-json\/wp\/v2\/media?parent=50666"}],"wp:term":[{"taxonomy":"category","embeddable":true,"href":"https:\/\/www.radioempire.it\/index.php\/wp-json\/wp\/v2\/categories?post=50666"},{"taxonomy":"post_tag","embeddable":true,"href":"https:\/\/www.radioempire.it\/index.php\/wp-json\/wp\/v2\/tags?post=50666"}],"curies":[{"name":"wp","href":"https:\/\/api.w.org\/{rel}","templated":true}]}}