{"id":50789,"date":"2024-06-03T10:23:03","date_gmt":"2024-06-03T10:23:03","guid":{"rendered":"https:\/\/www.radioempire.it\/?p=50789"},"modified":"2024-06-03T10:23:03","modified_gmt":"2024-06-03T10:23:03","slug":"il-7-giugno-parte-il-tour-siciliano-di-presentazione-di-multiverso-disco-desordio-del-cantautore-siciliano","status":"publish","type":"post","link":"https:\/\/www.radioempire.it\/index.php\/2024\/06\/03\/il-7-giugno-parte-il-tour-siciliano-di-presentazione-di-multiverso-disco-desordio-del-cantautore-siciliano\/","title":{"rendered":"Il 7 giugno parte il tour siciliano di presentazione di  \u201cMultiverso\u201d  disco d\u2019esordio del cantautore siciliano."},"content":{"rendered":"<p><strong>A partire da oggi \u00e8 online il videoclip di<\/strong><\/p>\n<p><strong><em>\u201cGiovani in Eterno\u201d<\/em><\/strong><\/p>\n<p>&nbsp;<\/p>\n<p>Il <strong>7 giugno<\/strong>parte il <strong>tour siciliano <\/strong>di presentazione di <strong><em>\u201cMultiverso\u201d<\/em><\/strong><a href=\"https:\/\/lnk.fuga.com\/darionaccari_multiverso\"><strong>(ascolta qui)<\/strong><\/a>, il disco d\u2019esordio del cantautore siciliano <strong>Dario Naccari<\/strong>, prodotto da <strong>Pietro Alessandro Alosi<\/strong> per <strong>Mezzanotte Label<\/strong>. A partire da oggi \u00e8 online il videoclip del brano <strong><em>\u201cGiovani in eterno\u201d. <\/em><\/strong>Ecco le prime date del tour:<\/p>\n<p>&nbsp;<\/p>\n<p>7 giugno &#8211; ZooTV Brucoli (Sr) &#8211; Live Band ore 22.00<\/p>\n<p>21 giugno &#8211; Gammazita Catania &#8211; Live Band ore 21.30<\/p>\n<p>5 luglio &#8211; Mammafausa (Nuove Vibrazioni Festival) Patti (Me) &#8211; Acoustic Duo ore 21.30<\/p>\n<p>19 luglio &#8211; Tosca Punta Secca (Rg) &#8211; Acoustic Duo ore 19.00<\/p>\n<p>20 luglio &#8211; Iapri Fest Naso (Me) &#8211; Acoustic Duo ore 20.00<\/p>\n<p style=\"text-align: left;\"><strong> <img loading=\"lazy\" class=\"size-medium wp-image-50792 alignleft\" src=\"https:\/\/www.radioempire.it\/wp-content\/uploads\/2024\/06\/Locandina-Naccati-tour-Sicilia-300x300.jpg\" alt=\"\" width=\"300\" height=\"300\" srcset=\"https:\/\/www.radioempire.it\/wp-content\/uploads\/2024\/06\/Locandina-Naccati-tour-Sicilia-300x300.jpg 300w, https:\/\/www.radioempire.it\/wp-content\/uploads\/2024\/06\/Locandina-Naccati-tour-Sicilia-1024x1024.jpg 1024w, https:\/\/www.radioempire.it\/wp-content\/uploads\/2024\/06\/Locandina-Naccati-tour-Sicilia-150x150.jpg 150w, https:\/\/www.radioempire.it\/wp-content\/uploads\/2024\/06\/Locandina-Naccati-tour-Sicilia-768x768.jpg 768w, https:\/\/www.radioempire.it\/wp-content\/uploads\/2024\/06\/Locandina-Naccati-tour-Sicilia-188x188.jpg 188w, https:\/\/www.radioempire.it\/wp-content\/uploads\/2024\/06\/Locandina-Naccati-tour-Sicilia.jpg 1080w\" sizes=\"(max-width: 300px) 100vw, 300px\" \/><\/strong><\/p>\n<p><a href=\"https:\/\/youtu.be\/rygbU5qZYk8?feature=shared\"><strong>GUARDA VIDEOCLIP<\/strong><\/a><\/p>\n<p>&nbsp;<\/p>\n<p><strong><em>\u201cGiovani in eterno\u201d<\/em><\/strong> \u00e8 un rito che si svolge all\u2019interno del festival dell\u2019esistenza: <em>\u201ctrascinato da un desiderio irrefrenabile verso la scoperta di nuovi orizzonti, il protagonista si lancia con la sua auto all\u2019inseguimento del piacere della vita per rivendicare la sua giovinezza. Su una lunghissima autostrada corre la macchina lasciando un alto polverone alle sue spalle, insieme agli ingombri quotidiani e al malessere di diventare troppo adulti.\u201d<\/em><\/p>\n<p>&nbsp;<\/p>\n<p>Le sue canzoni raccontano di mondi leggeri, dove la poesia diventa la mano capace di plasmare la realt\u00e0, per indicarci la strada di un percorso fatto di crescita personale e dignit\u00e0 spirituale. Un invito alla scoperta dei vari strati della vita, delle molteplici possibilit\u00e0 delle quali disponiamo, come le diverse facce di un dado: \u201c<em>Otto canzoni che descrivono momenti vissuti con forti slanci di emotivit\u00e0<\/em>\u2013 racconta <strong>Dario Naccari<\/strong> &#8211; <em>perdite di rotta e amore ritrovato per il nostro territorio. Storie che ci invitano ad esplorare per rimanere vivi, a privarci delle gabbie e delle nostre convinzioni, per riacquisire consapevolezza e ascolto di noi stessi, pregni della bellezza della vita e presenti nel qui e ora. Secondo la teoria del Multiverso, al di l\u00e0 dell\u2019universo osservabile ne coesistono parallelamente molti altri\u201d.<\/em><\/p>\n<p>&nbsp;<\/p>\n<p>La copertina dell&#8217;album, opera della pittrice <strong>Manuela Caruso<\/strong>, in arte MACA, rappresenta infatti i vari livelli dell&#8217;esistenza umana, strati attraverso i quali l&#8217;uomo viaggia, ed esplora anche gli elementi del proprio interno. Osservando in una visione d&#8217;insieme la terra e il proprio corpo, scopre punti di vista dove il micro \u00e8 fuso nel macro e viceversa, come una goccia che mischiandosi al mare smette di essere se stessa, per incominciare semplicemente ad essere. <em>\u201cUn nuovo approccio alla musica mi ha insegnato a liberarmi dal giudizio e dalle aspettative &#8211; <\/em><strong>prosegue il cantautore<\/strong> -,<em> aprendomi un varco verso universi prima sconosciuti. La scrittura di queste canzoni mi ha aiutato ad acquisire maggiore consapevolezza espressiva, mi ha dato la possibilit\u00e0 di mettere a fuoco ci\u00f2 che realmente desidero essere, mostrandomi con lealt\u00e0.\u201d<\/em><\/p>\n<p><em>\u00a0<\/em><\/p>\n<p>Il disco apre con <strong><em>\u201cGrosso Frenk\u201d<\/em><\/strong><em>,<\/em>segue<strong><em> \u201cPi\u00f9 lento\u201d<\/em><\/strong><em>,<\/em> \u201c<strong><em>Giovani in eterno\u201d<\/em><\/strong><em>,<\/em>\u201c<strong><em>Comandante\u201d<\/em><\/strong><em>,<strong> \u201cIl giorno e la notte\u201d<\/strong>,<strong> \u201cTirreno\u201d <\/strong><\/em>(<a href=\"https:\/\/www.youtube.com\/watch?v=Sc38oPVwBY4\"><strong>GUARDA VIDEO<\/strong><\/a>), <strong><em>\u201cMultiverso\u201d<\/em><\/strong><em>,<strong> \u201cQuelli che ben pensano\u201d <\/strong><\/em>feat<strong><em> Tusco (Cover Frenkie hi-nrg<\/em><\/strong>).<\/p>\n<p><img loading=\"lazy\" class=\"alignnone size-medium wp-image-50790 alignleft\" src=\"https:\/\/www.radioempire.it\/wp-content\/uploads\/2024\/06\/Dario-Naccari-Multiverso--300x201.jpg\" alt=\"\" width=\"300\" height=\"201\" srcset=\"https:\/\/www.radioempire.it\/wp-content\/uploads\/2024\/06\/Dario-Naccari-Multiverso--300x201.jpg 300w, https:\/\/www.radioempire.it\/wp-content\/uploads\/2024\/06\/Dario-Naccari-Multiverso--1024x687.jpg 1024w, https:\/\/www.radioempire.it\/wp-content\/uploads\/2024\/06\/Dario-Naccari-Multiverso--768x515.jpg 768w, https:\/\/www.radioempire.it\/wp-content\/uploads\/2024\/06\/Dario-Naccari-Multiverso-.jpg 1200w\" sizes=\"(max-width: 300px) 100vw, 300px\" \/><\/p>\n<p><strong>Dario Naccari<\/strong> nato a Messina nel 1984 \u00e8 un musicista, compositore e musicoterapeuta. Cantante ed autore dei testi per la band<strong>Demomode<\/strong>, con la quale pubblica due album, <strong><em>\u201cHai Paura\u201d <\/em><\/strong>nel 2010 e <strong><em>\u201cOU\u201d <\/em><\/strong>nel 2014 registrato e prodotto per <strong>Dcave Records di Daniele Grasso<\/strong> (CT). Dal 2014 al 2018 sperimenta la musica a teatro partecipando a spettacoli di prosa e musical. Nel 2020 inizia gli studi in musicoterapia, partecipando a numerosi incontri e seminari sull&#8217;uso della voce, comunicazione e strumenti etnici. Pubblica nel 2020 sotto lo pseudonimo di <strong><em>\u201cFrenk\u201d<\/em><\/strong> il brano <strong><em>\u201cComandante\u201d <\/em><\/strong>prodotto da <strong>Pietro Alessandro Alosi <\/strong>(IlPandelDiavolo) all\u2019interno del progetto Unlock Downtown promosso dalla Downtown Studios di Pavia. \u201c<strong>Grosso Frenk\u201d <\/strong>nel luglio del 2022, lo porta a riappropriarsi del suo nome originale. Il singolo ottiene buone recensioni dalla critica, e consolida la collaborazione con il producer Alosi per <strong>Mezzanotte label<\/strong>. Il 19 aprile 2023 esce il singolo <em>\u201c<strong>Pi\u00f9 Lento\u201d<\/strong>,<\/em> il 16 giugno <em>\u201c<strong>Tirreno\u201d<\/strong><\/em>seguito da una serie di concerti sul territorio siciliano insieme alla Tirrenic Band. Il 19 ottobre 2023 presenta la cover \u201c<strong>Quelli che Benpensano\u201d <\/strong>al circolo Arci Bellezza di Milano, che anticipa l&#8217;uscita dell&#8217;album \u201c<strong>Multiverso\u201d<\/strong>. Il 26 gennaio 2024 pubblica l&#8217;album \u201c<strong>MULTIVERSO<\/strong>\u201d, e da marzo inizia il tour nazionale, che gli fa raccogliere buone recensioni dal pubblico e dalle riviste specializzate. Al momento, mentre e\u0300 impegnato nella scrittura di nuove canzoni, si occupa della promozione del disco con concerti in tutta Italia.<\/p>\n<p>&nbsp;<\/p>\n<p><a href=\"https:\/\/linktr.ee\/darionaccari\"><strong>https:\/\/linktr.ee\/darionaccari<\/strong><\/a><\/p>\n<p>&nbsp;<\/p>\n<p>Palermo, 3 giugno 2024<\/p>\n<p>Resp Comunicazione: Gabriele Lo Piccolo \u2013 3204424268 \u2013 <a href=\"mailto:info@gabrielelopiccolo.it\">info@gabrielelopiccolo.it<\/a><\/p>\n","protected":false},"excerpt":{"rendered":"<p>A partire da oggi \u00e8 online il videoclip di \u201cGiovani in Eterno\u201d &nbsp; Il 7 giugnoparte il tour siciliano di presentazione di \u201cMultiverso\u201d(ascolta qui), il disco d\u2019esordio del cantautore siciliano<\/p>\n<div><a class=\"permalink\" href=\"https:\/\/www.radioempire.it\/index.php\/2024\/06\/03\/il-7-giugno-parte-il-tour-siciliano-di-presentazione-di-multiverso-disco-desordio-del-cantautore-siciliano\/\">Read More&#8230;<\/a><\/div>\n","protected":false},"author":2,"featured_media":50791,"comment_status":"closed","ping_status":"closed","sticky":false,"template":"","format":"standard","meta":[],"categories":[36,78],"tags":[],"_links":{"self":[{"href":"https:\/\/www.radioempire.it\/index.php\/wp-json\/wp\/v2\/posts\/50789"}],"collection":[{"href":"https:\/\/www.radioempire.it\/index.php\/wp-json\/wp\/v2\/posts"}],"about":[{"href":"https:\/\/www.radioempire.it\/index.php\/wp-json\/wp\/v2\/types\/post"}],"author":[{"embeddable":true,"href":"https:\/\/www.radioempire.it\/index.php\/wp-json\/wp\/v2\/users\/2"}],"replies":[{"embeddable":true,"href":"https:\/\/www.radioempire.it\/index.php\/wp-json\/wp\/v2\/comments?post=50789"}],"version-history":[{"count":1,"href":"https:\/\/www.radioempire.it\/index.php\/wp-json\/wp\/v2\/posts\/50789\/revisions"}],"predecessor-version":[{"id":50793,"href":"https:\/\/www.radioempire.it\/index.php\/wp-json\/wp\/v2\/posts\/50789\/revisions\/50793"}],"wp:featuredmedia":[{"embeddable":true,"href":"https:\/\/www.radioempire.it\/index.php\/wp-json\/wp\/v2\/media\/50791"}],"wp:attachment":[{"href":"https:\/\/www.radioempire.it\/index.php\/wp-json\/wp\/v2\/media?parent=50789"}],"wp:term":[{"taxonomy":"category","embeddable":true,"href":"https:\/\/www.radioempire.it\/index.php\/wp-json\/wp\/v2\/categories?post=50789"},{"taxonomy":"post_tag","embeddable":true,"href":"https:\/\/www.radioempire.it\/index.php\/wp-json\/wp\/v2\/tags?post=50789"}],"curies":[{"name":"wp","href":"https:\/\/api.w.org\/{rel}","templated":true}]}}