{"id":50823,"date":"2024-06-05T21:15:28","date_gmt":"2024-06-05T21:15:28","guid":{"rendered":"https:\/\/www.radioempire.it\/?p=50823"},"modified":"2024-06-05T21:15:28","modified_gmt":"2024-06-05T21:15:28","slug":"vinitala-dal-14-al-16-giugno-il-vino-racconta-il-territorio-della-valle-del-monte-scuderi","status":"publish","type":"post","link":"https:\/\/www.radioempire.it\/index.php\/2024\/06\/05\/vinitala-dal-14-al-16-giugno-il-vino-racconta-il-territorio-della-valle-del-monte-scuderi\/","title":{"rendered":"Vinitala: dal 14 al 16 giugno il vino racconta il territorio della Valle del Monte Scuderi"},"content":{"rendered":"<p><strong>Tre giorni dedicati alla degustazione di vini e prodotti tipici locali. Giunta alla quarta edizione, la manifestazione promuove le eccellenze e le tradizioni di Itala e dintorni<\/strong><\/p>\n<p>Quando il vino interpreta il territorio. Il 14, 15 e 16 giugno torna l\u2019appuntamento con \u201cVinitala\u201d, la manifestazione che promuove le eccellenze enogastronomiche della Valle del Monte Scuderi. La quarta edizione di \u201cVinitala\u201d, organizzata dal Comune di Itala in collaborazione con l\u2019Arcipretura di Itala e la sezione territoriale di Ais Taormina dell&#8217;Associazione Italiana Sommelier Sicilia, si terr\u00e0 a Largo Badia, nella frazione di Croce, Itala. L\u2019incantevole Chiesa arabo-normanna dei Santi Pietro e Paolo, risalente al 1093 D.C., far\u00e0 da cornice all\u2019evento.<\/p>\n<p><strong>Tre giorni dedicati alla degustazione di vini e prodotti tipici locali, in una manifestazione unica in provincia di Messina<\/strong>. \u201cVinitala si propone di valorizzare un importante segmento produttivo dell&#8217;economia locale, le cui eccellenze enogastronomiche rappresentano il frutto di una trasformazione significativa del settore agricolo e, in particolare vitivinicolo, in forte rilancio nel comprensorio ionico del messinese\u201d, spiega il sindaco di Itala Daniele Laudini.<\/p>\n<p><strong>Vinitala nasce con l\u2019obiettivo di valorizzare e promuovere la tradizione vitivinicola del territorio.<\/strong> Durante la manifestazione, saranno previste degustazioni delle migliori eccellenze vinicole di Itala e dintorni. Inoltre, sar\u00e0 allestita un&#8217;area dedicata ai prodotti tipici, dove sar\u00e0 possibile assaporare le specialit\u00e0 gastronomiche che caratterizzano territorio. Questo connubio tra vino e cucina locale offrir\u00e0 un&#8217;esperienza autentica e coinvolgente, capace di valorizzare le radici e le tradizioni della Valle del Monte Scuderi.<\/p>\n<p><strong><img loading=\"lazy\" class=\"size-medium wp-image-50825 alignleft\" src=\"https:\/\/www.radioempire.it\/wp-content\/uploads\/2024\/06\/Vinitala2-300x200.jpg\" alt=\"\" width=\"300\" height=\"200\" srcset=\"https:\/\/www.radioempire.it\/wp-content\/uploads\/2024\/06\/Vinitala2-300x200.jpg 300w, https:\/\/www.radioempire.it\/wp-content\/uploads\/2024\/06\/Vinitala2-1024x682.jpg 1024w, https:\/\/www.radioempire.it\/wp-content\/uploads\/2024\/06\/Vinitala2-768x512.jpg 768w, https:\/\/www.radioempire.it\/wp-content\/uploads\/2024\/06\/Vinitala2-1536x1023.jpg 1536w, https:\/\/www.radioempire.it\/wp-content\/uploads\/2024\/06\/Vinitala2.jpg 1600w\" sizes=\"(max-width: 300px) 100vw, 300px\" \/>La manifestazione sar\u00e0 arricchita da un Convegno\/Masterclass \u201cIl sentiero dei Mamertini\u201d, a cura della sezione territoriale Ais Taormina dell\u2019Associazione italiana Sommelier Sicilia, che si terr\u00e0 sabato 5 giugno alle 18 in Piazza Badia<\/strong>. I sommelier di Ais Taormina guideranno i partecipanti attraverso un percorso sensoriale, illustrando le caratteristiche dei vini e il legame con il territorio origine. \u201cVinitala \u00e8 un\u2019opportunit\u00e0 unica per esplorare la vasta produzione locale e per comprendere come ogni bottiglia racconti una storia di passione, tradizione e territorio &#8211;\u00a0 dichiara Gioele Micali, esperto del sindaco in materia enogastronomica ed organizzazione di eventi &#8211; Siamo entusiasti di poter offrire un evento che non solo celebra il vino, ma anche le persone e i luoghi che lo rendono speciale\u201d.<\/p>\n<p><strong>Il Convegno nasce dalla realizzazione del \u201cProgetto di rete naturalistica integrata <\/strong>con il sistema turistico per lo sviluppo delle aree rurali dei Monti Peloritani centrali e della RNO di Fiumedinisi e Monte Scuderi\u201d. Grazie a tale intervento verranno ripristinati e riattati alcuni antichi sentieri che partendo da Itala, attraversando i Comuni di Fiumedinisi, Monforte San Giorgio giungeranno e Santa Lucia del Mela: un percorso che si snoda nei territori della zona tirrenica e in alcuni comuni della zona ionica, nel quale vengono proposte soste in aziende vinicole locali con produzione di livello nazionale.<br \/>\nSar\u00e0 dunque una occasione per illustrare il progetto e confrontarsi sulle potenzialit\u00e0 turistiche che tale opera generer\u00e0 sui territori.<\/p>\n<p><strong>Vino, ma solo.<\/strong> La degustazione di vini e prodotti tipici all\u2019interno degli spazi espositivi allestiti dalle attivit\u00e0 commerciali del luogo sar\u00e0 accompagnata da spettacoli musicali. Venerd\u00ec 14 giugno si esibir\u00e0 il gruppo \u201cFolk Val di Nisi\u201d. Sabato 15 giugno spettacolo d\u2019intrattenimento musicale con Fortunato e Valentina \u201cProgetto Tarantella Balla cu amuri 2024\u201d. Domenica 16 giugno, dopo la sfilata del Gran corteo Medievale a cura del Gruppo &#8220;Ruggero e Costanza&#8221; della Pro Loco Giovannello da Itala, la musica dei \u201cKamikaze &#8211; Tribute band Lucio Dalla\u201d.<\/p>\n<p><strong>Servizio di\u00a0<\/strong><\/p>\n<p><strong>Giusy Bottari<\/strong><\/p>\n<p>&nbsp;<\/p>\n","protected":false},"excerpt":{"rendered":"<p>Tre giorni dedicati alla degustazione di vini e prodotti tipici locali. Giunta alla quarta edizione, la manifestazione promuove le eccellenze e le tradizioni di Itala e dintorni Quando il vino<\/p>\n<div><a class=\"permalink\" href=\"https:\/\/www.radioempire.it\/index.php\/2024\/06\/05\/vinitala-dal-14-al-16-giugno-il-vino-racconta-il-territorio-della-valle-del-monte-scuderi\/\">Read More&#8230;<\/a><\/div>\n","protected":false},"author":2,"featured_media":50824,"comment_status":"closed","ping_status":"closed","sticky":false,"template":"","format":"standard","meta":[],"categories":[3,36],"tags":[],"_links":{"self":[{"href":"https:\/\/www.radioempire.it\/index.php\/wp-json\/wp\/v2\/posts\/50823"}],"collection":[{"href":"https:\/\/www.radioempire.it\/index.php\/wp-json\/wp\/v2\/posts"}],"about":[{"href":"https:\/\/www.radioempire.it\/index.php\/wp-json\/wp\/v2\/types\/post"}],"author":[{"embeddable":true,"href":"https:\/\/www.radioempire.it\/index.php\/wp-json\/wp\/v2\/users\/2"}],"replies":[{"embeddable":true,"href":"https:\/\/www.radioempire.it\/index.php\/wp-json\/wp\/v2\/comments?post=50823"}],"version-history":[{"count":1,"href":"https:\/\/www.radioempire.it\/index.php\/wp-json\/wp\/v2\/posts\/50823\/revisions"}],"predecessor-version":[{"id":50826,"href":"https:\/\/www.radioempire.it\/index.php\/wp-json\/wp\/v2\/posts\/50823\/revisions\/50826"}],"wp:featuredmedia":[{"embeddable":true,"href":"https:\/\/www.radioempire.it\/index.php\/wp-json\/wp\/v2\/media\/50824"}],"wp:attachment":[{"href":"https:\/\/www.radioempire.it\/index.php\/wp-json\/wp\/v2\/media?parent=50823"}],"wp:term":[{"taxonomy":"category","embeddable":true,"href":"https:\/\/www.radioempire.it\/index.php\/wp-json\/wp\/v2\/categories?post=50823"},{"taxonomy":"post_tag","embeddable":true,"href":"https:\/\/www.radioempire.it\/index.php\/wp-json\/wp\/v2\/tags?post=50823"}],"curies":[{"name":"wp","href":"https:\/\/api.w.org\/{rel}","templated":true}]}}