{"id":50961,"date":"2024-06-18T16:55:52","date_gmt":"2024-06-18T16:55:52","guid":{"rendered":"https:\/\/www.radioempire.it\/?p=50961"},"modified":"2024-06-18T16:55:52","modified_gmt":"2024-06-18T16:55:52","slug":"il-sito-di-scifi-ieri-alle-giornate-europee-dellarcheologia","status":"publish","type":"post","link":"https:\/\/www.radioempire.it\/index.php\/2024\/06\/18\/il-sito-di-scifi-ieri-alle-giornate-europee-dellarcheologia\/","title":{"rendered":"Il sito di Scif\u00ec ieri alle Giornate Europee dell\u2019Archeologia"},"content":{"rendered":"<h5><em>Domani a Limina film di Micheal Cavalieri su zolfatari <\/em><\/h5>\n<h5><em>\u00a0Gioved\u00ec l\u2019atteso solstizio con la l\u2019inaugurazione del museo immersivo\u00a0 <\/em><\/h5>\n<p><strong><em>\u00a0<\/em><\/strong><em>Archeoclub Area Ionica Messina ha proposto quest\u2019anno il sito archeologico di Scif\u00ec\u00a0 per partecipare alle Giornate Europee dell\u2019Archeologia cui aderisce anche Archeoclub d\u2019Italia e le sue sedi periferiche.<\/em><\/p>\n<p><em> <img loading=\"lazy\" class=\"size-medium wp-image-50963 alignleft\" src=\"https:\/\/www.radioempire.it\/wp-content\/uploads\/2024\/06\/Foto-1-GEA-Scifi-sito-300x169.jpg\" alt=\"\" width=\"300\" height=\"169\" srcset=\"https:\/\/www.radioempire.it\/wp-content\/uploads\/2024\/06\/Foto-1-GEA-Scifi-sito-300x169.jpg 300w, https:\/\/www.radioempire.it\/wp-content\/uploads\/2024\/06\/Foto-1-GEA-Scifi-sito-1024x576.jpg 1024w, https:\/\/www.radioempire.it\/wp-content\/uploads\/2024\/06\/Foto-1-GEA-Scifi-sito-768x432.jpg 768w, https:\/\/www.radioempire.it\/wp-content\/uploads\/2024\/06\/Foto-1-GEA-Scifi-sito-1536x864.jpg 1536w, https:\/\/www.radioempire.it\/wp-content\/uploads\/2024\/06\/Foto-1-GEA-Scifi-sito.jpg 2048w\" sizes=\"(max-width: 300px) 100vw, 300px\" \/>Ieri (16.6.2024) alle 19 presso il sito archeologico di Scif\u00ec, il presidente Filippo Brianni ha illustrato le caratteristiche del sito e le vicende che hanno portato alla sua scoperta da parte dell\u2019ing. Giuseppe Lombardo nell\u2019ormai lontano 1987, nonch\u00e9 le evoluzioni degli scavi e la necessit\u00e0 che le indagini proseguono per accertare l\u2019esatta natura degli imponenti resti finora ritrovati, di et\u00e0 principalmente romana ed in parte greca. Poi l\u2019attenzione si \u00e8 concentrata sulla tesi del prof. Lombardo circa la collocazione sulla riviera jonica della famosa scena del XII canto dell\u2019Odissea del sacrilegio dei buoi del Dio Sole. <\/em><\/p>\n<p><em>Le letture dei brani omerici sono stati eseguiti da Ketty Tam\u00e0 e Agostina La Torre, mentre le nipoti del professore Lombardo, Giulia e Stefania Lombardo, hanno dato lettura della tesi contenuta nel libro \u201cScif\u00ec, da Omero ad oggi\u201d.<\/em><\/p>\n<p><em>La presidente dell\u2019Osservatorio dei Beni Culturali, Ninuccia Foti, ha auspicato che il testo di Lombardo sia oggetto di approfondimento nelle scuole.<\/em><\/p>\n<p><strong><em>\u00a0<\/em><em>DOMANI A LIMINA <\/em><\/strong><\/p>\n<p><em>Domani (18.6) Archeoclub sar\u00e0 partner di un evento organizzato dal Comune di Limina, che presso il centro Scaldara allestir\u00e0 la proiezione del film La Porta dell\u2019Inferno, alla presenza del suo regista, il siculo-americano Michael Cavalieri. Il film tratta delle vicende degli zolfatari, soprattutto in Sicilia meridionale, ma Cavalieri \u00e8 anche nipote di un emigrante liminese al quale alcuni anni fa dedic\u00f2 il film, \u201cRitornato\u201d.<\/em><\/p>\n<p><strong><em>\u00a0<\/em><em>IL 20 GIUGNO, MUSEO IMMERSIVO A S. PIETRO<\/em><\/strong><\/p>\n<p>La Decima edizione di \u201cMiti, poeti, sogni, pittori e santi nella Valle d\u2019Agr\u00f2\u201d avr\u00e0 luogo gioved\u00ec 20 giugno. Sar\u00e0 l\u2019occasione, er l\u2019inaugurazione del museo immersivo dei SS. Pietro e Paolo di Agr\u00f2, realizzato nei locali annessi all\u2019Abbazia grazie alla sinergia tra Comune, Parco di Naxos ed Archeoclub e grazie soprattutto al coordinamento di Ketty Tam\u00e0 (vice presidente di Archeoclub Area Ionica), che ne sar\u00e0 la direttrice. L\u2019evento inizier\u00e0 alle 17.30 con un prologo di Carmela Gressini sulla \u201cScala Paradisi: una guida di imperturbabile modernit\u00e0 dalla biblioteca medievale dei SS. Pietro e Paolo d\u2019Agr\u00f2\u201d. Subito dopo avr\u00e0 luogo l\u2019inaugurazione del museo che verr\u00e0 illustrato da Ketty Tam\u00e0 alla presenza del sindaco, Marco Saetti, della direttrice del Parco di Naxos Gabriella Tigano, del presidente di Archeoclub Area Jonica Filippo Brianni, della prof.ssa Marinella Arena, della Odd Agency e del sacerdote casalvetino, don Alessandro Malaponte.<\/p>\n<p>Tra l\u2019altro, sabato 22, Casalvecchio assister\u00e0 ad un\u2019altra inaugurazione, quella della chiesa di S. Teodoro recentemente salvata e restaurata.<\/p>\n<p>&nbsp;<\/p>\n<p>Scif\u00ec di Forza d\u2019Agr\u00f2, 17.6.24<\/p>\n<p>&nbsp;<\/p>\n<p>ARCHEOCLUB<\/p>\n<p>AREA JONICA MESSINA A.P.S.<\/p>\n<p>Il Presidente<\/p>\n<p>Avv. Filippo Brianni<\/p>\n","protected":false},"excerpt":{"rendered":"<p>Domani a Limina film di Micheal Cavalieri su zolfatari \u00a0Gioved\u00ec l\u2019atteso solstizio con la l\u2019inaugurazione del museo immersivo\u00a0 \u00a0Archeoclub Area Ionica Messina ha proposto quest\u2019anno il sito archeologico di Scif\u00ec\u00a0<\/p>\n<div><a class=\"permalink\" href=\"https:\/\/www.radioempire.it\/index.php\/2024\/06\/18\/il-sito-di-scifi-ieri-alle-giornate-europee-dellarcheologia\/\">Read More&#8230;<\/a><\/div>\n","protected":false},"author":2,"featured_media":50962,"comment_status":"closed","ping_status":"closed","sticky":false,"template":"","format":"standard","meta":[],"categories":[36,78],"tags":[],"_links":{"self":[{"href":"https:\/\/www.radioempire.it\/index.php\/wp-json\/wp\/v2\/posts\/50961"}],"collection":[{"href":"https:\/\/www.radioempire.it\/index.php\/wp-json\/wp\/v2\/posts"}],"about":[{"href":"https:\/\/www.radioempire.it\/index.php\/wp-json\/wp\/v2\/types\/post"}],"author":[{"embeddable":true,"href":"https:\/\/www.radioempire.it\/index.php\/wp-json\/wp\/v2\/users\/2"}],"replies":[{"embeddable":true,"href":"https:\/\/www.radioempire.it\/index.php\/wp-json\/wp\/v2\/comments?post=50961"}],"version-history":[{"count":1,"href":"https:\/\/www.radioempire.it\/index.php\/wp-json\/wp\/v2\/posts\/50961\/revisions"}],"predecessor-version":[{"id":50964,"href":"https:\/\/www.radioempire.it\/index.php\/wp-json\/wp\/v2\/posts\/50961\/revisions\/50964"}],"wp:featuredmedia":[{"embeddable":true,"href":"https:\/\/www.radioempire.it\/index.php\/wp-json\/wp\/v2\/media\/50962"}],"wp:attachment":[{"href":"https:\/\/www.radioempire.it\/index.php\/wp-json\/wp\/v2\/media?parent=50961"}],"wp:term":[{"taxonomy":"category","embeddable":true,"href":"https:\/\/www.radioempire.it\/index.php\/wp-json\/wp\/v2\/categories?post=50961"},{"taxonomy":"post_tag","embeddable":true,"href":"https:\/\/www.radioempire.it\/index.php\/wp-json\/wp\/v2\/tags?post=50961"}],"curies":[{"name":"wp","href":"https:\/\/api.w.org\/{rel}","templated":true}]}}