{"id":51202,"date":"2024-07-15T06:46:23","date_gmt":"2024-07-15T06:46:23","guid":{"rendered":"https:\/\/www.radioempire.it\/?p=51202"},"modified":"2024-07-15T06:46:23","modified_gmt":"2024-07-15T06:46:23","slug":"acireale-ultima-giornata-della-rassegna-le-stranezze-di-roberto-ando-grande-attesa-per-larrivo-di-ficarra-e-picone","status":"publish","type":"post","link":"https:\/\/www.radioempire.it\/index.php\/2024\/07\/15\/acireale-ultima-giornata-della-rassegna-le-stranezze-di-roberto-ando-grande-attesa-per-larrivo-di-ficarra-e-picone\/","title":{"rendered":"Acireale, ultima giornata della rassegna \u2018Le stranezze di Roberto And\u00f2\u2019. Grande attesa per l\u2019arrivo di Ficarra e Picone."},"content":{"rendered":"<div>Saranno Ficarra e Picone gli ospiti pi\u00f9 attesi della serata conclusiva della rassegna cinematografica \u201cLe stranezze di Roberto And\u00f2: da Tomasi di Lampedusa e Luigi Pirandello\u201d, organizzata dal Comune di Acireale, con il patrocinio e il sostegno della Regione Siciliana\u00a0e con la direzione artistica di Mario Patan\u00e8. Il duo comico giunger\u00e0 questa sera, alle ore 21, nella Villa Belvedere di Acireale, insieme al regista Roberto And\u00f2 e all\u2019attrice Donatella Finocchiaro, per prendere parte al dibattito, condotto dalla giornalista Simona Pulvirenti, che preceder\u00e0 la proiezione de \u2018La stranezza\u2019, pellicola pluripremiata con quattro David di Donatello e il Nastro d\u2019argento dell\u2019anno. I due attori palermitani, protagonisti anche de \u2018L\u2019abbaglio\u2019, l\u2019ultimo film diretto da Roberto And\u00f2, in uscita il prossimo gennaio, regaleranno al pubblico tanta ironia condita dal loro caratteristico e dissacrante sarcasmo.<\/div>\n<div>Ieri \u00e8 stato il thriller \u2018Le confessioni\u2019 al centro del \u2018talk\u2019 che ha preceduto la proiezione della pellicola. Sul palco il regista e i critici cinematografici Fabio Ferzetti e Marco Olivieri.<\/div>\n<div><\/div>\n<div>Bloccato dai postumi di una leggera influenza il protagonista del film Toni Servillo, intervenuto in collegamento telefonico. \u201cSono molto legato a Roberto e alla Sicilia \u2013 ha esordito l\u2019attore campano \u2013 e sono davvero molto dispiaciuto di non essere l\u00ec con voi\u201d. Servillo ha poi raccontato la propria visione sul film \u2018Le confessioni\u2019. \u201cIn questo viaggio che Roberto opera nella realt\u00e0, in quello che ci circonda, con un occhio molto attento \u2013 ha detto -inserisce sempre un elemento che forza la visione della realt\u00e0, un elemento di fantasia. Nel caso di questo film ha addirittura precorso i tempi perch\u00e9 ha immaginato un uomo di fede, di forte spiritualit\u00e0, partecipare ad un convegno dei grandi della terra, un G7. Ed \u00e8 notizia di pochi mesi fa \u2013 ha proseguito l\u2019attore &#8211; che i grandi della terra hanno sentito la necessit\u00e0 di invitare papa Francesco al loro stesso tavolo. Con tutti i significati che ognuno pu\u00f2 attribuire ad un fatto del genere che, dal punto di vista simbolico, \u00e8 un fatto molto importante perch\u00e9 se continuiamo, e questo \u00e8 il messaggio che ci d\u00e0 anche Roberto And\u00f2 con questo film, sulla strada della disumanizzazione non si va molto avanti. \u00c8 necessario recuperare dei valori legati all\u2019interiorit\u00e0, al silenzio, allo spirito, all\u2019avventura di un cammino che su questa terra ha dei limiti e \u2013 ha concluso Servillo &#8211; che va assolutamente nella direzione contraria di una onnipotenza tecnocratica\u201d.<\/div>\n<div><img loading=\"lazy\" class=\"size-medium wp-image-51204 alignleft\" src=\"https:\/\/www.radioempire.it\/wp-content\/uploads\/2024\/07\/Simona-Pulvirenti-e-Roberto-Ando\u0300-300x200.jpg\" alt=\"\" width=\"300\" height=\"200\" srcset=\"https:\/\/www.radioempire.it\/wp-content\/uploads\/2024\/07\/Simona-Pulvirenti-e-Roberto-Ando\u0300-300x200.jpg 300w, https:\/\/www.radioempire.it\/wp-content\/uploads\/2024\/07\/Simona-Pulvirenti-e-Roberto-Ando\u0300-768x512.jpg 768w, https:\/\/www.radioempire.it\/wp-content\/uploads\/2024\/07\/Simona-Pulvirenti-e-Roberto-Ando\u0300.jpg 1024w\" sizes=\"(max-width: 300px) 100vw, 300px\" \/><\/div>\n<div>Sul ruolo di Servillo e sul profondo significato del film \u00e8 intervenuto lo stesso regista. \u201cToni \u00e8 un attore di grandissimo rigore, che si prepara ai ruoli in un modo che a me ricorda un altro amico carissimo, Gian Maria Volont\u00e8 \u2013 ha detto And\u00f2 &#8211; Toni, in modo diverso, ha lo stesso modo di applicarsi al ruolo. E questo impegno di interpretare un monaco, la cui caratteristica \u00e8 proprio di praticare il silenzio, \u00e8 stato molto impegnativo. Un ruolo che lo ha portato a studiare e a cui ha aderito di cuore. Entrambi condividiamo l\u2019idea che fosse il momento di fare un film per dire che non viviamo nel migliore dei mondi possibili, che questo capitalismo sfrenato non ci accontenta, che questo modo di gestire l\u2019economia con disumanit\u00e0 non va bene. E poi ci siamo accorti che queste cose hanno iniziato a dirle in tanti anche se in quel momento alcuni hanno reagito con resistenza. L\u2019adesione di Toni contraddistingue un suo modo di essere attore. Non \u00e8 un attore che non partecipa alla materia. Io ho fatto quattro film con lui, compreso quello che uscir\u00e0 nel gennaio prossimo. Questo vuol dire che c\u2019\u00e8 anche un sodalizio di pensiero. Tolstoj diceva \u2018uomini dello stesso sentire\u2019. Ecco \u2013 ha concluso &#8211; sento che io e Toni siamo uomini dello stesso sentire\u201d.<\/div>\n<div><\/div>\n<div><strong>U.S. Maria Bella<\/strong><\/div>\n<div><strong>3284176181<\/strong><\/div>\n<div><strong>Tessera Odg N\u00b0 073783<\/strong><\/div>\n<div><\/div>\n<div><\/div>\n","protected":false},"excerpt":{"rendered":"<p>Saranno Ficarra e Picone gli ospiti pi\u00f9 attesi della serata conclusiva della rassegna cinematografica \u201cLe stranezze di Roberto And\u00f2: da Tomasi di Lampedusa e Luigi Pirandello\u201d, organizzata dal Comune di<\/p>\n<div><a class=\"permalink\" href=\"https:\/\/www.radioempire.it\/index.php\/2024\/07\/15\/acireale-ultima-giornata-della-rassegna-le-stranezze-di-roberto-ando-grande-attesa-per-larrivo-di-ficarra-e-picone\/\">Read More&#8230;<\/a><\/div>\n","protected":false},"author":2,"featured_media":51203,"comment_status":"closed","ping_status":"closed","sticky":false,"template":"","format":"standard","meta":[],"categories":[36,78],"tags":[],"_links":{"self":[{"href":"https:\/\/www.radioempire.it\/index.php\/wp-json\/wp\/v2\/posts\/51202"}],"collection":[{"href":"https:\/\/www.radioempire.it\/index.php\/wp-json\/wp\/v2\/posts"}],"about":[{"href":"https:\/\/www.radioempire.it\/index.php\/wp-json\/wp\/v2\/types\/post"}],"author":[{"embeddable":true,"href":"https:\/\/www.radioempire.it\/index.php\/wp-json\/wp\/v2\/users\/2"}],"replies":[{"embeddable":true,"href":"https:\/\/www.radioempire.it\/index.php\/wp-json\/wp\/v2\/comments?post=51202"}],"version-history":[{"count":1,"href":"https:\/\/www.radioempire.it\/index.php\/wp-json\/wp\/v2\/posts\/51202\/revisions"}],"predecessor-version":[{"id":51205,"href":"https:\/\/www.radioempire.it\/index.php\/wp-json\/wp\/v2\/posts\/51202\/revisions\/51205"}],"wp:featuredmedia":[{"embeddable":true,"href":"https:\/\/www.radioempire.it\/index.php\/wp-json\/wp\/v2\/media\/51203"}],"wp:attachment":[{"href":"https:\/\/www.radioempire.it\/index.php\/wp-json\/wp\/v2\/media?parent=51202"}],"wp:term":[{"taxonomy":"category","embeddable":true,"href":"https:\/\/www.radioempire.it\/index.php\/wp-json\/wp\/v2\/categories?post=51202"},{"taxonomy":"post_tag","embeddable":true,"href":"https:\/\/www.radioempire.it\/index.php\/wp-json\/wp\/v2\/tags?post=51202"}],"curies":[{"name":"wp","href":"https:\/\/api.w.org\/{rel}","templated":true}]}}