{"id":51209,"date":"2024-07-15T11:14:06","date_gmt":"2024-07-15T11:14:06","guid":{"rendered":"https:\/\/www.radioempire.it\/?p=51209"},"modified":"2024-07-15T11:26:50","modified_gmt":"2024-07-15T11:26:50","slug":"acireale-pubblico-delle-grandi-occasioni-per-la-serata-finale-della-rassegna-su-roberto-ando-grandi-mattatori-ficarra-e-picone","status":"publish","type":"post","link":"https:\/\/www.radioempire.it\/index.php\/2024\/07\/15\/acireale-pubblico-delle-grandi-occasioni-per-la-serata-finale-della-rassegna-su-roberto-ando-grandi-mattatori-ficarra-e-picone\/","title":{"rendered":"Acireale, pubblico delle grandi occasioni per la serata finale della rassegna su Roberto And\u00f2. Grandi mattatori Ficarra e Picone. \u00a0"},"content":{"rendered":"<div><\/div>\n<div>L\u2019arrivo di Ficarra e Picone, ieri sera, regala brio e momenti di comicit\u00e0 alla Villa Belvedere di Acireale, nella giornata conclusiva della rassegna cinematografica \u201cLe stranezze di Roberto And\u00f2: da Tomasi di Lampedusa a Luigi Pirandello\u201d. I due attori palermitani infiammano il pubblico accorso in massa per incontrare i loro beniamini. Sul palco, prima della proiezione de \u2018La stranezza\u2019, film da incassi record e pluripremiato, Ficarra e Picone e Roberto And\u00f2 sono i protagonisti del dibattito moderato dal critico cinematografico Emiliano Morreale. Il regista racconta la genesi della pellicola su Pirandello. \u201cTutto ha avuto origine proprio con Salvo e Valentino perch\u00e9 ci eravamo ripromessi che avremmo fatto un film insieme \u2013 spiega And\u00f2 &#8211; Mi ha sempre incuriosito il retroscena di questo grande capolavoro che \u00e8 \u2018I sei personaggi\u2019 ed \u00e8 stata l\u2019occasione per mettere in linea, in modo fantastico, le idee che nel tempo avevo maturato su questo autore. A loro \u00e8 piaciuta molto l\u2019idea ed \u00e8 piaciuta anche a Toni (Servillo). Le prime volte che abbiamo fatto delle letture con loro due e Toni sembrava che ci fosse sempre stata questa possibilit\u00e0. Ed \u00e8 stato un film molto felice. \u00c8 stato molto felice incontrarli artisticamente, passare del tempo con loro, tanto che non ho voluto far passare troppo tempo ed abbiamo ricominciato a girare dopo poco\u201d.<\/div>\n<div><img loading=\"lazy\" class=\"size-medium wp-image-51212 alignleft\" src=\"https:\/\/www.radioempire.it\/wp-content\/uploads\/2024\/07\/Serata-finale-rassegna-cinema-2-300x200.jpg\" alt=\"\" width=\"300\" height=\"200\" srcset=\"https:\/\/www.radioempire.it\/wp-content\/uploads\/2024\/07\/Serata-finale-rassegna-cinema-2-300x200.jpg 300w, https:\/\/www.radioempire.it\/wp-content\/uploads\/2024\/07\/Serata-finale-rassegna-cinema-2-768x512.jpg 768w, https:\/\/www.radioempire.it\/wp-content\/uploads\/2024\/07\/Serata-finale-rassegna-cinema-2.jpg 1024w\" sizes=\"(max-width: 300px) 100vw, 300px\" \/><\/div>\n<div>Nel prossimo film, \u2018L\u2019abbaglio\u2019, in uscita a gennaio, riconfermato in blocco il cast. \u201cCi saranno molte occasioni di divertimento, forse anche pi\u00f9 de \u2018La stranezza\u2019, e ci saranno, per\u00f2, forse pi\u00f9 de \u2018La stranezza\u2019, occasioni drammatiche \u2013 spiega ancora And\u00f2 &#8211; L\u2019unica cosa che posso dire \u00e8 che in questo film sono partito da un dato storico, un dato molto poco conosciuto perch\u00e9 rimasto sempre nei retroscena, e riguarda il momento in cui Garibaldi deve entrare a Palermo. Ha gi\u00e0 vinto a Calatafimi, ha fatto dei passaggi importanti e fondamentali ma si rende conto che il rapporto numerico con i Borboni e la difesa di Palermo \u00e8 impossibile. E allora inventa, con quella fantasia che ha sempre avuto anche quando stava in Sudamerica e con quella capacit\u00e0 di guerriglia che aveva, una manovra diversiva che affida al colonnello Orsini, che nel film \u00e8 Toni Servillo. Su questa storia, che mi ha sempre affascinato, si innesca un\u2019invenzione sostanziale che riguarda proprio Ficarra e Picone, il loro ruolo. La combinazione di questi tre personaggi, loro due e Toni Servillo \u2013 conclude &#8211; \u00e8 piuttosto sorprendente\u201d.<\/div>\n<div><\/div>\n<div>Ci pensa Salvatore Ficarra a regalare al pubblico un piccolo spoiler del film. \u201cC\u2019\u00e8 un momento in particolare in cui ci siamo molto emozionati \u2013 racconta &#8211; ed \u00e8 la scena dell\u2019imbarco di questi Mille che si trovano nelle scialuppe per raggiungere le navi. Ci sono diverse scialuppe in acqua e, per esempio, nella scialuppa in cui siamo noi c\u2019\u00e8 un toscano, un veneto, un milanese, che parlano e dicono \u2018Dobbiamo andare, dobbiamo cacciare via questi Borboni\u2019. Cacciare da dove? I Borboni non c\u2019erano a Milano, erano da noi. Quindi sentivano questa parte d\u2019Italia come un pezzo loro. Sono venuti nel nome di un un\u2019ideale di unit\u00e0. E poi nel silenzio della rada \u2013 conclude &#8211; da una barca si alza uno e comincia a cantare \u2018Va pensiero\u2019, nel silenzio. \u00c8 stato emozionantissimo\u201d. Subito Picone lo punzecchia. \u201cSe lo fai parlare ve lo racconta tutto il film. Salvo ha questa caratteristica \u2013 spiega &#8211; Infatti nella serie tv che abbiamo fatto, \u2018Incastrati\u2019, c\u2019\u00e8 lui che \u00e8 fissato con le serie tv e mi tormenta, me le racconta tutte. Quello \u00e8 un pezzo autobiografico\u201d.<\/div>\n<div><\/div>\n<div>Infine, i due attori raccontano il rapporto instaurato con Toni Servillo. \u201cCon Toni abbiamo un bel rapporto perch\u00e9 ci divertiamo \u2013 spiega Valentino Picone &#8211; Lavorare con Toni \u00e8 come giocare con Maradona. Noi non abbiamo mai giocato a calcio per\u00f2 possiamo immaginare come un giocatore come Maradona facesse la differenza e facesse diventare pi\u00f9 bravi anche gli altri. Ecco, lavorare con Toni, significa questo\u201d. E Ficarra svela. \u201cE poi Toni, oltre il film, a differenza di quello che si pu\u00f2 pensare e questa \u00e8 stata la grande scoperta umana, \u00e8 un compagno di cene e serate divertentissimo\u201d. Un trio che insieme funziona. \u00a0\u201cL\u2019amicizia con Salvo e Valentino, secondo me \u2013 racconta And\u00f2 &#8211; ha fatto bene a Toni. Nel senso che Toni \u00e8 arrivato ad un momento della sua vita in cui \u00e8 veramente al massimo ma ha anche semplificato i suoi percorsi, come tutti noi. Quando, per esempio, facevamo le presentazioni de La stranezza, se eravamo solo io e Toni eravamo fregati perch\u00e9 il pubblico si annoiava. Appena arrivavano loro la sala si infiammava. Nasceva una comunicazione diversa. Quindi, secondo me \u2013 conclude &#8211; ci ha fatto bene\u201d.<\/div>\n<div><\/div>\n<div>Con la proiezione del film si \u00e8 chiusa con successo la prima rassegna cinematografica, organizzata dal Comune di Acireale, con il patrocinio e il sostegno della Regione Siciliana, e con la direzione artistica di Mario Patan\u00e8. \u201cRingrazio tutti gli ospiti ed in particolare Roberto And\u00f2 per aver accettato il nostro invito, il direttore artistico Mario Patan\u00e8 e tutti coloro che si sono spesi per la buona riuscita di questa prima rassegna cinematografica nella citt\u00e0 di Acireale \u2013 ha detto il sindaco Roberto Barbagallo &#8211; Per noi \u00e8 stato motivo di vanto avere degli artisti di questo livello nella nostra citt\u00e0. Aspettiamo con trepidazione l\u2019uscita del tuo prossimo film, che sono sicuro sar\u00e0 bello come i precedenti. Siamo davvero soddisfatti di questa prima edizione e della risposta del pubblico. Speriamo di proseguire nei prossimi anni e di avere ospiti di questo livello e perch\u00e9 no, Roberto, speriamo anche in un tuo ritorno nella nostra citt\u00e0, magari per girare qualche film nel nostro bel centro storico. Ti ringrazio \u2013 ha concluso &#8211; a nome di tutta la citt\u00e0\u201d. La manifestazione che ha visto sfilare, tra gli altri, ospiti come Isabella Ragonese, David Coco, Donatella Finocchiaro e Valeria Solarino, ha ricevuto ampi consensi di pubblico. \u201cStasera chiudiamo una rassegna che \u00e8 andata in crescendo \u2013 ha detto l\u2019assessore alla Cultura, Enzo Di Mauro &#8211; Il nome di Roberto And\u00f2 era naturalmente una garanzia. Grazie Roberto per averci dedicato il tuo tempo e ringrazio tutti gli ospiti che hanno accettato il nostro invito. Questa sera chiudiamo in bellezza con Ficarra e Picone. \u00c8 stato un lavoro duro e faticoso ma siamo riusciti a centrare l\u2019obiettivo. Questa \u00e8 stata una sorta di edizione zero. Il riscontro \u00e8 stato positivo. Un ringraziamento particolare va al nostro direttore artistico Mario Patan\u00e8\u201d. Il regista ha pi\u00f9 volte sottolineato il carattere affettuoso e familiare della rassegna. Un\u2019impronta voluta dal direttore artistico. \u201cSono contento di aver riunito ad Acireale tanti amici \u2013 ha detto Mario Patan\u00e8 \u2013 Persone con cui ho un rapporto di amicizia da tantissimi anni e che, non appena ho fatto il nome di Roberto And\u00f2, hanno dato subito la loro disponibilit\u00e0. Grazie Roberto\u201d.<\/div>\n<div><\/div>\n<div>\n<div>Link: <a id=\"OWA87e60d60-9fe6-73b1-ab08-104596060483\" class=\"x_x_x_x_OWAAutoLink\" href=\"https:\/\/www.transfernow.net\/dl\/20240715ErYusjKm\/1kzTDMCi\" data-auth=\"NotApplicable\"> https:\/\/www.transfernow.net\/dl\/20240715ErYusjKm\/1kzTDMCi<\/a><\/div>\n<div><a id=\"OWAce7ea8a5-041c-59f1-b3c8-7ce602d04ab7\" class=\"x_x_x_x_OWAAutoLink\" href=\"https:\/\/www.transfernow.net\/dl\/20240715lV0sfTSi\/DzwcM46c\" data-auth=\"NotApplicable\">https:\/\/www.transfernow.net\/dl\/20240715lV0sfTSi\/DzwcM46c<\/a><\/div>\n<\/div>\n<div>\n<div><\/div>\n<div><strong>U.S. Maria Bella<\/strong><\/div>\n<div><strong>3284176181<\/strong><\/div>\n<div><strong>Tessera Odg N\u00b0 073783<\/strong><\/div>\n<\/div>\n","protected":false},"excerpt":{"rendered":"<p>L\u2019arrivo di Ficarra e Picone, ieri sera, regala brio e momenti di comicit\u00e0 alla Villa Belvedere di Acireale, nella giornata conclusiva della rassegna cinematografica \u201cLe stranezze di Roberto And\u00f2: da<\/p>\n<div><a class=\"permalink\" href=\"https:\/\/www.radioempire.it\/index.php\/2024\/07\/15\/acireale-pubblico-delle-grandi-occasioni-per-la-serata-finale-della-rassegna-su-roberto-ando-grandi-mattatori-ficarra-e-picone\/\">Read More&#8230;<\/a><\/div>\n","protected":false},"author":2,"featured_media":51210,"comment_status":"closed","ping_status":"closed","sticky":false,"template":"","format":"standard","meta":[],"categories":[36,78],"tags":[],"_links":{"self":[{"href":"https:\/\/www.radioempire.it\/index.php\/wp-json\/wp\/v2\/posts\/51209"}],"collection":[{"href":"https:\/\/www.radioempire.it\/index.php\/wp-json\/wp\/v2\/posts"}],"about":[{"href":"https:\/\/www.radioempire.it\/index.php\/wp-json\/wp\/v2\/types\/post"}],"author":[{"embeddable":true,"href":"https:\/\/www.radioempire.it\/index.php\/wp-json\/wp\/v2\/users\/2"}],"replies":[{"embeddable":true,"href":"https:\/\/www.radioempire.it\/index.php\/wp-json\/wp\/v2\/comments?post=51209"}],"version-history":[{"count":2,"href":"https:\/\/www.radioempire.it\/index.php\/wp-json\/wp\/v2\/posts\/51209\/revisions"}],"predecessor-version":[{"id":51218,"href":"https:\/\/www.radioempire.it\/index.php\/wp-json\/wp\/v2\/posts\/51209\/revisions\/51218"}],"wp:featuredmedia":[{"embeddable":true,"href":"https:\/\/www.radioempire.it\/index.php\/wp-json\/wp\/v2\/media\/51210"}],"wp:attachment":[{"href":"https:\/\/www.radioempire.it\/index.php\/wp-json\/wp\/v2\/media?parent=51209"}],"wp:term":[{"taxonomy":"category","embeddable":true,"href":"https:\/\/www.radioempire.it\/index.php\/wp-json\/wp\/v2\/categories?post=51209"},{"taxonomy":"post_tag","embeddable":true,"href":"https:\/\/www.radioempire.it\/index.php\/wp-json\/wp\/v2\/tags?post=51209"}],"curies":[{"name":"wp","href":"https:\/\/api.w.org\/{rel}","templated":true}]}}