{"id":51214,"date":"2024-07-15T11:24:18","date_gmt":"2024-07-15T11:24:18","guid":{"rendered":"https:\/\/www.radioempire.it\/?p=51214"},"modified":"2024-07-15T11:28:23","modified_gmt":"2024-07-15T11:28:23","slug":"un-mare-di-arte-e-cultura-quarta-edizione","status":"publish","type":"post","link":"https:\/\/www.radioempire.it\/index.php\/2024\/07\/15\/un-mare-di-arte-e-cultura-quarta-edizione\/","title":{"rendered":"UN MARE DI ARTE E CULTURA quarta edizione"},"content":{"rendered":"<p><strong>DAL 18\u00a0 AL 21 LUGLIO TORNA \u201cUN MARE DI ARTE E CULTURA\u201d <\/strong><strong>A FURCI SICULO <\/strong><\/p>\n<p><em>La manifestazione, alla quarta edizione, quest\u2019anno \u00e8 ancora pi\u00f9 ricca con concerti all\u2019alba, al tramonto e fino a tarda serata e<br \/>\ntantissimi musicisti di caratura internazionale. <\/em><\/p>\n<p><strong><em>Oltre al patrocinio del Comune di Furci Siculo, c\u2019\u00e8 anche il contributo dell\u2019Assessorato alle autonomie locali e alla funzione pubblica della Regione Sicilia<\/em><\/strong><\/p>\n<p><em>\u00a0<\/em><\/p>\n<p><strong>Furci Siculo (ME)<\/strong>. Dall\u2019alba fino alla notte in un continuum di musica e iniziative culturali. Questo e tanto altro \u00e8 \u201c<strong>UN MARE DI ARTE E CULTURA<\/strong>\u201d, manifestazione alla sua <strong>quarta edizione<\/strong>, che si terr\u00e0 dal <strong>18 al 21 luglio 2024 <\/strong>a<strong> Furci Siculo (ME)<\/strong>, tra la spiaggia e la piazza Sacro Cuore.<\/p>\n<p>Una quattro giorni con tanti appuntamenti suddivisi tra<strong> l\u2019alba, il tramonto e la sera<\/strong>, sotto la direzione artistica di<strong> Carmelo Coglitore, <\/strong>artista di respiro internazionale\u00a0 e didatta, di <strong>Fabio Raspa<\/strong>, proprietario della libreria Mondadori Point di Furci Siculo e <strong>Alessandro Niosi,<\/strong> presidente dell\u2019Associazione musicale Citt\u00e0 di Furci Siculo con il patrocinio del Comune di Furci Siculo e dell\u2019Assessorato alle autonomie locali e alla funzione pubblica della Regione Sicilia che ha riconosciuto il suo contributo alla manifestazione.<\/p>\n<p>Tantissimi gli artisti di fama internazionale che si esibiranno durante questi quattro giorni nella cittadina della riviera jonica, per citarne alcuni: il vibrafonista <strong>\u00a0Pasquale Mirra<\/strong>, il trombettista <strong>Giacomo Tantillo,<\/strong> la chitarra battente di <strong>Francesco Loccisano<\/strong>, il chitarrista<strong> Domenico Caliri<\/strong>, i pianisti<strong> Luciano Troja<\/strong> e<strong> Fabrizio Puglisi<\/strong>.<\/p>\n<p>L\u2019evento prender\u00e0 il via alle 21.30 del 18 luglio 2024 per poi suddividersi tra albe con il \u201cSaluto al sole musicale\u201d, tramonti e i concerti in piazza. Il tramonto sar\u00e0 caratterizzato ogni giorno, dal 19 al 21 luglio, da Body Music &amp; Drum Circle in spiaggia a cura di Stefano Baroni, con giochi e percussioni che prevedono anche il coinvolgimento del pubblico.<br \/>\nDi seguito i dettagli del programma giorno per giorno (per schede e foto dei musicisti si rimanda alla cartella per la stampa: <a href=\"https:\/\/bit.ly\/un-mare-di-arte-e-cultura-2024\">bit.ly\/un-mare-di-arte-e-cultura-2024<\/a>)<\/p>\n<h2><strong>Il programma del 18 luglio <\/strong><\/h2>\n<p>Si parte gioved\u00ec 18 luglio alle 21.30 in piazza Sacro Cuore a Furci Siculo con \u201cTwo in Sicily\u201d, un progetto artistico che quest&#8217;anno compie vent&#8217;anni. <strong>Carmelo Coglitore<\/strong> al clarinetto e <strong>Luciano Troja<\/strong> al pianoforte interpreteranno antiche arie siciliane\u00a0 messinesi in chiave jazzistica. A donare ulteriori suggestioni ci sar\u00e0 la voce recitante dell\u2019attrice <strong>Cristiana Minasi.<\/strong> Alle 22.30 \u201cPiano solo\u201d di <strong>Fabrizio Puglisi<\/strong>.<\/p>\n<h2><strong>Il programma del 19 luglio<\/strong><\/h2>\n<p><strong>Venerd\u00ec 19 luglio<\/strong> \u201cUn mare di arte e cultura\u201d inizier\u00e0 all\u2019alba, alle<strong> 5<\/strong>, con la musica protagonista del risveglio della cittadina di Furci. A esibirsi sulla spiaggia antistante il ristorante \u201cSapori di mare\u201d (dove si terranno tutte le albe) sar\u00e0 <strong>Giacomo Tantillo <\/strong>che allieter\u00e0 con la sua tromba chi vorr\u00e0 godersi lo splendido spettacolo del sole che sorge sul mare. Come dopo ogni alba all\u2019insegna della musica, si terr\u00e0, sempre in spiaggia, la <strong>degustazione<\/strong> della tradizionale <strong>granita messinese<\/strong>.<\/p>\n<p>La serata prender\u00e0 il via alle <strong>21.30<\/strong> in piazza Sacro Cuore e a essere protagonista sar\u00e0 ancora la musica o meglio il jazz con sei musicisti di alto livello nello spettacolo \u201cSicilian Jazz Stars\u201d. Protagonisti: <strong>Domenico Caliri <\/strong>alla chitarra, <strong>Tony Cattano<\/strong> al trombone, <strong>Carmelo Venuto<\/strong> al contrabbasso,<strong> Francesco Cusa <\/strong>alla batteria. Special guest: <strong>Fabrizio Puglisi<\/strong> al piano synth e <strong>Giacomo Tantillo <\/strong>alla tromba.<\/p>\n<h2><strong>Il programma del 20 luglio<\/strong><\/h2>\n<p>Nuovo appuntamento con la musica all\u2019alba del <strong>20 luglio<\/strong>: <strong>alle 5<\/strong> tutti in spiaggia per guardare il sole sorgere dal mare e ascoltare la musica di <strong>Francesco Loccisano<\/strong> alla chitarra battente &amp; <strong>Tonino Palamara <\/strong>\u00a0al cajon e percussioni.<\/p>\n<p>Il saluto al sole della mattina di sabato vedr\u00e0 infatti protagonisti due strumenti musicali poco noti: la <strong>chitarra battente<\/strong> le cui origini risalirebbero al 1600 e che nell\u2019Italia meridionale, fino alla met\u00e0 del \u2018900, \u00e8 stato il simbolo della musica popolare e il <strong>cajon<\/strong>, strumento a percussione a forma di scatola originario del Per\u00f9 che viene suonato percuotendo la parte anteriore con le mani e le dita, o talvolta con strumenti come spazzole, mazze da tamburo o altri tipi di bacchette.<\/p>\n<p>A seguire degustazione della granita siciliana.<\/p>\n<p>In serata alle 21.30 protagonista di piazza Sacro Cuore sar\u00e0 l\u2019arpa di<strong> Deborah Ferraro<\/strong>, con il suo progetto dal titolo \u201cLimitless\u201d.<\/p>\n<p>Alle 22.30, la musica continua con \u201cFisar Voice\u201d con <strong>Marianna Costantino <\/strong>alla voce e <strong>Pierpaolo Petta <\/strong>alla fisarmonica.<\/p>\n<h2><strong>Il programma del 21 luglio<\/strong><\/h2>\n<p><strong>Domenica 21 luglio<\/strong>, ultimo giorno della manifestazione, <strong>appuntamento alle 5<\/strong> con il \u201cSaluto al sole\u201d con<strong> Pasquale Mirra<\/strong> e il suo spettacolo \u201c<strong>Moderatamente solo<\/strong>\u201d, suite per vibrafono, percussioni, oggetti sonori.<br \/>\nAlla fine dello spettacolo, si terr\u00e0 la consueta degustazione della granita siciliana.<\/p>\n<p>Alle <strong>21.30<\/strong> il concerto finale dal titolo \u201c<strong>Un mare di arte e cultura Creative Ensemble<\/strong>\u201d che vedr\u00e0 protagonisti un quartetto d\u2019archi composto da <strong>Giovanni Alibrandi<\/strong> e<strong> Valerio La Torre<\/strong>\u00a0 al violino,<strong> Daniele Testa <\/strong>alla viola, <strong>Antonio Pizzi<\/strong> al violoncello, <strong>Marcello Conti<\/strong> al piano, <strong>Carmelo Venuto <\/strong>al contrabbasso, <strong>Federico Sacc\u00e0<\/strong> alla\u00a0 batteria\u00a0 e <strong>Carmelo Coglitore<\/strong>, saxofono &amp; direzione, special guest <strong>Pasquale Mirra<\/strong> al vibrafono.<\/p>\n<p>\u201cL\u2019evento nasce da una mia vision, l\u2019attuazione di qualcosa che si pu\u00f2 realizzare e che nessun altro, nel momento in cui nasce, pensa possa essere possibile\u201d, spiega <strong>Carmelo Coglitore<\/strong>, direttore artistico della manifestazione e musicista che vive in Lombardia, ma continua a realizzare eventi per la sua terra.<br \/>\n\u201cAnni fa, quando condivisi la volont\u00e0 di fare musica all\u2019alba, ci fu molto scetticismo perch\u00e9 si pensava non sarebbe venuto nessuno e invece oggi siamo alla terza edizione. Sono fiero di aver portato avanti questa visione perch\u00e9 credere in un progetto che deriva da una forte passione significa andare avanti nonostante tutto e superare le critiche. Ed \u00e8 qualcosa che auguro a tutti. Dietro l\u2019evento c\u2019\u00e8 tutto questo, oltre al fatto che promuovo il mio territorio, la mia spiaggia, il mio paese. Furci Siculo in quei giorni si trasformer\u00e0 in una sala concerti a cielo aperto\u201d.<\/p>\n<p>\u201c\u00c8 il quarto anno che promuovo insieme ad Alessandro Niosi e Carmelo Coglitore questo evento\u201d, aggiunge <strong>Fabio Raspa<\/strong>, proprietario della Libreria Mondadori Point, tra gli sponsor, \u201cTutti e tre, nei nostri diversi ruoli, siamo accomunati dalla voglia di diffondere il valore della musica e della cultura in generale. E tutti e tre lo vogliamo fare proprio nel nostro paese e nel nostro territorio perch\u00e9, oltre a essere particolarmente legati alle nostre origini, crediamo che la nostra gente abbia la maturit\u00e0 per apprezzare anno dopo anno sempre di pi\u00f9 il valore delle nostre proposte\u201d.<\/p>\n<p>\u201cUn\u2019iniziativa di grande spessore culturale che dona lustro alla comunit\u00e0 di Furci Siculo e la proietta tra le localit\u00e0 turistiche di respiro internazionale\u201d, aggiungono il sindaco di Furci Siculo Matteo Francilia, insieme a Rosanna Garufi, assessore alla Cultura e Giovanni Catania, assessore al Turismo, che sostengono in maniera attiva la manifestazione.<\/p>\n<p><strong>Contatti stampa<\/strong><\/p>\n<p>Cristina Maccarrone<\/p>\n<p>3493204843<\/p>\n<p>Carmelo Coglitore<\/p>\n<p>3357890028<\/p>\n<p><a href=\"mailto:unmarediarteecultura@gmail.com\">unmarediarteecultura@gmail.com<\/a><\/p>\n","protected":false},"excerpt":{"rendered":"<p>DAL 18\u00a0 AL 21 LUGLIO TORNA \u201cUN MARE DI ARTE E CULTURA\u201d A FURCI SICULO La manifestazione, alla quarta edizione, quest\u2019anno \u00e8 ancora pi\u00f9 ricca con concerti all\u2019alba, al tramonto<\/p>\n<div><a class=\"permalink\" href=\"https:\/\/www.radioempire.it\/index.php\/2024\/07\/15\/un-mare-di-arte-e-cultura-quarta-edizione\/\">Read More&#8230;<\/a><\/div>\n","protected":false},"author":2,"featured_media":51215,"comment_status":"closed","ping_status":"closed","sticky":false,"template":"","format":"standard","meta":[],"categories":[36,78],"tags":[],"_links":{"self":[{"href":"https:\/\/www.radioempire.it\/index.php\/wp-json\/wp\/v2\/posts\/51214"}],"collection":[{"href":"https:\/\/www.radioempire.it\/index.php\/wp-json\/wp\/v2\/posts"}],"about":[{"href":"https:\/\/www.radioempire.it\/index.php\/wp-json\/wp\/v2\/types\/post"}],"author":[{"embeddable":true,"href":"https:\/\/www.radioempire.it\/index.php\/wp-json\/wp\/v2\/users\/2"}],"replies":[{"embeddable":true,"href":"https:\/\/www.radioempire.it\/index.php\/wp-json\/wp\/v2\/comments?post=51214"}],"version-history":[{"count":2,"href":"https:\/\/www.radioempire.it\/index.php\/wp-json\/wp\/v2\/posts\/51214\/revisions"}],"predecessor-version":[{"id":51219,"href":"https:\/\/www.radioempire.it\/index.php\/wp-json\/wp\/v2\/posts\/51214\/revisions\/51219"}],"wp:featuredmedia":[{"embeddable":true,"href":"https:\/\/www.radioempire.it\/index.php\/wp-json\/wp\/v2\/media\/51215"}],"wp:attachment":[{"href":"https:\/\/www.radioempire.it\/index.php\/wp-json\/wp\/v2\/media?parent=51214"}],"wp:term":[{"taxonomy":"category","embeddable":true,"href":"https:\/\/www.radioempire.it\/index.php\/wp-json\/wp\/v2\/categories?post=51214"},{"taxonomy":"post_tag","embeddable":true,"href":"https:\/\/www.radioempire.it\/index.php\/wp-json\/wp\/v2\/tags?post=51214"}],"curies":[{"name":"wp","href":"https:\/\/api.w.org\/{rel}","templated":true}]}}