{"id":51260,"date":"2024-07-18T17:09:46","date_gmt":"2024-07-18T17:09:46","guid":{"rendered":"https:\/\/www.radioempire.it\/?p=51260"},"modified":"2024-07-18T17:09:46","modified_gmt":"2024-07-18T17:09:46","slug":"strage-via-damelio-lartista-edoardo-puglisi-dona-alla-fondazione-federico-ii-lopera-dei-di-lava-dedicata-a-falcone-e-borsellino","status":"publish","type":"post","link":"https:\/\/www.radioempire.it\/index.php\/2024\/07\/18\/strage-via-damelio-lartista-edoardo-puglisi-dona-alla-fondazione-federico-ii-lopera-dei-di-lava-dedicata-a-falcone-e-borsellino\/","title":{"rendered":"STRAGE VIA D\u2019AMELIO: L\u2019ARTISTA EDOARDO PUGLISI DONA ALLA FONDAZIONE FEDERICO II L\u2019OPERA \u201cDEI DI LAVA\u201d, DEDICATA A FALCONE E BORSELLINO."},"content":{"rendered":"<p><strong>SAR\u00c0 ESPOSTA ALL\u2019AEROPORTO DI PALERMO A PARTIRE DAL<\/strong><br \/>\n<strong>19 LUGLIO: ALLE 10.30 LO SVELAMENTO ALLA PRESENZA<\/strong><br \/>\n<strong>DELL\u2019ARTISTA DI FAMA INTERNAZIONALE E DELLE AUTORIT\u00c0.<\/strong><br \/>\n\u201cDei di Lava: Paolo Borsellino e Giovanni Falcone\u201d, \u00e8 il titolo<br \/>\ndell\u2019opera che sar\u00e0 svelata venerd\u00ec 19 luglio, alle 10.30, all\u2019Aeroporto<br \/>\nInternazionale Falcone Borsellino di Palermo (Sala partenze, terzo<br \/>\nlivello del terminal passeggeri), proprio nel giorno del trentaduesimo<br \/>\nanniversario della strage di Via D\u2019Amelio. Il lavoro dell\u2019artista<br \/>\nEdoardo Puglisi \u00e8 dedicato ai due giudici uccisi dalla mafia nel 1992,<br \/>\na cui \u00e8 intitolato lo scalo siciliano.<br \/>\nL\u2019opera \u00e8 stata donata alla Fondazione Federico II, presieduta da<br \/>\nGaetano Galvagno che, in accordo con la Gesap, presieduta da<br \/>\nSalvatore Burrafato, ha scelto di esporla nell\u2019hub palermitano da cui<br \/>\nnel 2024 transiteranno circa nove milioni di passeggeri (un milione<br \/>\nsolo nel mese di luglio).<br \/>\nDurante lo svelamento sar\u00e0 presente l\u2019artista, riconosciuto in tutto il<br \/>\nmondo (meno nella sua Sicilia) come uno fra i maggiori esponenti,<br \/>\nnel panorama internazionale, del nouveau r\u00e9alisme, oltre ad essere<br \/>\nuno degli ultimi artisti storici viventi. Nato a Catania, nel 1936, da una<br \/>\nnobile famiglia patriarcale, Edoardo Puglisi, ha lasciato molto<br \/>\ngiovane la sua Isola per girovagare da artista \u201cbohemienne\u201d geniale<br \/>\ne scapestrato tra Milano, Parigi, Teheran e Belgrado.<br \/>\nIl ciclo di opere in questione, \u201cDei di Lava\u201d di Edoardo Puglisi,<br \/>\nnasce alla fine degli anni \u201890. Un movimento viscerale lo induce ad<br \/>\nesteriorizzare la parte lavica ed irruente del S\u00e9, i due lati di una<br \/>\nstessa identit\u00e0. Dopo un lungo esilio mentale dai conflitti con la sua<br \/>\nterra natia, Puglisi ritorna a sentirsi figlio dell\u2019Etna.<br \/>\nGli Eroi siciliani, Borsellino e Falcone, resuscitano dalla cenere, in<br \/>\nquesto caso la cenere vulcanica, per proclamare un monito: \u201cQuando<br \/>\nun popolo non segue l\u2019esempio dei suoi eroi \u00e8 destinato a piangere<br \/>\ncontinuamente sangue\u201d.<br \/>\n\u201cAbbiamo accolto con grande emozione la donazione alla<br \/>\nFondazione Federico II Di questa opera da parte dell\u2019artista Edoardo<br \/>\nPuglisi \u2013 afferma Gaetano Galvagno, presidente della<br \/>\nFondazione Federico II -. Scegliere di esporla all\u2019aeroporto assume<br \/>\ndiversi significati: \u00e8 un altro piccolo tassello per non dimenticare il<br \/>\nsacrificio di due eroi della lotta alla mafia in un luogo da cui transitano<br \/>\nmilioni di persone di ogni nazionalit\u00e0. Inoltre, riteniamo sia il posto<br \/>\nideale per l\u2019omaggio ad un artista che, partendo dalla sua Sicilia, ha<br \/>\niniziato un viaggio artistico internazionale e che, alla fine, \u00e8 tornato in<br \/>\nSicilia. Un artista che, dunque, merita il plauso della sua Terra nat\u00eca\u201d.<br \/>\n\u201cLa memoria \u00e8 fondamentale, e celebrarla \u00e8 necessario per educare<br \/>\nle generazioni future al concetto di legalit\u00e0 \u2013 dice Salvatore<br \/>\nBurrafato, presidente di Gesap &#8211; Ricordare con un\u2019opera d\u2019arte due<br \/>\ngrandi figure simbolo di legalit\u00e0 e della lotta alla mafia, proprio<br \/>\nnell\u2019aeroporto a loro intitolato, ci riempie di orgoglio\u201d.<br \/>\nAttraverso il sanguinamento dell\u2019immagine, Puglisi, immortala<br \/>\nfantastici Dei, tracciati con la lama feroce della pittura d\u2019azione<br \/>\nsecondo una vigorosa sicilianit\u00e0. Gli Dei di Lava, sebbene abbiano<br \/>\nall\u2019attivo alcune importanti esposizioni in Francia, non sono mai stati<br \/>\nesposti in Sicilia. Nel 2008 vengono esposti in Bretagna presso la<br \/>\nMantovani Galerie, nel 2010 un\u2019intera sala del Museo d\u2019arte Moderna<br \/>\n(Espace Riquet) di B\u00e9ziers \u00e8 dedicata a questi divini custodi<br \/>\ndell\u2019inconscio, durante la grande antologica di 150 opere, \u201cLes \u00e9clats<br \/>\nd\u2019une Couleur Sonore\u201d, presentata in catalogo dal critico G\u00e9rard<br \/>\nXuriguera. Nel 2016, gli Dei di Lava, fanno la loro prima apparizione<br \/>\nsulla Montaigne Noire, a Labastide-Rouairoux presso la Galleria<br \/>\nBoulang\u2019Art di Una Zandmane.<br \/>\n\u201cL\u2019alba \u00e8 quella linea del giorno sospesa sull\u2019eterno.\u201d \u2013 scrive la<br \/>\ngiornalista e antropologa Rita Patan\u00e9 &#8211; ed \u00e8 in questo momento<br \/>\nmagico che, sul Versante Sud dell\u2019Etna, esattamente sui Crateri<br \/>\nSilvestri, all\u2019alba dello scorso 22 settembre 2023, viene ripresa dal<br \/>\nregista Vladimir Di Prima, per il docufilm sulla vita dell\u2019artista,<br \/>\nl\u2019eccezionale performance \u201cAlla ricerca di Dei ed Eroi di Lava\u201d -.<br \/>\nFinalmente l\u2019Etna accoglie nel suo grembo Edoardo Puglisi ma<br \/>\nsoltanto dopo aver dipinto tra gli Dei anche gli Eroi (Falcone e<br \/>\nBorsellino).<br \/>\nEcco che i tentacoli della \u201cpiovra\u201d vengono bruciati da un flusso fertile<br \/>\ndi lava che purifica ed abbraccia, dall\u2019occidente all\u2019oriente della<br \/>\nSicilia, ogni suo figlio. Un rito di purificazione da cui sorgono<br \/>\nincontaminati i sentimenti della giustizia, dell\u2019onest\u00e0, della legalit\u00e0. \u00c8<br \/>\ncome se un singulto giunto dal profondo del vulcano proiettasse i<br \/>\nlapilli di un fasto incandescente e umanamente irreprensibile. La vita<br \/>\nimmolata dei nostri Eroi si eleva alla potenza dell\u2019immortalit\u00e0, e il loro<br \/>\nsguardo, perpetuato fino al nucleo dell\u2019anima, continua ad operare,<br \/>\na parlare, esplosione dopo esplosione, verso la redenzione della<br \/>\ncoscienza collettiva.<br \/>\nMa il flusso dell\u2019opera \u00e8 ancora in movimento, \u201cDei di Lava: Paolo<br \/>\nBorsellino e Giovanni Falcone\u201d ha ancora tanto da raccontare e la<br \/>\nsua voce deve diventare un monito immortale. Il luogo pi\u00f9 adatto,<br \/>\nallora, \u00e8 proprio uno scalo internazionale ove potr\u00e0 parlare a milioni<br \/>\ndi persone senza esaurire la sua forza magmatica e creativa. E<br \/>\nl\u2019Etna, in questi giorni, con le sue alte fontane di lava, rende omaggio<br \/>\nad un\u2019opera che viene dal suo ventre e che \u00e8 destinata<br \/>\nall\u2019Immortalit\u00e0.<br \/>\n&#8212;&#8212;&#8212;&#8212;&#8212;&#8212;&#8212;&#8212;&#8212;&#8212;&#8212;&#8212;&#8212;&#8211;<br \/>\n\u201cDei di Lava: Paolo Borsellino e Giovanni Falcone\u201d<br \/>\n2019<br \/>\nSmalto su tela<br \/>\n100 x 120 cm<br \/>\nBiografia di Edoardo Puglisi.<br \/>\nNasce a Catania nel 1936 in una nobile famiglia patriarcale. \u00c8<br \/>\npresente nel panorama artistico internazionale da oltre cinquant&#8217;anni.<br \/>\nDopo aver ultimato gli studi classici e quindi giovanissimo, lascia la<br \/>\nSicilia per intraprendere numerosi viaggi di approfondimento<br \/>\nartistico-culturale soprattutto in Francia, Persia e Jugoslavia.<br \/>\nGli anni sessanta sono fondamentali per la sua formazione.<br \/>\nEsordisce come ritrattista a Montmartre e condivide la vita boh\u00e8me<br \/>\nnei caff\u00e8 letterari di Parigi con diversi artisti e scrittori. Assorbe<br \/>\nl\u2019ideologia del nouveau r\u00e9alisme.<br \/>\nIncamera il pensiero di Pierre Restany ed inventa una particolare<br \/>\ntecnica usando i pigmenti colorati e le vernici fluorescenti<br \/>\ncaratteristici della tecnologia moderna industriale. In Persia, presso<br \/>\nla trib\u00f9 dei Baktyari, scopre il segreto della miscela e stagionatura del<br \/>\ncolore dai maestri tintori. Valendosi di queste nuove cognizioni,<br \/>\nriesce a raggiungere il massimo livello di padronanza nell\u2019uso degli<br \/>\nsmalti, creando cos\u00ec la chiara impronta di stile che lo<br \/>\ncontraddistingue. A Teheran, con un gruppo di pittori europei invitati<br \/>\ndal governo di Persia, affresca \u00abIl Giardino d\u2019Inverno\u00bb nel Salone<br \/>\ndelle Feste del Palazzo Imperiale. D\u00e0 inizio al primo periodo<br \/>\nromantico di \u00abIl Fiore e la sua Grande Avventura\u00bb che lo inserir\u00e0 nel<br \/>\nclima artistico-culturale italiano. Sempre negli anni sessanta, \u00e8<br \/>\ndocente alla scuola d\u2019arte di Novi-Sad (ex Jugoslavia).<br \/>\nGli anni settanta sono un\u2019exploit di mostre personali soprattutto in<br \/>\nItalia ma anche a: Parigi, Cannes, Basilea, Lugano, Schiraz, Tunisi,<br \/>\nTeheran, Belgrado. Nel 1973, un\u2019\u00e9quipe di giornalisti americani gli<br \/>\nriconosce per la sua attivit\u00e0 internazionale, il titolo di -Gran Maestro\u00a0 \u00a0 \u00a0 \u00a0 \u00a0 \u00a0 \u00a0 \u00a0 \u00a0 \u00a0 \u00a0 \u00a0 \u00a0 \u00a0 \u00a0 \u00a0 \u00a0 \u00a0 \u00a0 \u00a0 \u00a0 \u00a0 \u00a0 \u00a0 \u00a0 \u00a0 \u00a0 \u00a0 \u00a0 \u00a0 \u00a0 \u00a0 \u00a0 \u00a0 \u00a0 \u00a0 \u00a0 \u00a0 \u00a0 \u00a0 \u00a0 \u00a0 \u00a0 \u00a0 \u00a0 \u00a0 \u00a0 \u00a0 \u00a0 \u00a0 \u00a0 \u00a0 \u00a0 \u00a0 \u00a0 \u00a0 \u00a0 \u00a0 \u00a0 \u00a0 \u00a0 \u00a0 \u00a0 \u00a0 \u00a0 \u00a0 \u00a0 \u00a0 \u00a0 \u00a0 \u00a0 \u00a0 \u00a0 \u00a0 \u00a0 \u00a0 \u00a0 \u00a0 \u00a0 \u00a0 \u00a0 \u00a0 \u00a0 \u00a0 \u00a0 \u00a0 \u00a0 insieme a Henry Kissinger, Ted Kennedy, Liza Minnelli, Dean Martin<br \/>\ne Frank Sinatra. Il suo spirito intraprendente e poliedrico lo porta ad<br \/>\nessere contemporaneamente pittore e uomo di spettacolo.<br \/>\nOrganizzatore di manifestazioni artistiche di livello internazionale<br \/>\ncome il \u00abPavone d\u2019Oro\u00bb, frequenta la jet society con: Benito Jacovitti,<br \/>\nWalter Molino, Enzo Biagi, Enrico Vaime, Giorgio Saviane, Nantas<br \/>\nSalvalaggio, Anita Ekberg, Antony Queen, Monica Guerritore, Steve<br \/>\nMc Queen. Riceve il \u00abSelenio d\u2019Oro\u00bb al premio \u00abRegia Televisiva\u00bb<br \/>\nper la trasmissione \u00abSt. Germain Des Pr\u00e9s\u00bb a Tele Delta, attuale<br \/>\nRete 4.<br \/>\nNel 1974 \u00e8 nominato -Cittadino Onorario- di Ponte Buggianese (FI).<br \/>\nNello stesso anno, al Museo Nazionale della Scienza e della Tecnica<br \/>\ndi Milano, nel corso di un gemellaggio culturale Italo-Iraniano, le<br \/>\nautorit\u00e0, alla presenza del Ministro Consigliere dell\u2019Ambasciata<br \/>\nImperiale dell\u2019Iran a Roma, Reza Hachemain, scelgono un\u2019opera di<br \/>\nPuglisi destinata ad arricchire la collezione privata dello Sci\u00e0.<br \/>\nNel 1975, la Rifi Record sceglie il design di Puglisi per la copertina<br \/>\ndi Franz Schubert, serie Penny.<br \/>\nNel 1979, il Presidente della Repubblica, Sandro Pertini, gli<br \/>\nconferisce il titolo di Cavaliere al Merito della Repubblica Italiana.<br \/>\nNello stesso anno, il Comune di Milano gli assegna L\u2019Ambrogino<br \/>\nd\u2019Oro. L\u2019ACTS (Architectural Ceramics &amp; Tiles by Shino Toseki) di<br \/>\nKyoto, inserisce nella propria collana di ceramiche, il fiore stilizzato<br \/>\ndi Puglisi con i designes di Dova, Picasso, Rotella, Scanavino,<br \/>\n(produzione italiana CEDIT), indirizzata all\u2019arredamento di importanti<br \/>\ncatene alberghiere in Giappone. (Catalogo 1982-1983)<br \/>\nDal 1979 al 1985 \u00e8 stato regista e scenografo della trasmissione<br \/>\ntelevisiva settimanale &#8220;Tocco d&#8217;Arte&#8221; su Tele Alto Veneto.<br \/>\nNel corso degli anni ottanta, \u00e8 toccato da una profonda crisi interiore.<br \/>\nUna totale mancanza di stimoli, lo porta al rifiuto della pittura. E\u2019 un<br \/>\nperiodo introspettivo, di intima ricerca. Mantiene comunque vivo il<br \/>\nsuo interesse per l\u2019arte tramite l\u2019amicizia epistolare con lo scrittore e<br \/>\ngiornalista siciliano Franco La Guidara. Continua a frequentare<br \/>\nl\u2019ambiente artistico milanese dove, determinante, \u00e8 l\u2019incontro con la<br \/>\nscrittrice Marie-Claire Delamichelle che diventer\u00e0 sua compagna e<br \/>\nfautrice del suo talento, spingendolo a riprendere il filo interrotto con<br \/>\nla pittura. Riparte per la Francia, e lei lo introduce nei cenacoli e<br \/>\nsalotti letterari di Aix-en-Provence dove entra in contatto con Denis<br \/>\nCoutagne, conservatore del Mus\u00e9e Cezanne. La forte influenza<br \/>\nlasciata dall\u2019impressionismo, lo incita ad esprimere una nuova<br \/>\ndimensione di s\u00e9 che sfocia in un secondo periodo romantico;<br \/>\npermane il suo inconfondibile stile ma si esaurisce l\u2019avventura<br \/>\nfigurativa del \u00abFiore\u00bb. Tra il 1992 e il 1993, alcune sue opere entrano<br \/>\na far parte della collezione dei Musei Vaticani.<br \/>\nNel 1994, Puglisi inizia un ciclo di esposizioni a tema: \u00abSi Venise<br \/>\nm\u2019\u00e9tait cont\u00e9e \u00bb, \u00abEmozioni d\u2019Artista \u00bb, \u00abMasques&#8230; et bas les<br \/>\nmasques\u00bb, \u00abPiume di struzzo, fiori e&#8230; champagne\u00bb. Queste<br \/>\npersonali, presentate in Francia ed in Svizzera, lo pongono nei<br \/>\nparametri della new-age painting: lo esprime pienamente con la<br \/>\nperformance \u00abUnited Colors of New Age\u00bb nel contesto della mostra<br \/>\n\u00abBelle Epoque, fleurs et&#8230; champagne\u00bb ad Aix-en-Provence nel<br \/>\n1997. Non spezza il legame con il mondo artistico italiano, in quanto,<br \/>\nlo scrittore Francesco Ogliari ed il gallerista Stefano Cortina,<br \/>\npresentano sue personali a Varese, Padova e Milano. Conosce il<br \/>\npittore Giancarlo Borgia con cui trascorre un importante periodo di<br \/>\nvita permeato da una reciproca evoluzione culturale ed intellettuale<br \/>\ne, soprattutto, da una sincera amicizia. Conclusa l\u2019esperienza<br \/>\nprovenzale, verso la fine degli anni novanta, si ristabilisce a Milano<br \/>\nin un grande spazio che denomina \u00abStudio-Teatro Puglisi\u00bb non<br \/>\ndimentico della sua indole di show-man. Esprime, libero, una<br \/>\nprorompente creativit\u00e0 dedicandosi anche alla scultura. Entra, con<br \/>\ntele dal forte temperamento, in gallerie di primo piano. L\u2019affetto e i<br \/>\ncontinui inevitabili contrasti di idee con il gallerista Franco Cafiso, i<br \/>\nviaggi in Spagna sulle tracce di Picasso e Dal\u00ec, contribuiscono alla<br \/>\ncreazione di opere dalla forza sanguigna. In questo periodo di<br \/>\nvigorosa espressione e provocazione si diverte a mettere in gioco s\u00e9<br \/>\nstesso: castigat ridendo mores. Lui stesso diventa la sua pittura,<br \/>\ncome la sua pittura, \u00e8 ci\u00f2 che lui \u00e8. Questa sicurezza ed eloquenza<br \/>\npittorica sfociano oltreoceano.<br \/>\nNel 2000 le sue opere entrano nella collezione impressionista e<br \/>\nmoderna del Bellagio di Las Vegas. Nel settembre 2002, in<br \/>\nGuascogna (Francia) viene intronizzato \u00abMoschettiere d\u2019Armagnac\u00bb<br \/>\ndal diretto discendente di D\u2019Artagnan, Capitano della Compagnia e<br \/>\nSenatore Aymeri de Montesquiou, contemporaneamente<br \/>\nall\u2019ambasciatore degli Stati Uniti a Parigi, Howard Leach.<br \/>\nNel 2006, In cooperazione con la scrittrice e sua compagna Marie<br \/>\nClaire Delamichelle (che lo esorta anche tramite l\u2019amicizia con il<br \/>\ncritico Achille Bonito Oliva verso espressioni che coniugano alla forza<br \/>\ncromatica dei suoi lavori evidenti valenze intellettuali) realizza<br \/>\nl\u2019installazione performativa Hol\u00f3s che viene esposta alla Catania Arte<br \/>\nfiera del 2007 e nel 2010 durante la mostra \u201dLes \u00e9clats d\u2019une Couleur<br \/>\nSonore \u201c all\u2019Espace Riquet (Museo d\u2019rte Conremporanea di B\u00e9ziers).<br \/>\nNel 2009, interessato alle problematiche inerenti l\u2019ecologia e la<br \/>\nsalvaguardia della propria terra, concepita anche nel senso esteso di<br \/>\npianeta, sposa dopo 26 anni tra amicizia e convivenza, l\u2019artista e<br \/>\nscrittrice Marie-Claire Delamichelle in un matrimonio-happening<br \/>\ndedicato a Madre Terra: \u201cScacco da un Matrimonio &#8211; OOMM:<br \/>\nTERRAQUEUS\u201d.<br \/>\nNel 2010, dal 8 aprile al 20 giugno espone nello Spazio d\u2019Arte<br \/>\nContemporanea Riquet (Mus\u00e9e des Beaux-Arts di B\u00e9ziers &#8211; Francia).<br \/>\nLa mostra \u201cLes \u00e9clats d\u2019une Couleur Sonore\u201d, presentata in catalogo<br \/>\ndal critico G\u00e9rard Xuriguera, comprende 150 opere tra dipinti,<br \/>\nsculture e foto suddivise nei sette saloni dello spazio museale.<br \/>\nIn questi ultimi anni si \u00e8 dedicato maggiormente alla scultura e a<br \/>\ncontinuare il ciclo \u201cDei di Lava\u201d Infatti i dipinti di questa serie sono<br \/>\nstati esposti alla Mantovani Galerie di St. Maden in Bretagna, e<br \/>\nrecentemente alla Boulang\u2019Art di Labastide Rouarioux dove \u00e8 stato<br \/>\nanche performer fra le sue creazioni. Senza dimenticare la matita di<br \/>\nironico disegnatore maturata negli anni sessanta con Benito<br \/>\nJacovitti, ha appena completato di illustrare \u201cGaston le Rat\u201d, libro<br \/>\nedito da gmebooks http:\/\/www.gmebooks.com\/ della collezione<br \/>\n\u201cCr\u00e9atures Dr\u00f4les\u201d (Strane Creature) scritte da Luigi Mantovani.<br \/>\nNel 2024, la prima Conferenza Show: \u201cColor King Color \u2013 La forza<br \/>\ncomunicativa del colore\u201d approfondisce vita e opere del Maestro e la<br \/>\nsua filosofia artistica del colore quale arma e scudo per affrontare e<br \/>\ncostruire la vita. Il convegno \u00e8 stato patrocinato dal Ministero della<br \/>\nCultura ed organizzato dall\u2019associazione culturale Zzenia, in<br \/>\nparticolare dall\u2019antropologa Rita Patan\u00e9 che, attraverso diversi<br \/>\nlinguaggi artistici (filmati, contributi scientifici, danza, teatro con<br \/>\ninterventi ispirati a testi tratti da una sua biografia \u201c\u2026\u00e8 tutta una<br \/>\nCommedia\u201d) ha raccontato l\u2019Arte di Edoardo Puglisi spesso<br \/>\nistrionica, comunicativa e performativa.<br \/>\nLe sue opere figurano nei seguenti musei e pinacoteche: &#8211; Museo<br \/>\nNazionale della Scienza e della Tecnica di Milano &#8211; Museo Civico<br \/>\nMalaspina di Pavia &#8211; Pinacoteca Comunale di Roma &#8211; Museo<br \/>\nNazionale d\u2019Arte Moderna di Teheran &#8211; Museo d\u2019Arte Moderna di<br \/>\nJacksonville (Florida) &#8211; Musei Vaticani &#8211; Pinacoteca d\u2019Arte<br \/>\nContemporanea di Ruffano (Lecce) &#8211; Mus\u00e8e des Beaux-Arts de<br \/>\nBeziers (Francia)<br \/>\n<strong>Ufficio Stampa Fondazione Federico II &#8211; SC &#8211; 3346784805<\/strong><br \/>\n<strong>Ufficio stampa Gesap &#8211; SR &#8211; 3477506888<\/strong><br \/>\n<strong>Ufficio stampa Edoardo Puglisi &#8211; RP &#8211; 3405081885<\/strong><\/p>\n","protected":false},"excerpt":{"rendered":"<p>SAR\u00c0 ESPOSTA ALL\u2019AEROPORTO DI PALERMO A PARTIRE DAL 19 LUGLIO: ALLE 10.30 LO SVELAMENTO ALLA PRESENZA DELL\u2019ARTISTA DI FAMA INTERNAZIONALE E DELLE AUTORIT\u00c0. \u201cDei di Lava: Paolo Borsellino e Giovanni<\/p>\n<div><a class=\"permalink\" href=\"https:\/\/www.radioempire.it\/index.php\/2024\/07\/18\/strage-via-damelio-lartista-edoardo-puglisi-dona-alla-fondazione-federico-ii-lopera-dei-di-lava-dedicata-a-falcone-e-borsellino\/\">Read More&#8230;<\/a><\/div>\n","protected":false},"author":2,"featured_media":51261,"comment_status":"closed","ping_status":"closed","sticky":false,"template":"","format":"standard","meta":[],"categories":[36,78],"tags":[],"_links":{"self":[{"href":"https:\/\/www.radioempire.it\/index.php\/wp-json\/wp\/v2\/posts\/51260"}],"collection":[{"href":"https:\/\/www.radioempire.it\/index.php\/wp-json\/wp\/v2\/posts"}],"about":[{"href":"https:\/\/www.radioempire.it\/index.php\/wp-json\/wp\/v2\/types\/post"}],"author":[{"embeddable":true,"href":"https:\/\/www.radioempire.it\/index.php\/wp-json\/wp\/v2\/users\/2"}],"replies":[{"embeddable":true,"href":"https:\/\/www.radioempire.it\/index.php\/wp-json\/wp\/v2\/comments?post=51260"}],"version-history":[{"count":1,"href":"https:\/\/www.radioempire.it\/index.php\/wp-json\/wp\/v2\/posts\/51260\/revisions"}],"predecessor-version":[{"id":51262,"href":"https:\/\/www.radioempire.it\/index.php\/wp-json\/wp\/v2\/posts\/51260\/revisions\/51262"}],"wp:featuredmedia":[{"embeddable":true,"href":"https:\/\/www.radioempire.it\/index.php\/wp-json\/wp\/v2\/media\/51261"}],"wp:attachment":[{"href":"https:\/\/www.radioempire.it\/index.php\/wp-json\/wp\/v2\/media?parent=51260"}],"wp:term":[{"taxonomy":"category","embeddable":true,"href":"https:\/\/www.radioempire.it\/index.php\/wp-json\/wp\/v2\/categories?post=51260"},{"taxonomy":"post_tag","embeddable":true,"href":"https:\/\/www.radioempire.it\/index.php\/wp-json\/wp\/v2\/tags?post=51260"}],"curies":[{"name":"wp","href":"https:\/\/api.w.org\/{rel}","templated":true}]}}