{"id":51401,"date":"2024-08-01T20:31:11","date_gmt":"2024-08-01T20:31:11","guid":{"rendered":"https:\/\/www.radioempire.it\/?p=51401"},"modified":"2024-08-01T20:31:11","modified_gmt":"2024-08-01T20:31:11","slug":"l11-agosto-a-milo-ct-torna-il-concerto-tributo-a-franco-battiato-e-lucio-dalla-sul-palco-leo-gassman-e-giovanni-caccamo","status":"publish","type":"post","link":"https:\/\/www.radioempire.it\/index.php\/2024\/08\/01\/l11-agosto-a-milo-ct-torna-il-concerto-tributo-a-franco-battiato-e-lucio-dalla-sul-palco-leo-gassman-e-giovanni-caccamo\/","title":{"rendered":"L\u201911 agosto a Milo (CT) torna il concerto tributo a Franco Battiato e Lucio Dalla.\u00a0Sul palco Leo Gassman e Giovanni Caccamo."},"content":{"rendered":"<div>A Milo, per il terzo anno consecutivo, torna l\u2019appuntamento con il tributo a <b>Franco Battiato e Lucio Dalla &#8211; Premio Caro amico\u2026ti vengo a cercare<\/b>, omaggio al legame che i due indimenticati artisti avevano con il piccolo comune etneo. L\u2019evento, in programma <b>domenica 11 agosto<\/b>, alle <b>ore 21<\/b>, al <b>Teatro \u2018Lucio Dalla\u2019<\/b>, \u00e8 organizzato dalla Pro Loco di Milo, in partnership con ArchiDrama, con il patrocinio del Comune di Milo, dell\u2019Assemblea Regionale Siciliana, dell\u2019assessorato regionale del Turismo, Sport e Spettacolo, dell\u2019assessorato regionale dei Beni culturali e dell\u2019Identit\u00e0 siciliana, dell\u2019associazione \u2018Le Citt\u00e0 di Battiato\u2019 e con la direzione artistica di Alfio Zappal\u00e0. \u201cAnche quest\u2019anno celebriamo questi due grandi artisti che abbiamo avuto l\u2019onore di avere a Milo per tanti anni \u2013 dichiara il presidente della Pro Loco di Milo, Alfredo Cavallaro \u2013 Sono gi\u00e0 state realizzate due edizioni importanti, con ospiti come Morgan e Dolcenera. Ma anche quest\u2019anno \u2013 prosegue &#8211; avremo due protagonisti di spessore che riproporranno alcuni tra i brani pi\u00f9 amati di Franco Battiato e Lucio Dalla, accompagnati da un\u2019orchestra di oltre trenta elementi. Sono sicuro che anche questa terza edizione sar\u00e0 all\u2019insegna dell\u2019emozione\u201d.<\/div>\n<div><\/div>\n<div>Quest&#8217;anno saranno due gli artisti ospiti della serata: <b>Leo Gassmann<\/b>, giovanissimo talento emergente nel panorama nazionale, e <b>Giovanni Caccamo<\/b>, raffinato cantautore scoperto proprio dal maestro Franco Battiato. Entrambi, accompagnati dall&#8217;orchestra Ethos diretta dal maestro Daniele Zappal\u00e0, interpreteranno alcuni dei brani pi\u00f9 amati dei due artisti. A condurre la manifestazione, anche quest\u2019anno, sar\u00e0 <b>Salvo La Rosa<\/b>. Altra novit\u00e0 di questa edizione \u00e8 la partnership con ArchiDrama, che gi\u00e0 da diversi anni organizza e promuove spettacoli proprio al Teatro Lucio Dalla di Milo. \u201cIl nostro intento \u00e8 quello di omaggiare i due artisti per ringraziarli simbolicamente di aver scelto Milo, Battiato come residenza permanente e Dalla come residenza estiva, e aver permesso cos\u00ec alla piccola comunit\u00e0 etnea di godere della loro presenza e arte \u2013 dichiara il direttore artistico Alfio Zappal\u00e0 &#8211; Il format resta simile alle precedenti edizioni ma, rispetto agli altri anni, gli artisti ospiti saranno due: Leo Gassmann e Giovanni Caccamo, che rappresentano, in maniera diversa, due grandi talenti del nostra panorama musicale e sono sicuro \u2013 conclude &#8211; che sapranno interpretare in modo emozionante i brani dell\u2019 ampio repertorio musicale di Battiato e Dalla\u201d. Anche quest\u2019anno torna il Premio &#8220;Caro amico&#8230;ti vengo a cercare&#8221;, che sar\u00e0 conferito a giovani talenti musicali emergenti e a personalit\u00e0 del luogo che, con la propria opera, ciascuno nel proprio settore di competenza, hanno contribuito alla promozione in giro per il mondo del territorio etneo, come i due artisti a cui \u00e8 dedicata la manifestazione.<\/div>\n<div><\/div>\n<div><strong>U.S. Maria Bella<\/strong><\/div>\n<div><strong>3284176181<\/strong><\/div>\n<div><strong>Tessera Odg N\u00b0 073783<\/strong><\/div>\n","protected":false},"excerpt":{"rendered":"<p>A Milo, per il terzo anno consecutivo, torna l\u2019appuntamento con il tributo a Franco Battiato e Lucio Dalla &#8211; Premio Caro amico\u2026ti vengo a cercare, omaggio al legame che i<\/p>\n<div><a class=\"permalink\" href=\"https:\/\/www.radioempire.it\/index.php\/2024\/08\/01\/l11-agosto-a-milo-ct-torna-il-concerto-tributo-a-franco-battiato-e-lucio-dalla-sul-palco-leo-gassman-e-giovanni-caccamo\/\">Read More&#8230;<\/a><\/div>\n","protected":false},"author":2,"featured_media":51402,"comment_status":"closed","ping_status":"closed","sticky":false,"template":"","format":"standard","meta":[],"categories":[36,78],"tags":[],"_links":{"self":[{"href":"https:\/\/www.radioempire.it\/index.php\/wp-json\/wp\/v2\/posts\/51401"}],"collection":[{"href":"https:\/\/www.radioempire.it\/index.php\/wp-json\/wp\/v2\/posts"}],"about":[{"href":"https:\/\/www.radioempire.it\/index.php\/wp-json\/wp\/v2\/types\/post"}],"author":[{"embeddable":true,"href":"https:\/\/www.radioempire.it\/index.php\/wp-json\/wp\/v2\/users\/2"}],"replies":[{"embeddable":true,"href":"https:\/\/www.radioempire.it\/index.php\/wp-json\/wp\/v2\/comments?post=51401"}],"version-history":[{"count":1,"href":"https:\/\/www.radioempire.it\/index.php\/wp-json\/wp\/v2\/posts\/51401\/revisions"}],"predecessor-version":[{"id":51403,"href":"https:\/\/www.radioempire.it\/index.php\/wp-json\/wp\/v2\/posts\/51401\/revisions\/51403"}],"wp:featuredmedia":[{"embeddable":true,"href":"https:\/\/www.radioempire.it\/index.php\/wp-json\/wp\/v2\/media\/51402"}],"wp:attachment":[{"href":"https:\/\/www.radioempire.it\/index.php\/wp-json\/wp\/v2\/media?parent=51401"}],"wp:term":[{"taxonomy":"category","embeddable":true,"href":"https:\/\/www.radioempire.it\/index.php\/wp-json\/wp\/v2\/categories?post=51401"},{"taxonomy":"post_tag","embeddable":true,"href":"https:\/\/www.radioempire.it\/index.php\/wp-json\/wp\/v2\/tags?post=51401"}],"curies":[{"name":"wp","href":"https:\/\/api.w.org\/{rel}","templated":true}]}}