{"id":51417,"date":"2024-08-04T07:10:34","date_gmt":"2024-08-04T07:10:34","guid":{"rendered":"https:\/\/www.radioempire.it\/?p=51417"},"modified":"2024-08-04T07:13:30","modified_gmt":"2024-08-04T07:13:30","slug":"riposto-ct-inaugurato-il-murale-nel-quartiere-natio-di-franco-battiato-si-e-aperta-ieri-sera-la-rassegna-stranizza-damuri","status":"publish","type":"post","link":"https:\/\/www.radioempire.it\/index.php\/2024\/08\/04\/riposto-ct-inaugurato-il-murale-nel-quartiere-natio-di-franco-battiato-si-e-aperta-ieri-sera-la-rassegna-stranizza-damuri\/","title":{"rendered":"Riposto (CT), inaugurato il murale nel quartiere nat\u00eco di Franco Battiato. Si \u00e8 aperta ieri sera la rassegna \u2018Stranizza d\u2019Amuri\u2019."},"content":{"rendered":"<div>\u2018Un Oceano\u2019 in cui perdersi tra i ricordi e la nostalgia di casa. \u00c8 cos\u00ec che l\u2019artista palermitano Igor Scalisi Palminteri ha immaginato Franco Battiato nell\u2019opera monumentale realizzata nel cuore dello \u2018Scariceddu\u2019, quartiere che ha dato i natali al compianto artista. \u201cNei confronti di Franco Battiato ho sempre provato un senso forte di rispetto, di appartenenza \u2013 afferma Igor Scalisi Palminteri \u2013 Dall\u2019ascolto delle sue canzoni, specialmente quelle in cui lui racconta della sua infanzia, io mi rivedo bambino. \u00c8 la stessa Sicilia, la mia Sicilia. Ritrovarmi qui, a 50 anni, a dipingere il murale dedicato a lui, realizzare questo triplice ritratto che racconta le sue tre et\u00e0 \u2013 prosegue &#8211; per me \u00e8 un passaggio fondamentale, \u00e8 un onore. Ho provato a rendergli omaggio con questo dipinto che racconta le sue tre et\u00e0: l\u2019infanzia, vissuta proprio qui, scorrazzando tra questi vicoli, affacciandosi su questo mare meraviglioso che ancora continua a guardare; negli anni \u201980, quindi la seconda et\u00e0, quando ha vissuto il momento di popolarit\u00e0 che poi lo ha reso famoso in tutto il mondo; infine \u2013 conclude l\u2019artista &#8211; anziano, saggio, che, con un sorriso dei suoi, a mezza bocca, guarda indietro s\u00e9 stesso, ma guarda anche Riposto, la nostra Sicilia e il suo oceano di silenzio\u201d. Ieri il murale \u00e8 stato inaugurato, con lo svelamento della targa, dal sindaco di Riposto Davide Vasta, dall\u2019assessore al Turismo Carmelo D\u2019Urso e dal direttore artistico Carmen Bellalba, alla presenza di Michele Battiato, fratello di Franco, nell\u2019ambito della rassegna \u2018Stranizza d\u2019Amuri\u2019, organizzata dal Comune di Riposto, con il patrocinio dell\u2019assessorato regionale del Turismo, dello Sport e dello Spettacolo e dell\u2019Assemblea Regionale Siciliana.<\/div>\n<div><img loading=\"lazy\" class=\"size-medium wp-image-51419 alignleft\" src=\"https:\/\/www.radioempire.it\/wp-content\/uploads\/2024\/08\/battiato-1-300x200.jpg\" alt=\"\" width=\"300\" height=\"200\" srcset=\"https:\/\/www.radioempire.it\/wp-content\/uploads\/2024\/08\/battiato-1-300x200.jpg 300w, https:\/\/www.radioempire.it\/wp-content\/uploads\/2024\/08\/battiato-1-1024x683.jpg 1024w, https:\/\/www.radioempire.it\/wp-content\/uploads\/2024\/08\/battiato-1-768x512.jpg 768w, https:\/\/www.radioempire.it\/wp-content\/uploads\/2024\/08\/battiato-1-1536x1024.jpg 1536w, https:\/\/www.radioempire.it\/wp-content\/uploads\/2024\/08\/battiato-1.jpg 2048w\" sizes=\"(max-width: 300px) 100vw, 300px\" \/><\/div>\n<div>\u201cSiamo felici di aver commissionato la realizzazione di questo murale proprio qui, nel quartiere in cui Franco Battiato ha vissuto la propria infanzia \u2013 dichiara il primo cittadino \u2013 Volevamo lasciare qualcosa alla citt\u00e0 per ricordare il legame mai reciso con questo grande artista. \u00c8 un\u2019opera bellissima che ha gi\u00e0 catturato l\u2019attenzione di centinaia e centinaia di visitatori in questi giorni e che, sono certo, rappresenter\u00e0 una tappa fissa per tutti coloro, e sono tanti, che hanno amato Battiato e le sue canzoni\u201d. In piazza Arcidiacono, inaugurato anche un viaggio emozionale nell\u2019infanzia e nella giovinezza di Battiato, attraverso due grandi cubi rivestiti di foto inedite e percorribili all\u2019interno o all\u2019esterno. L\u2019installazione \u00e8 stata realizzata da Carmen Cardillo, che ha collaborato all\u2019intera fase di realizzazione progettuale della manifestazione. Nel corso della serata il cantastorie ripostese Luigi Di Pino ha interpretato uno stornello, \u2018Cca tornu!\u2019, composto per l\u2019occasione per celebrare l\u2019amato artista. Un\u2019esibizione emozionante che ha coinvolto il pubblico presente ed ha strappato scroscianti applausi. \u201cAbbiamo voluto proseguire il percorso avviato due anni fa con la prima edizione di \u2018Stranizza d\u2019Amuri\u2019, da me fortemente voluta \u2013 spiega l\u2019assessore Carmelo D\u2019Urso \u2013 arricchendola per\u00f2 di contenuti artistici e culturali. Quella di quest\u2019anno \u00e8 sicuramente una rassegna pi\u00f9 ricca e volutamente articolata in pi\u00f9 giorni perch\u00e9 riteniamo che sia doveroso dedicare una manifestazione importante ad un\u2019artista che ci ha lasciato tanto. Ringrazio \u2013 conclude &#8211; l\u2019assessorato regionale del Turismo, dello Sport e dello Spettacolo e la presidenza dell\u2019Ars per aver sostenuto il nostro progetto\u201d.<\/div>\n<div><\/div>\n<div>La serata ieri si \u00e8 aperta in piazza San Pietro con l\u2019inaugurazione, alla presenza delle autorit\u00e0, del percorso espositivo dedicato a Franco Battiato. Sotto i portici del municipio installate nove gigantografie che raccontano la vita dell\u2019artista dagli anni \u201980, gli anni dell\u2019esplosione del successo, fino agli ultimi anni. \u201cL\u2019idea alla base del progetto \u2013 spiega il direttore artistico Carmen Bellalba \u2013 \u00e8 quella di avviare un percorso visivo per riportare l\u2019attenzione sui luoghi in cui \u00e8 cresciuto e si \u00e8 formato. Il murale realizzato da Igor Scalisi Palminteri, bravissimo artista palermitano, rappresenta un po\u2019 il fiore all\u2019occhiello. Da oggi nel cuore del quartiere in cui Franco Battiato ha vissuto le sue prime esperienze, e dove ancora in tanti lo ricordano bambino e ragazzo, ci sar\u00e0 una testimonianza visiva, un luogo in cui tutti coloro che lo cercheranno potranno trovarlo\u201d.<\/div>\n<div><\/div>\n<div>La manifestazione proseguir\u00e0 questa sera, alle <b>ore 19<\/b>, al <b>Circolo Velico<\/b>\u00a0del Porto dell\u2019Etna Marina di Riposto, dove si aprir\u00e0 l\u2019esposizione d\u2019arte \u2018L\u2019anomalo perfetto\u2019, visitabile fino al 18 agosto, che vedr\u00e0 in mostra le opere realizzate da nove artisti: Francesco Bond\u00ec, Carmen Cardillo, Giuseppe Musumeci, Christian Lanni, Giuseppe La Spada, Filippo La Vaccara, Giuseppe Patan\u00e8, Benedetto Poma e Maurizio Pometti. Tra le opere esposte anche un quadro realizzato dallo stesso Battiato, proveniente da una collezione privata. In <b>piazza San Pietro<\/b>, poi, alle <b>ore 21<\/b>, andr\u00e0 in scena \u2018Ciao Franco\u2019, il primo musical ispirato a Franco Battiato, a cura dell\u2019accademia BMA, con l\u2019ausilio del video mapping.<\/div>\n<div><\/div>\n<div>Link: Immagini murale: <a id=\"OWAa04eddfc-380b-ca7e-8c49-b9af110e5e1c\" class=\"x_x_x_x_x_OWAAutoLink\" href=\"https:\/\/www.transfernow.net\/dl\/20240803YMKtwVHL\/kGiy4BDI\" data-auth=\"NotApplicable\"> https:\/\/www.transfernow.net\/dl\/20240803YMKtwVHL\/kGiy4BDI<\/a><\/div>\n<div>\u00a0 \u00a0 \u00a0 \u00a0 \u00a0 \u00a0Intervista Igor Scalisi Palminteri: <a id=\"OWAa1f2ea9c-4473-87f2-878c-a2beb545ce17\" class=\"x_x_x_x_x_OWAAutoLink\" href=\"https:\/\/www.transfernow.net\/dl\/2024080212QVBlLU\/l5Xi0Q1t\" data-auth=\"NotApplicable\"> https:\/\/www.transfernow.net\/dl\/2024080212QVBlLU\/l5Xi0Q1t<\/a><\/div>\n<div>\u00a0 \u00a0 \u00a0 \u00a0 \u00a0 \u00a0Immagini inaugurazione: <a id=\"OWAf109c36d-1d3e-25a9-8945-4d1286d932f0\" class=\"x_x_x_x_x_OWAAutoLink\" href=\"https:\/\/www.transfernow.net\/dl\/20240803zFYbOKdw\/zmUZJJEH\" data-auth=\"NotApplicable\"> https:\/\/www.transfernow.net\/dl\/20240803zFYbOKdw\/zmUZJJEH<\/a><\/div>\n<div><\/div>\n<div><\/div>\n<div><\/div>\n<div><strong>U.S. Maria Bella<\/strong><\/div>\n<div><strong>3284176181<\/strong><\/div>\n<div><strong>Tessera Odg N\u00b0 073783<\/strong><\/div>\n","protected":false},"excerpt":{"rendered":"<p>\u2018Un Oceano\u2019 in cui perdersi tra i ricordi e la nostalgia di casa. \u00c8 cos\u00ec che l\u2019artista palermitano Igor Scalisi Palminteri ha immaginato Franco Battiato nell\u2019opera monumentale realizzata nel cuore<\/p>\n<div><a class=\"permalink\" href=\"https:\/\/www.radioempire.it\/index.php\/2024\/08\/04\/riposto-ct-inaugurato-il-murale-nel-quartiere-natio-di-franco-battiato-si-e-aperta-ieri-sera-la-rassegna-stranizza-damuri\/\">Read More&#8230;<\/a><\/div>\n","protected":false},"author":2,"featured_media":51418,"comment_status":"closed","ping_status":"closed","sticky":false,"template":"","format":"standard","meta":[],"categories":[36,78],"tags":[],"_links":{"self":[{"href":"https:\/\/www.radioempire.it\/index.php\/wp-json\/wp\/v2\/posts\/51417"}],"collection":[{"href":"https:\/\/www.radioempire.it\/index.php\/wp-json\/wp\/v2\/posts"}],"about":[{"href":"https:\/\/www.radioempire.it\/index.php\/wp-json\/wp\/v2\/types\/post"}],"author":[{"embeddable":true,"href":"https:\/\/www.radioempire.it\/index.php\/wp-json\/wp\/v2\/users\/2"}],"replies":[{"embeddable":true,"href":"https:\/\/www.radioempire.it\/index.php\/wp-json\/wp\/v2\/comments?post=51417"}],"version-history":[{"count":1,"href":"https:\/\/www.radioempire.it\/index.php\/wp-json\/wp\/v2\/posts\/51417\/revisions"}],"predecessor-version":[{"id":51420,"href":"https:\/\/www.radioempire.it\/index.php\/wp-json\/wp\/v2\/posts\/51417\/revisions\/51420"}],"wp:featuredmedia":[{"embeddable":true,"href":"https:\/\/www.radioempire.it\/index.php\/wp-json\/wp\/v2\/media\/51418"}],"wp:attachment":[{"href":"https:\/\/www.radioempire.it\/index.php\/wp-json\/wp\/v2\/media?parent=51417"}],"wp:term":[{"taxonomy":"category","embeddable":true,"href":"https:\/\/www.radioempire.it\/index.php\/wp-json\/wp\/v2\/categories?post=51417"},{"taxonomy":"post_tag","embeddable":true,"href":"https:\/\/www.radioempire.it\/index.php\/wp-json\/wp\/v2\/tags?post=51417"}],"curies":[{"name":"wp","href":"https:\/\/api.w.org\/{rel}","templated":true}]}}