{"id":51490,"date":"2024-08-11T11:30:22","date_gmt":"2024-08-11T11:30:22","guid":{"rendered":"https:\/\/www.radioempire.it\/?p=51490"},"modified":"2024-08-11T10:12:19","modified_gmt":"2024-08-11T10:12:19","slug":"colpa-del-blasco-la-cover-band-di-vasco-rossi-in-concerto-a-furci-siculo","status":"publish","type":"post","link":"https:\/\/www.radioempire.it\/index.php\/2024\/08\/11\/colpa-del-blasco-la-cover-band-di-vasco-rossi-in-concerto-a-furci-siculo\/","title":{"rendered":"Colpa del Blasco: La Cover Band di Vasco Rossi in Concerto a Furci Siculo"},"content":{"rendered":"<p>Il 13 agosto, la Cavea di Furci Verde si prepara a ospitare un evento imperdibile per tutti i fan di Vasco Rossi: il concerto della cover band &#8220;Colpa del Blasco&#8221;. Questa tribute band, nota per la sua abilit\u00e0 nel riprodurre le emozioni e l&#8217;energia del grande rocker italiano, promette di far vibrare le corde del cuore di tutti i presenti.<\/p>\n<p>&#8220;Colpa del Blasco&#8221; \u00e8 una formazione composta da musicisti professionisti che da oltre dieci anni si dedicano a studiare e reinterpretare il repertorio di Vasco, cercando di mantenere intatta l&#8217;essenza delle sue canzoni. Dalle melodie pi\u00f9 dolci alle canzoni rock pi\u00f9 energiche, il gruppo \u00e8 pronto a offrire uno spettacolo che far\u00e0 cantare e ballare il pubblico.<\/p>\n<p>La Cavea di Furci Verde, con la sua atmosfera accogliente e il suo palco suggestivo, sar\u00e0 il palcoscenico ideale per questa serata di musica dal vivo. I fan avranno l&#8217;opportunit\u00e0 di rivivere i grandi successi di Vasco, come &#8220;Albachiara&#8221;, &#8220;Sally&#8221; e &#8220;Vita Spericolata&#8221;, in un contesto che ricrea la magia dei concerti originali.<\/p>\n<p>Il concerto di &#8220;Colpa del Blasco&#8221; non sar\u00e0 solo un tributo a Vasco Rossi, ma anche un&#8217;occasione per celebrare la musica italiana e la comunit\u00e0 di fan che circonda l&#8217;artista. Sar\u00e0 una serata di festa, di condivisione e di passione per la musica che, senza dubbio, lascer\u00e0 un segno nel cuore di tutti i partecipanti.<\/p>\n<p>Per chi ama la musica di Vasco e desidera trascorrere una serata all&#8217;insegna del rock e dell&#8217;allegria, quello di marted\u00ec 13 agosto a Furci Siculo (ME) \u00e8 un appuntamento da non perdere.<br \/>\nL\u2019evento \u00e8 organizzato dal Comune di Furci Siculo e sponsorizzato dalla farmacia Shultze del Dott. Danilo Arena ed \u00e8 proprio questa sinergia tra pubblico e imprenditori privati a rendere il cartellone estivo di questo grazioso comune sul mare uno dei pi\u00f9 interessanti della riviera.<br \/>\nSar\u00e0 possibile parcheggiare gratuitamente presso il campo sportivo a poche decine di metri dal luogo del concerto ed inoltre la Cavea Furci Verde \u00e8 accessibile a tutti con posti riservati alle persone con disabilit\u00e0.<br \/>\nPreparati a cantare a squarciagola e a vivere un&#8217;esperienza indimenticabile con &#8220;Colpa del Blasco&#8221;!<\/p>\n","protected":false},"excerpt":{"rendered":"<p>Il 13 agosto, la Cavea di Furci Verde si prepara a ospitare un evento imperdibile per tutti i fan di Vasco Rossi: il concerto della cover band &#8220;Colpa del Blasco&#8221;.<\/p>\n<div><a class=\"permalink\" href=\"https:\/\/www.radioempire.it\/index.php\/2024\/08\/11\/colpa-del-blasco-la-cover-band-di-vasco-rossi-in-concerto-a-furci-siculo\/\">Read More&#8230;<\/a><\/div>\n","protected":false},"author":2,"featured_media":51491,"comment_status":"closed","ping_status":"closed","sticky":false,"template":"","format":"standard","meta":[],"categories":[3,36],"tags":[],"_links":{"self":[{"href":"https:\/\/www.radioempire.it\/index.php\/wp-json\/wp\/v2\/posts\/51490"}],"collection":[{"href":"https:\/\/www.radioempire.it\/index.php\/wp-json\/wp\/v2\/posts"}],"about":[{"href":"https:\/\/www.radioempire.it\/index.php\/wp-json\/wp\/v2\/types\/post"}],"author":[{"embeddable":true,"href":"https:\/\/www.radioempire.it\/index.php\/wp-json\/wp\/v2\/users\/2"}],"replies":[{"embeddable":true,"href":"https:\/\/www.radioempire.it\/index.php\/wp-json\/wp\/v2\/comments?post=51490"}],"version-history":[{"count":1,"href":"https:\/\/www.radioempire.it\/index.php\/wp-json\/wp\/v2\/posts\/51490\/revisions"}],"predecessor-version":[{"id":51492,"href":"https:\/\/www.radioempire.it\/index.php\/wp-json\/wp\/v2\/posts\/51490\/revisions\/51492"}],"wp:featuredmedia":[{"embeddable":true,"href":"https:\/\/www.radioempire.it\/index.php\/wp-json\/wp\/v2\/media\/51491"}],"wp:attachment":[{"href":"https:\/\/www.radioempire.it\/index.php\/wp-json\/wp\/v2\/media?parent=51490"}],"wp:term":[{"taxonomy":"category","embeddable":true,"href":"https:\/\/www.radioempire.it\/index.php\/wp-json\/wp\/v2\/categories?post=51490"},{"taxonomy":"post_tag","embeddable":true,"href":"https:\/\/www.radioempire.it\/index.php\/wp-json\/wp\/v2\/tags?post=51490"}],"curies":[{"name":"wp","href":"https:\/\/api.w.org\/{rel}","templated":true}]}}