{"id":51523,"date":"2024-08-13T05:49:46","date_gmt":"2024-08-13T05:49:46","guid":{"rendered":"https:\/\/www.radioempire.it\/?p=51523"},"modified":"2024-08-13T05:49:46","modified_gmt":"2024-08-13T05:49:46","slug":"fascismo-come-nato-come-si-e-affermato-cosa-e-rimasto","status":"publish","type":"post","link":"https:\/\/www.radioempire.it\/index.php\/2024\/08\/13\/fascismo-come-nato-come-si-e-affermato-cosa-e-rimasto\/","title":{"rendered":"Fascismo: com\u2019\u00e8 nato, come si \u00e8 affermato, cosa \u00e8 rimasto"},"content":{"rendered":"<h5><\/h5>\n<h5><em>\u00a0<\/em><em>La XII edizione della Notte della Cultura di Gallodoro ha proposto un\u2019analisi storica del\u00a0 \u201cVentennio\u201c <\/em><\/h5>\n<p><em>Un\u2019analisi storica del Ventennio e dei suoi luoghi comuni attraverso le fonti documentate. \u00c8 questo quanto proposto domenica scorsa a Gallodoro dalla XII edizione della Notte della Cultura, organizzata dal Comune di Gallodoro e da Archeoclub Area Jonica, in collaborazione con l\u2019Arcipretura S. M Assunta di Gallodoro. \u201cFascismo, una storia contesa\u201d, il titolo dell\u2019evento.<\/em><\/p>\n<p><em>Dopo i saluti del sindaco Alfio Currenti e del parroco don Daniele Truscello, il dibattito \u00e8 subito entrato nel vivo con l\u2019intervento dello storico Giuseppe Restifo, il quale ha parlato di una \u201cstoria contesa solo tra storici e non storici, perch\u00e9 per gli storici che si attengono ai documenti c\u2019\u00e8 poco di conteso\u201d. Restifo ha ricostruito le fasi iniziali del movimento che si professava anticlericale e repubblicano, salvo poi invertire la rotta. Gli elementi di violenza che caratterizzarono nell\u2019immaginario collettivo il fascismo \u201ctraevano origine da quanto gi\u00e0 succedeva in Italia dal 1914, con la guerra che ha contributo ad eccitare ed inasprire il contesto sociale\u201d su cui poi il fascismo ha attecchito. Restifo ha dedicato un\u2019ampia riflessione alla vicenda Matteotti, partendo dal suo pacifismo, che durante la guerra convinse i comandi a mandarlo a Messina, dove gir\u00f2 i vari forti e da dove, nel periodo 1916-19 mand\u00f2 lettere costanti alla moglie in Veneto. Matteotti, quando fu ucciso, \u201cera sul punto di comunicare al Parlamento un episodio corruttivo tra il governo fascista ed una societ\u00e0 petrolifera americana per favorire alcune concessioni\u201d e di quell\u2019omicidio \u201clo stesso Mussolini se ne assunse la responsabilit\u00e0 pubblicamente il 3.1.25\u201d. Sulla figura di Matteotti \u00e8 intervenuto anche il prof. Carmelo Occhino, segnalando come \u201cfosse inviso anche ai vertici della sinistra italiana, in particolare a Gramsci\u201d. Restifo ha anche indicato alcuni episodi efferati legati alle stragi nazifasciste ed all\u2019uccisione, il 14.8.1943 di padre Antonino Musumeci a S. Alessio Siculo, il \u201cprimo martire cattolico del fascismo\u201d.<\/em><\/p>\n<p><em>Salvatore Mosca, ideatore e coordinatore dell\u2019incontro, ha poi elencato tantissimi luoghi comuni del fascismo, alcuni veri (bonifiche, architettura e tutela urbanistica, codici, scuola, colonie estive), altri enfatizzati e molte del tutto falsi, tra cui soprattutto le pensioni, introdotte in Italia \u201cgi\u00e0 dalla legge 70 del 1895, poco dopo la Germania\u201d. Ha anche evidenziato le interpretazioni date al fascismo da molti storici tra cui Benedetto Croce, in un primo momento favorevole (lettera a Nitti del 1923), ma dopo il 1924 si smarca, assumendo una posizione critica e diventando bersaglio della stampa fascista. Mosca ha anche evidenziato la \u201cparabola\u201d di De Felice, ritenuto lo storico del fascismo ma che si espresse in toni molto critici su quell\u2019esperienza e su Mussolini (\u201cpi\u00f9 che un grande politico creatore, Mussolini \u00e8 stato un distruttore\u201d).<\/em><\/p>\n<p><em>\u00a0<\/em><em>Il terzo intervento \u00e8 stato affidato a Fabrizio Sergi, regista e storico militare, che attingendo al proprio libro (Charles Beach, Di Nicola editore) sulla presenza degli Alleati nella riviera jonica ed alle immagini ha illustrato in maniera dettagliata tutte le fasi e l\u2019evoluzione dello sbarco alleato in Sicilia dell\u2019estate del 1943. <\/em><\/p>\n<p><em>\u00a0<\/em><em>Gli interventi sono stati intermezzati dagli interventi di Daniela Fileti, che dal suo libro \u201cPetali e Pietre\u201d (Di Nicola editore) ha letto due poesie sulla guerra ed una sulle donne.<\/em><\/p>\n<p><em>Il libro, insieme ad altri, sar\u00e0 oggetto di dibattito luned\u00ec 19 a Roccafiorita, nel corso della rassegna Kalfaracconta organizzata dal comune e da Archeoclub.<\/em><\/p>\n<p><em>\u00a0<\/em><em>Prima dell\u2019inizio dei lavori,\u00a0 il presidente di Archeoclub Area Jonica, Filippo Brianni, ha voluto sottolineare come l\u2019idea di realizzare un convegno sul fascismo ha determinato \u201cqualche reazione scomposta\u201d, ed ha evidenziato che: \u201c1) Archeoclub e le associazioni non devono giustificarsi con nessuno se organizzano qualcosa sul fascismo, o sulla mafia o su altre esperienze storiche simili perch\u00e9, grazie a Dio, non c\u2019\u00e8 nessuna dittatura come il fascismo, di nessun colore, che possa censurare un dibattito; 2) non \u00e8 un convegno politico, ma storico, anche perch\u00e9 si d\u00e0 per scontato che le idee fasciste non facciano pi\u00f9 parte del dibattito politico e sarebbe grave il contrario, alla luce della nostra Costituzione\u201d<\/em><\/p>\n<p><em>\u00a0<\/em><\/p>\n<p><em>Gallodoro, 12.08.2023<\/em><\/p>\n<p><strong>ARCHEOCLUB<\/strong><\/p>\n<p><strong>AREA JONICA MESSINA A.P.S.<\/strong><\/p>\n<p><strong>Il Presidente<\/strong><\/p>\n<p><strong>Avv. Filippo Brianni<\/strong><\/p>\n","protected":false},"excerpt":{"rendered":"<p>\u00a0La XII edizione della Notte della Cultura di Gallodoro ha proposto un\u2019analisi storica del\u00a0 \u201cVentennio\u201c Un\u2019analisi storica del Ventennio e dei suoi luoghi comuni attraverso le fonti documentate. \u00c8 questo<\/p>\n<div><a class=\"permalink\" href=\"https:\/\/www.radioempire.it\/index.php\/2024\/08\/13\/fascismo-come-nato-come-si-e-affermato-cosa-e-rimasto\/\">Read More&#8230;<\/a><\/div>\n","protected":false},"author":2,"featured_media":51524,"comment_status":"closed","ping_status":"closed","sticky":false,"template":"","format":"standard","meta":[],"categories":[36,78],"tags":[],"_links":{"self":[{"href":"https:\/\/www.radioempire.it\/index.php\/wp-json\/wp\/v2\/posts\/51523"}],"collection":[{"href":"https:\/\/www.radioempire.it\/index.php\/wp-json\/wp\/v2\/posts"}],"about":[{"href":"https:\/\/www.radioempire.it\/index.php\/wp-json\/wp\/v2\/types\/post"}],"author":[{"embeddable":true,"href":"https:\/\/www.radioempire.it\/index.php\/wp-json\/wp\/v2\/users\/2"}],"replies":[{"embeddable":true,"href":"https:\/\/www.radioempire.it\/index.php\/wp-json\/wp\/v2\/comments?post=51523"}],"version-history":[{"count":1,"href":"https:\/\/www.radioempire.it\/index.php\/wp-json\/wp\/v2\/posts\/51523\/revisions"}],"predecessor-version":[{"id":51525,"href":"https:\/\/www.radioempire.it\/index.php\/wp-json\/wp\/v2\/posts\/51523\/revisions\/51525"}],"wp:featuredmedia":[{"embeddable":true,"href":"https:\/\/www.radioempire.it\/index.php\/wp-json\/wp\/v2\/media\/51524"}],"wp:attachment":[{"href":"https:\/\/www.radioempire.it\/index.php\/wp-json\/wp\/v2\/media?parent=51523"}],"wp:term":[{"taxonomy":"category","embeddable":true,"href":"https:\/\/www.radioempire.it\/index.php\/wp-json\/wp\/v2\/categories?post=51523"},{"taxonomy":"post_tag","embeddable":true,"href":"https:\/\/www.radioempire.it\/index.php\/wp-json\/wp\/v2\/tags?post=51523"}],"curies":[{"name":"wp","href":"https:\/\/api.w.org\/{rel}","templated":true}]}}