{"id":51574,"date":"2024-08-15T18:33:08","date_gmt":"2024-08-15T18:33:08","guid":{"rendered":"https:\/\/www.radioempire.it\/?p=51574"},"modified":"2024-08-15T18:33:08","modified_gmt":"2024-08-15T18:33:08","slug":"serata-di-gala-le-tre-fontane-di-presa","status":"publish","type":"post","link":"https:\/\/www.radioempire.it\/index.php\/2024\/08\/15\/serata-di-gala-le-tre-fontane-di-presa\/","title":{"rendered":"Serata di gala &#8220;Le Tre Fontane di Presa&#8221;"},"content":{"rendered":"<p>L\u2019associazione culturale teatrale \u201cLe Tre Fontane di Presa\u201d chiude<br \/>\ngli eventi che festeggiano i venticinque anni di attivit\u00e0 con il Gal\u00e0 del<br \/>\nVenticinquennale che si terr\u00e0 domani, venerd\u00ec 16 agosto, alle 21, in<br \/>\nPiazza Maria SS. delle Grazie, a Presa, frazione di Piedimonte Etneo.<br \/>\nDopo il successo della rassegna teatrale estiva in edizione speciale che ha visto<br \/>\nuna Piazza Aldo Moro gremita nelle quattro date di spettacoli conclusesi con<br \/>\n\u201c \u2018U sapiti com\u2019\u00e8 \u201d, che \u00e8 fra i cavalli di battaglia della Compagnia, una delle<br \/>\ncommedie pi\u00f9 rappresentate, alla quarta riedizione, perch\u00e9 \u00e8 lo spettacolo che,<br \/>\nforse pi\u00f9 di tutti, ha segnato la storia della Compagnia facendole ottenere tanti<br \/>\npremi ed un largo consenso di pubblico, tanto che quest\u2019ultima replica \u00e8 stata<br \/>\ndavvero un incredibile successo con una bella interpretazione di una storia<br \/>\nsiciliana che la Compagnia ha scelto proprio per rinsaldare lo scopo<br \/>\ndell\u2019associazione che \u00e8 la promozione della cultura locale, \u201cLe Tre Fontane<br \/>\ndi Presa\u201d vogliono fare un regalo al pubblico che da sempre li segue.<br \/>\n\u201cAbbiamo pensato ad un gran gal\u00e0, ad ingresso libero, nel cuore di Presa \u2013<br \/>\ndichiara la Presidente dell\u2019Associazione \u201cLe Tre Fontane di Presa\u201d,<br \/>\nMaria Grazia Proietto &#8211; per ringraziare il pubblico dell\u2019affetto e della stima<br \/>\nche da sempre ci dimostra offrendo una serata di festa con alcuni volti noti<br \/>\ndel teatro e della tv.\u201d Nel cuore della frazione pedemontana si alterneranno<br \/>\npremiazioni e momenti di spettacolo per una serata da red carpet. Ospiti<br \/>\nd\u2019eccezione ed artisti della scena nazionale come: Carmelo Caccamo, che<br \/>\nfar\u00e0 calcare il palco di Presa alla Signora Santina ed a Nuccio, I Violinisti<br \/>\nin Jeans, Luigi Di Pino. Ad alcuni artisti siciliani verranno conferiti<br \/>\nriconoscimenti alla carriera. Fra questi ci saranno: Leo Gullotta, Bruno<br \/>\nTorrisi, Chiara Tron, Ruben La Malfa e Daniele Virz\u00ec (questi ultimi tre<br \/>\nhanno recitato nella fiction di Canale 5 \u201cViola come il mare\u201d), Ornella<br \/>\nBoccafoschi (insegnante di danza che ha partecipato a \u201cBallando con le Stelle\u201d<br \/>\nsu Rai 1), il regista Salvatore Scir\u00e8 e l\u2019insegnante di danza e fitness Claudia<br \/>\nPatan\u00e8.<br \/>\nLa serata sar\u00e0 arricchita dall\u2019amichevole partecipazione di Jessica Zarbo,<br \/>\nSara Pizzolo ed Angelo Tosto e dai contributi della scuola di danza \u201cFunny<br \/>\nClub\u201d di Piedimonte Etneo.<br \/>\nNon mancheranno i momenti di recitazione, curati dagli attori della<br \/>\nCompagnia padrona di casa, con pezzi di quattro grandi autori del teatro<br \/>\ninternazionale, da Verga a Pirandello, sino ad Eduardo De Filippo e<br \/>\nShakespeare.<br \/>\nUn traguardo d\u2019argento, il venticinquennale, costruito da tanti \u201cattori\u201d, fatto<br \/>\nnon solo di teatro ma anche di condivisione, allegria, momenti di riflessione e<br \/>\ncommozione.<br \/>\nAd orchestrare tutti gli elementi di questo ricchissimo Gal\u00e0 sar\u00e0 il noto<br \/>\npresentatore Ruggero Sardo, felice di esser stato scelto per l\u2019importante<br \/>\nserata. \u201cUn vero piacere per me essere stato chiamato a condurre il 25ennale<br \/>\ndella Compagnia \u201cLe Tre Fontane di Presa\u201d. \u2013 dichiara il conduttore &#8211; Vanno<br \/>\nfatti i complimenti a questi uomini e donne che hanno fatto della loro passione<br \/>\nun fiore all\u2019occhiello per tutto il territorio. Venticinque anni sono veramente<br \/>\ntanti ed il loro successo \u00e8 sempre stato decretato dal pubblico che da sempre<br \/>\nli apprezza e li sostiene. Sar\u00e0 una serata evento voluta dalla Compagnia per<br \/>\ndire grazie a quanti in questi anni, a vario titolo, hanno dato supporto<br \/>\nall\u2019attivit\u00e0 teatrale e nel corso dell\u2019evento verranno a trovarci tanti artisti<br \/>\nsiciliani proprio per sottolineare quanto la Sicilia sia nel cuore di ciascuno di<br \/>\nnoi! Il teatro da sempre \u00e8 palestra di vita, momento di aggregazione e cultura<br \/>\ne soprattutto in Sicilia \u00e8 un caposaldo della nostra tradizione e della nostra<br \/>\nstoria!\u201d<br \/>\nAppuntamento, allora, venerd\u00ec 16 agosto, alle 21:00, in Piazza Maria<br \/>\nSantissima delle Grazie, a Presa con il Gal\u00e0 del Venticinquennale<br \/>\ndell\u2019Associazione \u201cLe Tre Fontane di Presa\u201d.<br \/>\nPer info: 3458447367 \u2013 3299787043 &#8211; 3284053609<br \/>\nOppure: letrefontanepresa@gmail.com<br \/>\n<strong>Ufficio Stampa<\/strong><br \/>\n<strong>Rita Patan\u00e8 \u2013 Tessera n.156299<\/strong><br \/>\n<strong>3405081885<\/strong><\/p>\n","protected":false},"excerpt":{"rendered":"<p>L\u2019associazione culturale teatrale \u201cLe Tre Fontane di Presa\u201d chiude gli eventi che festeggiano i venticinque anni di attivit\u00e0 con il Gal\u00e0 del Venticinquennale che si terr\u00e0 domani, venerd\u00ec 16 agosto,<\/p>\n<div><a class=\"permalink\" href=\"https:\/\/www.radioempire.it\/index.php\/2024\/08\/15\/serata-di-gala-le-tre-fontane-di-presa\/\">Read More&#8230;<\/a><\/div>\n","protected":false},"author":2,"featured_media":51575,"comment_status":"closed","ping_status":"closed","sticky":false,"template":"","format":"standard","meta":[],"categories":[36,78],"tags":[],"_links":{"self":[{"href":"https:\/\/www.radioempire.it\/index.php\/wp-json\/wp\/v2\/posts\/51574"}],"collection":[{"href":"https:\/\/www.radioempire.it\/index.php\/wp-json\/wp\/v2\/posts"}],"about":[{"href":"https:\/\/www.radioempire.it\/index.php\/wp-json\/wp\/v2\/types\/post"}],"author":[{"embeddable":true,"href":"https:\/\/www.radioempire.it\/index.php\/wp-json\/wp\/v2\/users\/2"}],"replies":[{"embeddable":true,"href":"https:\/\/www.radioempire.it\/index.php\/wp-json\/wp\/v2\/comments?post=51574"}],"version-history":[{"count":1,"href":"https:\/\/www.radioempire.it\/index.php\/wp-json\/wp\/v2\/posts\/51574\/revisions"}],"predecessor-version":[{"id":51576,"href":"https:\/\/www.radioempire.it\/index.php\/wp-json\/wp\/v2\/posts\/51574\/revisions\/51576"}],"wp:featuredmedia":[{"embeddable":true,"href":"https:\/\/www.radioempire.it\/index.php\/wp-json\/wp\/v2\/media\/51575"}],"wp:attachment":[{"href":"https:\/\/www.radioempire.it\/index.php\/wp-json\/wp\/v2\/media?parent=51574"}],"wp:term":[{"taxonomy":"category","embeddable":true,"href":"https:\/\/www.radioempire.it\/index.php\/wp-json\/wp\/v2\/categories?post=51574"},{"taxonomy":"post_tag","embeddable":true,"href":"https:\/\/www.radioempire.it\/index.php\/wp-json\/wp\/v2\/tags?post=51574"}],"curies":[{"name":"wp","href":"https:\/\/api.w.org\/{rel}","templated":true}]}}