{"id":51853,"date":"2024-09-12T16:07:44","date_gmt":"2024-09-12T16:07:44","guid":{"rendered":"https:\/\/www.radioempire.it\/?p=51853"},"modified":"2024-09-12T16:07:44","modified_gmt":"2024-09-12T16:07:44","slug":"andrea-nucita-pronto-al-ritorno-per-il-47-rally-1000-miglia","status":"publish","type":"post","link":"https:\/\/www.radioempire.it\/index.php\/2024\/09\/12\/andrea-nucita-pronto-al-ritorno-per-il-47-rally-1000-miglia\/","title":{"rendered":"Andrea Nucita pronto al ritorno per il 47\u00b0 Rally 1000 Miglia"},"content":{"rendered":"<table width=\"100%\">\n<tbody>\n<tr>\n<td>\n<table id=\"templateHeader\" width=\"100%\">\n<tbody>\n<tr>\n<td>\n<table class=\"templateContainer\" width=\"640\">\n<tbody>\n<tr>\n<td class=\"headerContainer\">\n<table class=\"mcnImageBlock\" width=\"100%\">\n<tbody class=\"mcnImageBlockOuter\">\n<tr>\n<td class=\"mcnImageBlockInner\">\n<table class=\"mcnImageContentContainer\" width=\"100%\">\n<tbody>\n<tr>\n<td class=\"mcnImageContent\"><img class=\"mcnImage\" alt=\"\" width=\"483.20000000000005\" \/><\/td>\n<\/tr>\n<\/tbody>\n<\/table>\n<\/td>\n<\/tr>\n<\/tbody>\n<\/table>\n<table class=\"mcnTextBlock\" width=\"100%\">\n<tbody class=\"mcnTextBlockOuter\">\n<tr>\n<td class=\"mcnTextBlockInner\">\n<table class=\"mcnTextContentContainer\" width=\"100%\">\n<tbody>\n<tr>\n<td class=\"mcnTextContent\">\n<h1><\/h1>\n<p dir=\"ltr\"><strong><em>Dopo due mesi di stop, il pilota Hyundai Rally Team Italia riprende il volante della i20 N Rally2 per una delle sue gare preferite. Nucita punta a ritrovare subito il giusto ritmo sulle impegnative strade bresciane.<\/em><\/strong><\/p>\n<\/td>\n<\/tr>\n<\/tbody>\n<\/table>\n<\/td>\n<\/tr>\n<\/tbody>\n<\/table>\n<table class=\"mcnImageBlock\" width=\"100%\">\n<tbody class=\"mcnImageBlockOuter\">\n<tr>\n<td class=\"mcnImageBlockInner\">\n<table class=\"mcnImageContentContainer\" width=\"100%\">\n<tbody>\n<tr>\n<td class=\"mcnImageContent\"><a class=\"\" title=\"\" href=\"https:\/\/mb32.us8.list-manage.com\/track\/click?u=4d5abd9a6b410dbcde15ec8eb&amp;id=97dd876c66&amp;e=e78b4b98ee\" target=\"_blank\" rel=\"noopener\"> <img class=\"mcnImage\" alt=\"\" width=\"604\" \/> <\/a><\/td>\n<\/tr>\n<\/tbody>\n<\/table>\n<\/td>\n<\/tr>\n<\/tbody>\n<\/table>\n<table class=\"mcnImageBlock\" width=\"100%\">\n<tbody class=\"mcnImageBlockOuter\">\n<tr>\n<td class=\"mcnImageBlockInner\">\n<table class=\"mcnImageContentContainer\" width=\"100%\">\n<tbody>\n<tr>\n<td class=\"mcnImageContent\"><img class=\"mcnImage\" alt=\"\" width=\"604\" \/><\/td>\n<\/tr>\n<\/tbody>\n<\/table>\n<\/td>\n<\/tr>\n<\/tbody>\n<\/table>\n<\/td>\n<\/tr>\n<\/tbody>\n<\/table>\n<\/td>\n<\/tr>\n<\/tbody>\n<\/table>\n<\/td>\n<\/tr>\n<tr>\n<td>\n<table id=\"templateBody\" width=\"100%\">\n<tbody>\n<tr>\n<td>\n<table class=\"templateContainer\" width=\"640\">\n<tbody>\n<tr>\n<td class=\"bodyContainer\">\n<table class=\"mcnTextBlock\" width=\"100%\">\n<tbody class=\"mcnTextBlockOuter\">\n<tr>\n<td class=\"mcnTextBlockInner\">\n<table class=\"mcnTextContentContainer\" width=\"100%\">\n<tbody>\n<tr>\n<td class=\"mcnTextContent\">\n<div>Brescia, 11 settembre 2024 \u2013 Andrea Nucita \u00e8 pronto a fare il suo ritorno in gara al 47\u00b0 Rally 1000 Miglia, dopo due mesi di lontananza dall&#8217;abitacolo. Il pilota Hyundai Rally Team Italia torner\u00e0 al volante della sua i20 N Rally2, gommata Michelin, in una delle gare pi\u00f9 iconiche del Campionato Italiano Assoluto Rally Sparco, in programma dal 12 al 14 settembre.<\/p>\n<p>Nucita, che sar\u00e0 navigato da Rudy Pollet e partir\u00e0 con il numero #14, ha gi\u00e0 lasciato il segno al Rally 1000 Miglia, conquistando il quarto posto nell\u2019edizione 2022. Capace di dimostrare in pi\u00f9 di un\u2019occasione un grande apprezzamento per le tecniche prove speciali bresciane, Nucita torna nello sfidante contesto del CIAR per uno dei suoi appuntamenti pi\u00f9 iconici.<\/p>\n<p>La 47^ edizione del Rally 1000 Miglia si aprir\u00e0 venerd\u00ec con le prove libere e dalle qualifiche a Puegnago del Garda. La partenza ufficiale avverr\u00e0 alle 15:36 dal Centro Fiera di Montichiari, dove \u00e8 allestito anche il Parco Assistenza, con la Power Stage in diretta su RAI Sport e ACI Sport TV. La prima tappa proseguir\u00e0 con altre due speciali tra cui la lunga \u201cPertiche\u201d per tutti in notturna.<\/p>\n<p>Sabato la giornata pi\u00f9 tosta, con otto speciali prima dell\u2019arrivo in Piazzale Arnaldo a Brescia, previsto alle 18:45. Le prove saranno quelle di \u201cTreviso Bresciano\u201d, reintrodotta dopo diversi anni, \u201cMarmentino\u201d, \u201cMastanico\u201d, \u201cBione\u201d e nuovamente \u201cPertiche\u201d.<\/p>\n<p><strong><em>\u201cSono felice di tornare in gara dopo due mesi di stop. Il Rally 1000 Miglia \u00e8 una gara che ho sempre apprezzato molto, sia per il suo fascino che per la sua difficolt\u00e0 tecnica. \u00c8 una prova che richiede precisione e ritmo, e sar\u00e0 importante ritrovare subito la giusta concentrazione. Non vedo l\u2019ora di tornare in macchina e dare il massimo. Ringrazio il team e tutti i miei partners che ci hanno consentito di esserci anche in questa occasione, \u00e8 anche grazie a loro se posso tornare a competere in una gara cos\u00ec importante\u201d <\/em><\/strong>le parole di Nucita.<\/p>\n<p>La gara sar\u00e0 trasmessa in diretta su ACI Sport TV (Canale 228 SKY) e sui canali digitali del campionato. RAI Sport (Canale 58 DTT) trasmetter\u00e0 la PS1 e uno speciale a fine gara. Numerosi i collegamenti delle emittenti locali.<\/p><\/div>\n<\/td>\n<\/tr>\n<\/tbody>\n<\/table>\n<\/td>\n<\/tr>\n<\/tbody>\n<\/table>\n<\/td>\n<\/tr>\n<\/tbody>\n<\/table>\n<\/td>\n<\/tr>\n<\/tbody>\n<\/table>\n<\/td>\n<\/tr>\n<tr>\n<td>\n<table id=\"templateFooter\" width=\"100%\">\n<tbody>\n<tr>\n<td>\n<table class=\"templateContainer\" width=\"640\">\n<tbody>\n<tr>\n<td class=\"footerContainer\">\n<table class=\"mcnDividerBlock\" width=\"100%\">\n<tbody class=\"mcnDividerBlockOuter\">\n<tr>\n<td class=\"mcnDividerBlockInner\">\n<table class=\"mcnDividerContent\" width=\"100%\">\n<tbody>\n<tr>\n<td><\/td>\n<\/tr>\n<\/tbody>\n<\/table>\n<\/td>\n<\/tr>\n<\/tbody>\n<\/table>\n<table class=\"mcnTextBlock\" width=\"100%\">\n<tbody class=\"mcnTextBlockOuter\">\n<tr>\n<td class=\"mcnTextBlockInner\">\n<table class=\"mcnTextContentContainer\" width=\"100%\">\n<tbody>\n<tr>\n<td class=\"mcnTextContent\"><strong>Classifica Campionato Italiano Assoluto Rally Sparco 2024<\/strong><br \/>\n1. Crugnola Andrea pt. 84,50; 2. Campedelli Simone pt. 68,00; 3. Basso Giandomenico pt. 57,00; 4. Signor Marco pt. 42,00; 5. Avbelj Bostjan pt. 34,50; 6. Scattolon Giacomo pt. 28,50; 7. Mabellini Andrea pt. 21,00; <strong>8. Nucita Andrea pt. 19,50<\/strong>; 9. Andreucci Paolo pt. 11,50; 10. Re Alessandro pt. 11,00.<\/td>\n<\/tr>\n<\/tbody>\n<\/table>\n<\/td>\n<\/tr>\n<\/tbody>\n<\/table>\n<table class=\"mcnDividerBlock\" width=\"100%\">\n<tbody class=\"mcnDividerBlockOuter\">\n<tr>\n<td class=\"mcnDividerBlockInner\">\n<table class=\"mcnDividerContent\" width=\"100%\">\n<tbody>\n<tr>\n<td><\/td>\n<\/tr>\n<\/tbody>\n<\/table>\n<\/td>\n<\/tr>\n<\/tbody>\n<\/table>\n<table class=\"mcnTextBlock\" width=\"100%\">\n<tbody class=\"mcnTextBlockOuter\">\n<tr>\n<td class=\"mcnTextBlockInner\">\n<table class=\"mcnTextContentContainer\" width=\"100%\">\n<tbody>\n<tr>\n<td class=\"mcnTextContent\"><strong>Calendario Campionato Italiano Assoluto Rally Sparco 2024<\/strong><br \/>\n15-16 marzo | Rally il Ciocco e Valle del Serchio<br \/>\n12-13 aprile | Rally Regione Piemonte<br \/>\n10-11 maggio | Rally Targa Florio<br \/>\n26-29 maggio | Rally Due Valli<br \/>\n26-28 luglio | Rally di Roma Capitale<br \/>\n13-14 settembre | Rally 1000 Miglia<br \/>\n18-19 ottobre | Rally Sanremo<\/td>\n<\/tr>\n<\/tbody>\n<\/table>\n<\/td>\n<\/tr>\n<\/tbody>\n<\/table>\n<table class=\"mcnDividerBlock\" width=\"100%\">\n<tbody class=\"mcnDividerBlockOuter\">\n<tr>\n<td class=\"mcnDividerBlockInner\">\n<table class=\"mcnDividerContent\" width=\"100%\">\n<tbody>\n<tr>\n<td><\/td>\n<\/tr>\n<\/tbody>\n<\/table>\n<\/td>\n<\/tr>\n<\/tbody>\n<\/table>\n<table class=\"mcnFollowBlock\" width=\"100%\">\n<tbody class=\"mcnFollowBlockOuter\">\n<tr>\n<td class=\"mcnFollowBlockInner\">\n<table class=\"mcnFollowContentContainer\" width=\"100%\">\n<tbody>\n<tr>\n<td>\n<table class=\"mcnFollowContent\" width=\"100%\">\n<tbody>\n<tr>\n<td><\/td>\n<\/tr>\n<\/tbody>\n<\/table>\n<\/td>\n<\/tr>\n<\/tbody>\n<\/table>\n<\/td>\n<\/tr>\n<\/tbody>\n<\/table>\n<table class=\"mcnTextBlock\" width=\"100%\">\n<tbody class=\"mcnTextBlockOuter\">\n<tr>\n<td class=\"mcnTextBlockInner\">\n<table class=\"mcnTextContentContainer\" width=\"100%\">\n<tbody>\n<tr>\n<td class=\"mcnTextContent\">\n<div><strong><em>Copyright \u00a92024 Andrea Nucita, All rights reserved.<\/em><\/strong><\/p>\n<p><strong>Ufficio Stampa<\/strong><br \/>\n<strong>Matteo Bellamoli<\/strong><br \/>\n<strong>+393491505088 &#8211; pressoffice@matteobellamoli.com<\/strong><\/div>\n<\/td>\n<\/tr>\n<\/tbody>\n<\/table>\n<\/td>\n<\/tr>\n<\/tbody>\n<\/table>\n<\/td>\n<\/tr>\n<\/tbody>\n<\/table>\n<\/td>\n<\/tr>\n<\/tbody>\n<\/table>\n<\/td>\n<\/tr>\n<\/tbody>\n<\/table>\n","protected":false},"excerpt":{"rendered":"<p>Dopo due mesi di stop, il pilota Hyundai Rally Team Italia riprende il volante della i20 N Rally2 per una delle sue gare preferite. Nucita punta a ritrovare subito il<\/p>\n<div><a class=\"permalink\" href=\"https:\/\/www.radioempire.it\/index.php\/2024\/09\/12\/andrea-nucita-pronto-al-ritorno-per-il-47-rally-1000-miglia\/\">Read More&#8230;<\/a><\/div>\n","protected":false},"author":2,"featured_media":51854,"comment_status":"closed","ping_status":"closed","sticky":false,"template":"","format":"standard","meta":[],"categories":[3,36],"tags":[],"_links":{"self":[{"href":"https:\/\/www.radioempire.it\/index.php\/wp-json\/wp\/v2\/posts\/51853"}],"collection":[{"href":"https:\/\/www.radioempire.it\/index.php\/wp-json\/wp\/v2\/posts"}],"about":[{"href":"https:\/\/www.radioempire.it\/index.php\/wp-json\/wp\/v2\/types\/post"}],"author":[{"embeddable":true,"href":"https:\/\/www.radioempire.it\/index.php\/wp-json\/wp\/v2\/users\/2"}],"replies":[{"embeddable":true,"href":"https:\/\/www.radioempire.it\/index.php\/wp-json\/wp\/v2\/comments?post=51853"}],"version-history":[{"count":1,"href":"https:\/\/www.radioempire.it\/index.php\/wp-json\/wp\/v2\/posts\/51853\/revisions"}],"predecessor-version":[{"id":51855,"href":"https:\/\/www.radioempire.it\/index.php\/wp-json\/wp\/v2\/posts\/51853\/revisions\/51855"}],"wp:featuredmedia":[{"embeddable":true,"href":"https:\/\/www.radioempire.it\/index.php\/wp-json\/wp\/v2\/media\/51854"}],"wp:attachment":[{"href":"https:\/\/www.radioempire.it\/index.php\/wp-json\/wp\/v2\/media?parent=51853"}],"wp:term":[{"taxonomy":"category","embeddable":true,"href":"https:\/\/www.radioempire.it\/index.php\/wp-json\/wp\/v2\/categories?post=51853"},{"taxonomy":"post_tag","embeddable":true,"href":"https:\/\/www.radioempire.it\/index.php\/wp-json\/wp\/v2\/tags?post=51853"}],"curies":[{"name":"wp","href":"https:\/\/api.w.org\/{rel}","templated":true}]}}