{"id":519,"date":"2016-12-07T17:50:24","date_gmt":"2016-12-07T17:50:24","guid":{"rendered":"http:\/\/www.radioempire.it\/?p=519"},"modified":"2016-12-13T17:50:56","modified_gmt":"2016-12-13T17:50:56","slug":"coro-lirico-siciliano-leccellenza-siciliana-in-tournee-in-cina-per-la-terza-volta","status":"publish","type":"post","link":"https:\/\/www.radioempire.it\/index.php\/2016\/12\/07\/coro-lirico-siciliano-leccellenza-siciliana-in-tournee-in-cina-per-la-terza-volta\/","title":{"rendered":"Coro Lirico Siciliano, l&#8217;eccellenza siciliana in tourn\u00e9e in Cina per la terza volta"},"content":{"rendered":"<p>La prima volta nel settembre 2014 con la Norma di Vincenzo Bellini, a Macao, presso il blasonato Macao International Music Festival, rassegna musicale di caratura internazionale diretta da uno dei maggiori direttori d&#8217;orchestra del mondo, Lu Jia con la produzione del Teatro Regio di Torino.<br \/>\nRichiamato nell&#8217;ottobre del 2015 (unica volta nella storia della kermesse in cui un ente viene chiamato per due anni consecutivi) per il Faust di Gounod, sempre presso il festival di Macao, stavolta con la produzione del Teatro dell&#8217;Opera di Chicago e recensito dai maggiori critici dell&#8217;estremo oriente con parole esaltanti.<br \/>\nQuest&#8217;anno, per la terza volta consecutiva, ritorna in Cina, presso due tra i pi\u00f9 prestigiosi teatri del mondo, il Tianjin Grand Theatre e l&#8217;Harbin Grand Theatre, due strutture mozzafiato situate nelle due metropoli cinesi, modernissime e dotate di sofisticati impianti tecnici.<br \/>\nIl Coro Lirico Siciliano, presieduto da Alberto Munaf\u00f2 Siragusa, diretto da Francesco Costa e con la direzione artistica di Giovanna Collica, \u00e8 un ente ormai affermato a livello internazionale, un vanto nel mondo per la Sicilia, di cui esporta arte e bellezza in tutto il globo.<br \/>\nRiconosciuto come ambasciatore del belcanto e dell&#8217;arte del grande compositore siciliano Vincenzo Bellini, ha ricevuto diversi premi, in patria, proprio per la peculiarit\u00e0 di portare nel mondo le opere liriche e sacre del &#8220;Cigno&#8221; catanese.<br \/>\nNumerose le apparizioni del CLS sui canali RAI, Mediaset, Sky e, proprio la scorsa estate, sulla BBC, dove, dal Teatro Antico di Taormina, ha trasmesso Norma, Rigoletto, Cavalleria Rusticana, Carmen, in alta definizione con regie cinematografiche.<br \/>\nDi pochi mesi fa un ulteriore prestigioso riconoscimento per il suo Maestro del Coro, Francesco Costa, vincitore dell&#8217;Oscar della Lirica 2016.<br \/>\nA Tianjin e Harbin quest&#8217;anno il Coro Lirico Siciliano porter\u00e0 ancora la Sicilia con Cavalleria Rusticana di Mascagni e poi Pagliacci di Leoncavallo e Le Nozze di Figaro di Mozart, tutte e tre nel sontuoso e tradizionale allestimento del Teatro Massimo &#8220;Vincenzo Bellini&#8221; di Catania; poi metter\u00e0 in scena la Turandot di Puccini in un monumentale e spettacolare allestimento del Teatro Carlo Felice di Genova, eseguir\u00e0 i Carmina Burana di Orff, un gala lirico d&#8217;opera con una finestra sulla canzone italiana d&#8217;autore e sull&#8217;operetta e, dulcis in fundo, un magnifico gala con uno dei pi\u00f9 importanti artisti lirici del mondo, il tenore Jos\u00e9 Carreras, noto al grande pubblico anche come componente dello storico trio de &#8220;I tre tenori&#8221;, assieme a Luciano Pavarotti e Placido Domingo.<br \/>\nDi assoluto prestigio i cast, che vedranno avvicendarsi artisti di chiara fama tra cui Giovanna Casolla, Alberto Gazale, Piero Giuliacci, Elena Lo Forte, Rubens Pelizzari, Dimitra Theodossiou. La concertazione sar\u00e0 affidata alle autorevoli bacchette di Filippo Arlia per il dittico verista con la regia di Antonio Tasca; Francesco Ledda per il capolavoro mozartiano con la regia di Carlo Antonio De Lucia; Giuseppe Acquaviva interpreter\u00e0 il testamento spirituale pucciniano con la regia di Lev Pugliese, mentre le arcaiche sonorit\u00e0 dei Carmina Burana di Orff saranno affidate a Gianluca Martinenghi. Infine il nuovo anno sar\u00e0 scandito dai due gala diretti dal direttore in-residence del CLS, Francesco Costa e da David Gim\u00e9nez Carreras, nipote del noto tenore ispanico.<br \/>\nUn Natale e un Capodanno davvero fecondo e sfarzoso di musica e di teatro, dunque, per gli artisti del Coro Lirico Siciliano e una ulteriore splendida opportunit\u00e0 per il nostro paese, l&#8217;Italia, e per la nostra terra siciliana in particolare, per poter dimostrare al mondo quali sono le eccellenze organizzative, tecniche e artistiche che gli italiani possono ancora offrire.<\/p>\n","protected":false},"excerpt":{"rendered":"<p>La prima volta nel settembre 2014 con la Norma di Vincenzo Bellini, a Macao, presso il blasonato Macao International Music Festival, rassegna musicale di caratura internazionale diretta da uno dei<\/p>\n<div><a class=\"permalink\" href=\"https:\/\/www.radioempire.it\/index.php\/2016\/12\/07\/coro-lirico-siciliano-leccellenza-siciliana-in-tournee-in-cina-per-la-terza-volta\/\">Read More&#8230;<\/a><\/div>\n","protected":false},"author":1,"featured_media":0,"comment_status":"closed","ping_status":"closed","sticky":false,"template":"","format":"standard","meta":[],"categories":[3],"tags":[],"_links":{"self":[{"href":"https:\/\/www.radioempire.it\/index.php\/wp-json\/wp\/v2\/posts\/519"}],"collection":[{"href":"https:\/\/www.radioempire.it\/index.php\/wp-json\/wp\/v2\/posts"}],"about":[{"href":"https:\/\/www.radioempire.it\/index.php\/wp-json\/wp\/v2\/types\/post"}],"author":[{"embeddable":true,"href":"https:\/\/www.radioempire.it\/index.php\/wp-json\/wp\/v2\/users\/1"}],"replies":[{"embeddable":true,"href":"https:\/\/www.radioempire.it\/index.php\/wp-json\/wp\/v2\/comments?post=519"}],"version-history":[{"count":1,"href":"https:\/\/www.radioempire.it\/index.php\/wp-json\/wp\/v2\/posts\/519\/revisions"}],"predecessor-version":[{"id":520,"href":"https:\/\/www.radioempire.it\/index.php\/wp-json\/wp\/v2\/posts\/519\/revisions\/520"}],"wp:attachment":[{"href":"https:\/\/www.radioempire.it\/index.php\/wp-json\/wp\/v2\/media?parent=519"}],"wp:term":[{"taxonomy":"category","embeddable":true,"href":"https:\/\/www.radioempire.it\/index.php\/wp-json\/wp\/v2\/categories?post=519"},{"taxonomy":"post_tag","embeddable":true,"href":"https:\/\/www.radioempire.it\/index.php\/wp-json\/wp\/v2\/tags?post=519"}],"curies":[{"name":"wp","href":"https:\/\/api.w.org\/{rel}","templated":true}]}}