{"id":52041,"date":"2024-09-30T09:53:04","date_gmt":"2024-09-30T09:53:04","guid":{"rendered":"https:\/\/www.radioempire.it\/?p=52041"},"modified":"2024-09-30T09:53:04","modified_gmt":"2024-09-30T09:53:04","slug":"ottobrata-forzese-ii-edizione","status":"publish","type":"post","link":"https:\/\/www.radioempire.it\/index.php\/2024\/09\/30\/ottobrata-forzese-ii-edizione\/","title":{"rendered":"OTTOBRATA FORZESE II EDIZIONE"},"content":{"rendered":"<p>A Forza d&#8217;Agr\u00f2 grazie alla perfetta sinergia tra Associazione Orchidea e Amministrazione Miliad\u00f2, arriva per tutte le Domeniche di Ottobre la seconda edizione dell&#8217;Ottobrata Forzese con la volont\u00e0 di replicare o migliorare il successo della prima edizione.<\/p>\n<p><img loading=\"lazy\" class=\"size-medium wp-image-52043 alignleft\" src=\"https:\/\/www.radioempire.it\/wp-content\/uploads\/2024\/09\/forza-300x225.jpeg\" alt=\"\" width=\"300\" height=\"225\" srcset=\"https:\/\/www.radioempire.it\/wp-content\/uploads\/2024\/09\/forza-300x225.jpeg 300w, https:\/\/www.radioempire.it\/wp-content\/uploads\/2024\/09\/forza.jpeg 720w\" sizes=\"(max-width: 300px) 100vw, 300px\" \/><img loading=\"lazy\" class=\"size-medium wp-image-52045 alignleft\" src=\"https:\/\/www.radioempire.it\/wp-content\/uploads\/2024\/09\/forza-2-300x225.jpeg\" alt=\"\" width=\"300\" height=\"225\" srcset=\"https:\/\/www.radioempire.it\/wp-content\/uploads\/2024\/09\/forza-2-300x225.jpeg 300w, https:\/\/www.radioempire.it\/wp-content\/uploads\/2024\/09\/forza-2.jpeg 720w\" sizes=\"(max-width: 300px) 100vw, 300px\" \/>La prima edizione si \u00e8 svolta in particolare in piazza Giovanni XXIII, dove i tanti visitatori hanno potuto acquistare tante specialit\u00e0 siciliane; invece quella di quest&#8217;anno viene allargata all&#8217;adiacente piazza Dottor Vincenzo Cammareri, dove saranno allestiti anche stand di artigianato e Vintage.<\/p>\n<p>Quella di quest&#8217;anno inoltre sar\u00e0 l&#8217;edizione che vedr\u00e0 protagonista la citta Bavarese di Marktoberdorf dopo l&#8217;importante gemellaggio siglato tra i due comuni; la cittadina tedesca sar\u00e0 protagonista in piazza Giovanni XXIII con un suo stand dove gustare dei buoni Wurstel e birre bavaresi.<\/p>\n<p>Vi aspettiamo a Forza d&#8217;Agro tutte le Domeniche di Ottobre dalle 10:30 alle 22:30, dove troverete: buon cibo,\u00a0 musica e tanto divertimento per i pi\u00f9 piccoli nelle apposite aree giochi; inoltre avrete la possibilit\u00e0 di contattare l&#8217;ufficio turistico del comune per prenotare una visita guidata per le vie del borgo.<\/p>\n<p><strong>Da Capo a Capo\u00a0\u00a0\u00a0\u00a0\u00a0\u00a0\u00a0\u00a0\u00a0\u00a0\u00a0\u00a0\u00a0\u00a0\u00a0\u00a0\u00a0\u00a0\u00a0\u00a0\u00a0\u00a0\u00a0\u00a0\u00a0\u00a0\u00a0\u00a0\u00a0\u00a0\u00a0\u00a0\u00a0\u00a0\u00a0\u00a0\u00a0\u00a0\u00a0\u00a0\u00a0\u00a0\u00a0\u00a0\u00a0\u00a0\u00a0\u00a0\u00a0\u00a0\u00a0\u00a0\u00a0\u00a0\u00a0\u00a0\u00a0\u00a0\u00a0\u00a0\u00a0\u00a0\u00a0\u00a0\u00a0\u00a0\u00a0\u00a0\u00a0\u00a0\u00a0\u00a0\u00a0\u00a0 \u00a0\u00a0\u00a0\u00a0\u00a0\u00a0\u00a0\u00a0\u00a0\u00a0\u00a0\u00a0\u00a0\u00a0\u00a0\u00a0\u00a0\u00a0\u00a0\u00a0\u00a0\u00a0\u00a0\u00a0\u00a0\u00a0\u00a0\u00a0\u00a0\u00a0\u00a0\u00a0\u00a0\u00a0\u00a0\u00a0\u00a0\u00a0\u00a0\u00a0\u00a0\u00a0\u00a0\u00a0\u00a0\u00a0\u00a0\u00a0\u00a0\u00a0\u00a0\u00a0\u00a0\u00a0\u00a0\u00a0\u00a0\u00a0\u00a0\u00a0\u00a0\u00a0\u00a0\u00a0\u00a0\u00a0\u00a0\u00a0\u00a0\u00a0\u00a0\u00a0\u00a0\u00a0\u00a0\u00a0\u00a0\u00a0\u00a0\u00a0\u00a0\u00a0\u00a0\u00a0\u00a0\u00a0\u00a0\u00a0\u00a0\u00a0\u00a0\u00a0\u00a0\u00a0\u00a0\u00a0\u00a0<\/strong><\/p>\n<p><strong>Nicola Trischitta<\/strong><\/p>\n<p>&nbsp;<\/p>\n<p>&nbsp;<\/p>\n<p>&nbsp;<\/p>\n","protected":false},"excerpt":{"rendered":"<p>A Forza d&#8217;Agr\u00f2 grazie alla perfetta sinergia tra Associazione Orchidea e Amministrazione Miliad\u00f2, arriva per tutte le Domeniche di Ottobre la seconda edizione dell&#8217;Ottobrata Forzese con la volont\u00e0 di replicare<\/p>\n<div><a class=\"permalink\" href=\"https:\/\/www.radioempire.it\/index.php\/2024\/09\/30\/ottobrata-forzese-ii-edizione\/\">Read More&#8230;<\/a><\/div>\n","protected":false},"author":2,"featured_media":52044,"comment_status":"closed","ping_status":"closed","sticky":false,"template":"","format":"standard","meta":[],"categories":[3,36,1],"tags":[],"_links":{"self":[{"href":"https:\/\/www.radioempire.it\/index.php\/wp-json\/wp\/v2\/posts\/52041"}],"collection":[{"href":"https:\/\/www.radioempire.it\/index.php\/wp-json\/wp\/v2\/posts"}],"about":[{"href":"https:\/\/www.radioempire.it\/index.php\/wp-json\/wp\/v2\/types\/post"}],"author":[{"embeddable":true,"href":"https:\/\/www.radioempire.it\/index.php\/wp-json\/wp\/v2\/users\/2"}],"replies":[{"embeddable":true,"href":"https:\/\/www.radioempire.it\/index.php\/wp-json\/wp\/v2\/comments?post=52041"}],"version-history":[{"count":1,"href":"https:\/\/www.radioempire.it\/index.php\/wp-json\/wp\/v2\/posts\/52041\/revisions"}],"predecessor-version":[{"id":52046,"href":"https:\/\/www.radioempire.it\/index.php\/wp-json\/wp\/v2\/posts\/52041\/revisions\/52046"}],"wp:featuredmedia":[{"embeddable":true,"href":"https:\/\/www.radioempire.it\/index.php\/wp-json\/wp\/v2\/media\/52044"}],"wp:attachment":[{"href":"https:\/\/www.radioempire.it\/index.php\/wp-json\/wp\/v2\/media?parent=52041"}],"wp:term":[{"taxonomy":"category","embeddable":true,"href":"https:\/\/www.radioempire.it\/index.php\/wp-json\/wp\/v2\/categories?post=52041"},{"taxonomy":"post_tag","embeddable":true,"href":"https:\/\/www.radioempire.it\/index.php\/wp-json\/wp\/v2\/tags?post=52041"}],"curies":[{"name":"wp","href":"https:\/\/api.w.org\/{rel}","templated":true}]}}