{"id":52061,"date":"2024-10-01T14:15:47","date_gmt":"2024-10-01T14:15:47","guid":{"rendered":"https:\/\/www.radioempire.it\/?p=52061"},"modified":"2024-10-01T14:15:47","modified_gmt":"2024-10-01T14:15:47","slug":"restituiamo-il-mantello-di-ruggero-ii-alla-sicilia","status":"publish","type":"post","link":"https:\/\/www.radioempire.it\/index.php\/2024\/10\/01\/restituiamo-il-mantello-di-ruggero-ii-alla-sicilia\/","title":{"rendered":"\u201cRestituiamo il mantello di Ruggero II alla Sicilia\u201d"},"content":{"rendered":"<h5><\/h5>\n<h5><em>Lo chiede Archeoclub Area Jonica Messina che ha presentato il museo immersivo di Casalvecchio ad ArcheoExperience di Agrigento<\/em><\/h5>\n<h5><em>\u00a0<\/em><\/h5>\n<h5><em>Anche la sede Area Ionica Messina ha preso parte sabato scorso, presso la Sala Livatino del Museo Arcivescovile di Agrigento, all\u2019incontro con le altre sedi di Archeoclub d\u2019Italia ed associazioni nell\u2019ambito di \u201dArcheoExperience nell\u2019Isola dei Tesori\u201d, organizzato \u201cin trasferta\u201d dalla Borsa Mediterranea del Turismo Archeologico di Paestum in occasione della promozione di Agrigento Capitale della Cultura 2025.<\/em><\/h5>\n<p><em>Area Jonica Messina ha scelto di presentare il museo immersivo realizzato a SS. Pietro e Paolo d\u2019Agr\u00f2, con l\u2019intervento di Ketty Tam\u00e0 dopo l\u2019introduzione di Filippo Brianni, rispettivamente vice presidente e presidente del sodalizio. \u201cIn questi anni \u2013 ha detto Brianni \u2013 abbiamo collaborato coi comuni di Roccafiorita e Casalvecchio Siculo aiutandoli a far <img loading=\"lazy\" class=\"size-medium wp-image-52064 alignleft\" src=\"https:\/\/www.radioempire.it\/wp-content\/uploads\/2024\/10\/FloraRizzoVicePresNazionaleRosarioSantanastasioPresNazionaleBrianniTama-300x225.jpg\" alt=\"\" width=\"300\" height=\"225\" srcset=\"https:\/\/www.radioempire.it\/wp-content\/uploads\/2024\/10\/FloraRizzoVicePresNazionaleRosarioSantanastasioPresNazionaleBrianniTama-300x225.jpg 300w, https:\/\/www.radioempire.it\/wp-content\/uploads\/2024\/10\/FloraRizzoVicePresNazionaleRosarioSantanastasioPresNazionaleBrianniTama-1024x768.jpg 1024w, https:\/\/www.radioempire.it\/wp-content\/uploads\/2024\/10\/FloraRizzoVicePresNazionaleRosarioSantanastasioPresNazionaleBrianniTama-768x576.jpg 768w, https:\/\/www.radioempire.it\/wp-content\/uploads\/2024\/10\/FloraRizzoVicePresNazionaleRosarioSantanastasioPresNazionaleBrianniTama-1536x1152.jpg 1536w, https:\/\/www.radioempire.it\/wp-content\/uploads\/2024\/10\/FloraRizzoVicePresNazionaleRosarioSantanastasioPresNazionaleBrianniTama.jpg 2000w\" sizes=\"(max-width: 300px) 100vw, 300px\" \/><img loading=\"lazy\" class=\"size-medium wp-image-52063 alignleft\" src=\"https:\/\/www.radioempire.it\/wp-content\/uploads\/2024\/10\/Foto-Tama-presenta-museo-immersivo-300x227.jpg\" alt=\"\" width=\"300\" height=\"227\" srcset=\"https:\/\/www.radioempire.it\/wp-content\/uploads\/2024\/10\/Foto-Tama-presenta-museo-immersivo-300x227.jpg 300w, https:\/\/www.radioempire.it\/wp-content\/uploads\/2024\/10\/Foto-Tama-presenta-museo-immersivo-1024x776.jpg 1024w, https:\/\/www.radioempire.it\/wp-content\/uploads\/2024\/10\/Foto-Tama-presenta-museo-immersivo-768x582.jpg 768w, https:\/\/www.radioempire.it\/wp-content\/uploads\/2024\/10\/Foto-Tama-presenta-museo-immersivo.jpg 1363w\" sizes=\"(max-width: 300px) 100vw, 300px\" \/>sorgere sul territorio due strutture espositive diverse nel loro genere ma in grado di adattarsi alla realt\u00e0 in cui sono collocate, il Museo della Madonna dell\u2019Aiuto e quello immersivo di S. Pietro\u201d. Ketty Tam\u00e0 ha spiegato come nel museo casalvetino, \u201cattraverso l\u2019utilizzo della forma museale immersiva abbiamo voluto raccontare in maniera semplice, piacevole, inclusivain quanto accessibile agli studiosi ed anche ai bambini la storia della nostra meraviglia\u201d.<\/em><\/p>\n<p><em>L\u2019intervento di Ketty Tam\u00e0 \u00e8 terminato con l\u2019immagine, presente al museo, del Conte normanno Ruggero II, al quale si deve, tra l\u2019altro, la rifondazione nel 116 dell\u2019abbazia di Casalvecchio Siculo. <\/em><\/p>\n<p><em>E Ruggero II ha reso famoso un particolarissimo mantello, il cosiddetto \u201cMantello dell\u2019incoronazione di Ruggero II\u201d, realizzato nei laboratori del \u00a0palazzo reale di Palermo e che attraverso poche immagini \u00e8 in grado di sintetizzare e proiettare la storia di quel periodo, 1134, quando \u2013 recita l\u2019iscrizione in oro ricamata sul mantello \u2013 nella Capitale della Sicilia \u201channo dimora felicit\u00e0 e onore, benessere e perfezione, merito ed eccellenza\u201d.\u00a0 Un mantello di ben 3,5 metri dove coesistono elementi latini col ricamo arabo e la tecnica tessile bizantina.\u00a0 <\/em><\/p>\n<p><em>L\u2019opera d\u2019arte \u00e8 oggi custodita nella Stanza dei Tesori del Museo di Arte e Storia di Vienna, sito in Piazza Maria Teresa d\u2019Austria ed avrebbe essere restituito nel 1918; durante il Nazismo, insieme ad altri oggetti, fu portato a Norimberga e poi nuovamente a Vienna.<\/em><\/p>\n<p><em>Il direttivo di Archeoclub Area Jonica (Filippo Brianni, Ketty Tam\u00e0, Daniela Fileti, Santino Scarcella e Mimmo Costa) ha consegnato al presidente nazionale di Archeoclub d\u2019Italia, Rosario Santanastasio, un documento in cui si chiede di avviare un\u2019interlocuzione con le istituzioni affinch\u00e9 questa opera torni nella sua giusta collocazione a Palermo. \u201cPer il museo e per la storia austriaca \u2013 scrive Archeoclub \u2013 il Mantello di Ruggero II non rappresenta ci\u00f2 che rappresenta per la Sicilia; per la nostra storia \u00e8 uno dei punti pi\u00f9 alti della sua cultura e del sincretismo che ci rende unici ed ha reso unico il suo luogo di produzione, ovvero i laboratori reali del tiraz. Sotto il suo mantello Ruggero II accolse i cristiani, gli ebrei, i musulmani della sua corte, i maestri tessitori che avevano intrecciato per lui i nodi di porpora e d\u2019oro del magnifico emblema del cosmo\u201d . L\u2019iniziativa ha gi\u00e0 ricevuto l\u2019adesione informale di diverse sedi Archeoclub presenti ad Agrigento.<\/em><\/p>\n<p><em>S Alessio Siculo, 30.09.3024 <\/em><\/p>\n<p><strong>ARCHEOCLUB<\/strong><\/p>\n<p><strong>AREA JONICA MESSINA A.P.S.<\/strong><\/p>\n<p><strong>Il Presidente<\/strong><\/p>\n<p><strong>Avv. Filippo Brianni<\/strong><\/p>\n","protected":false},"excerpt":{"rendered":"<p>Lo chiede Archeoclub Area Jonica Messina che ha presentato il museo immersivo di Casalvecchio ad ArcheoExperience di Agrigento \u00a0 Anche la sede Area Ionica Messina ha preso parte sabato scorso,<\/p>\n<div><a class=\"permalink\" href=\"https:\/\/www.radioempire.it\/index.php\/2024\/10\/01\/restituiamo-il-mantello-di-ruggero-ii-alla-sicilia\/\">Read More&#8230;<\/a><\/div>\n","protected":false},"author":2,"featured_media":52062,"comment_status":"closed","ping_status":"closed","sticky":false,"template":"","format":"standard","meta":[],"categories":[36,78],"tags":[],"_links":{"self":[{"href":"https:\/\/www.radioempire.it\/index.php\/wp-json\/wp\/v2\/posts\/52061"}],"collection":[{"href":"https:\/\/www.radioempire.it\/index.php\/wp-json\/wp\/v2\/posts"}],"about":[{"href":"https:\/\/www.radioempire.it\/index.php\/wp-json\/wp\/v2\/types\/post"}],"author":[{"embeddable":true,"href":"https:\/\/www.radioempire.it\/index.php\/wp-json\/wp\/v2\/users\/2"}],"replies":[{"embeddable":true,"href":"https:\/\/www.radioempire.it\/index.php\/wp-json\/wp\/v2\/comments?post=52061"}],"version-history":[{"count":1,"href":"https:\/\/www.radioempire.it\/index.php\/wp-json\/wp\/v2\/posts\/52061\/revisions"}],"predecessor-version":[{"id":52065,"href":"https:\/\/www.radioempire.it\/index.php\/wp-json\/wp\/v2\/posts\/52061\/revisions\/52065"}],"wp:featuredmedia":[{"embeddable":true,"href":"https:\/\/www.radioempire.it\/index.php\/wp-json\/wp\/v2\/media\/52062"}],"wp:attachment":[{"href":"https:\/\/www.radioempire.it\/index.php\/wp-json\/wp\/v2\/media?parent=52061"}],"wp:term":[{"taxonomy":"category","embeddable":true,"href":"https:\/\/www.radioempire.it\/index.php\/wp-json\/wp\/v2\/categories?post=52061"},{"taxonomy":"post_tag","embeddable":true,"href":"https:\/\/www.radioempire.it\/index.php\/wp-json\/wp\/v2\/tags?post=52061"}],"curies":[{"name":"wp","href":"https:\/\/api.w.org\/{rel}","templated":true}]}}