{"id":52235,"date":"2024-10-17T18:32:58","date_gmt":"2024-10-17T18:32:58","guid":{"rendered":"https:\/\/www.radioempire.it\/?p=52235"},"modified":"2024-10-17T18:33:19","modified_gmt":"2024-10-17T18:33:19","slug":"al-via-con-16-film-il-nuovo-ciclo-del-cineforum-2024-25-al-cinevittoria-di-ali-terme","status":"publish","type":"post","link":"https:\/\/www.radioempire.it\/index.php\/2024\/10\/17\/al-via-con-16-film-il-nuovo-ciclo-del-cineforum-2024-25-al-cinevittoria-di-ali-terme\/","title":{"rendered":"Al via con 16 film il nuovo ciclo del cineforum 2024-25 al CineVittoria di Al\u00ec Terme."},"content":{"rendered":"<p><strong><em>Al\u00ec Terme<\/em><\/strong>. Prender\u00e0 il via mercoled\u00ec 23 ottobre al Cinema Vittoria di Al\u00ec Terme il cineforum targato CINIT Cineforum Italiano che forte di un cartellone di sedici film condurr\u00e0 gli appassionati cinefili della riviera ionica messinese fino al mese di marzo 2025.<\/p>\n<p>Il programma, proposto su due giorni settimanali, abbraccia diverse tematiche sociali: disagio giovanile, difficolt\u00e0 familiari, malavita organizzata ma anche commedie di qualit\u00e0, film biografici e, vere chicche per i cultori del cinema come \u201cVermiglio\u201d di Maura Delpero, recente Leone d\u2019argento all\u2019ultima Mostra del Cinema di Venezia, che rappresenter\u00e0 l\u2019Italia nella corsa agli Oscar. Ampio spazio anche a coraggiose figure femminili che troveremo in \u201cAnna\u201d del siciliano Marco Amenta e nell\u2019iraniano \u201cTatami\u201d.<\/p>\n<p>Le associazioni che organizzano la manifestazione sono Banca del Tempo e Nuova Presenza del CINIT, il Cinecircolo \u201cS. Quasimodo\u201d di Giardini Naxos, del Centro Studi Cinematografici, e la famiglia De Luca, che gestisce il cinema<\/p>\n<p>Le proiezioni saranno di mercoled\u00ec (ore 15 \u2013 18 \u2013 21) e di gioved\u00ec (ore 15 e 17.30), e si conferma, come negli ultimi anni, la proiezione in lingua originale alle ore 15.00 di entrambe le giornate.<\/p>\n<p>Per l\u2019abbonamento all\u2019intero ciclo e le scontistiche riservate agli studenti occorre rivolgersi direttamente al cinema negli orari di apertura.<\/p>\n<p>Al\u00ec Terme, 16 ottobre 2024\u00a0\u00a0\u00a0\u00a0\u00a0\u00a0\u00a0\u00a0\u00a0\u00a0\u00a0\u00a0\u00a0\u00a0\u00a0\u00a0\u00a0\u00a0\u00a0\u00a0\u00a0\u00a0\u00a0\u00a0\u00a0\u00a0\u00a0\u00a0\u00a0\u00a0\u00a0\u00a0\u00a0\u00a0\u00a0\u00a0\u00a0\u00a0\u00a0\u00a0\u00a0\u00a0\u00a0\u00a0\u00a0\u00a0\u00a0\u00a0\u00a0\u00a0\u00a0\u00a0\u00a0\u00a0\u00a0\u00a0\u00a0\u00a0\u00a0\u00a0\u00a0\u00a0\u00a0\u00a0\u00a0\u00a0\u00a0\u00a0\u00a0\u00a0\u00a0\u00a0\u00a0\u00a0\u00a0\u00a0\u00a0\u00a0\u00a0\u00a0\u00a0\u00a0\u00a0\u00a0\u00a0\u00a0\u00a0\u00a0\u00a0\u00a0\u00a0\u00a0\u00a0\u00a0\u00a0\u00a0\u00a0\u00a0\u00a0\u00a0\u00a0\u00a0\u00a0\u00a0\u00a0\u00a0\u00a0\u00a0\u00a0\u00a0\u00a0\u00a0\u00a0 \u00a0\u00a0\u00a0\u00a0\u00a0\u00a0\u00a0\u00a0\u00a0\u00a0\u00a0\u00a0\u00a0\u00a0\u00a0\u00a0\u00a0\u00a0\u00a0\u00a0\u00a0\u00a0\u00a0\u00a0\u00a0\u00a0\u00a0\u00a0\u00a0\u00a0\u00a0\u00a0\u00a0\u00a0\u00a0\u00a0\u00a0\u00a0\u00a0\u00a0\u00a0\u00a0\u00a0\u00a0\u00a0\u00a0\u00a0\u00a0\u00a0\u00a0\u00a0\u00a0\u00a0\u00a0\u00a0\u00a0\u00a0\u00a0\u00a0\u00a0\u00a0\u00a0\u00a0\u00a0\u00a0\u00a0\u00a0\u00a0\u00a0\u00a0\u00a0\u00a0\u00a0\u00a0\u00a0\u00a0\u00a0\u00a0\u00a0\u00a0\u00a0\u00a0 <strong><em>Il Comitato organizzatore<\/em><\/strong><\/p>\n","protected":false},"excerpt":{"rendered":"<p>Al\u00ec Terme. Prender\u00e0 il via mercoled\u00ec 23 ottobre al Cinema Vittoria di Al\u00ec Terme il cineforum targato CINIT Cineforum Italiano che forte di un cartellone di sedici film condurr\u00e0 gli<\/p>\n<div><a class=\"permalink\" href=\"https:\/\/www.radioempire.it\/index.php\/2024\/10\/17\/al-via-con-16-film-il-nuovo-ciclo-del-cineforum-2024-25-al-cinevittoria-di-ali-terme\/\">Read More&#8230;<\/a><\/div>\n","protected":false},"author":2,"featured_media":52236,"comment_status":"closed","ping_status":"closed","sticky":false,"template":"","format":"standard","meta":[],"categories":[36,78,1],"tags":[],"_links":{"self":[{"href":"https:\/\/www.radioempire.it\/index.php\/wp-json\/wp\/v2\/posts\/52235"}],"collection":[{"href":"https:\/\/www.radioempire.it\/index.php\/wp-json\/wp\/v2\/posts"}],"about":[{"href":"https:\/\/www.radioempire.it\/index.php\/wp-json\/wp\/v2\/types\/post"}],"author":[{"embeddable":true,"href":"https:\/\/www.radioempire.it\/index.php\/wp-json\/wp\/v2\/users\/2"}],"replies":[{"embeddable":true,"href":"https:\/\/www.radioempire.it\/index.php\/wp-json\/wp\/v2\/comments?post=52235"}],"version-history":[{"count":1,"href":"https:\/\/www.radioempire.it\/index.php\/wp-json\/wp\/v2\/posts\/52235\/revisions"}],"predecessor-version":[{"id":52237,"href":"https:\/\/www.radioempire.it\/index.php\/wp-json\/wp\/v2\/posts\/52235\/revisions\/52237"}],"wp:featuredmedia":[{"embeddable":true,"href":"https:\/\/www.radioempire.it\/index.php\/wp-json\/wp\/v2\/media\/52236"}],"wp:attachment":[{"href":"https:\/\/www.radioempire.it\/index.php\/wp-json\/wp\/v2\/media?parent=52235"}],"wp:term":[{"taxonomy":"category","embeddable":true,"href":"https:\/\/www.radioempire.it\/index.php\/wp-json\/wp\/v2\/categories?post=52235"},{"taxonomy":"post_tag","embeddable":true,"href":"https:\/\/www.radioempire.it\/index.php\/wp-json\/wp\/v2\/tags?post=52235"}],"curies":[{"name":"wp","href":"https:\/\/api.w.org\/{rel}","templated":true}]}}