{"id":52759,"date":"2024-12-02T11:15:01","date_gmt":"2024-12-02T11:15:01","guid":{"rendered":"https:\/\/www.radioempire.it\/?p=52759"},"modified":"2024-12-02T11:15:01","modified_gmt":"2024-12-02T11:15:01","slug":"parco-dei-nebrodi-si-e-insediato-il-commissario-straordinario-alfonso-di-piazza","status":"publish","type":"post","link":"https:\/\/www.radioempire.it\/index.php\/2024\/12\/02\/parco-dei-nebrodi-si-e-insediato-il-commissario-straordinario-alfonso-di-piazza\/","title":{"rendered":"PARCO DEI NEBRODI: SI E\u2019 INSEDIATO IL COMMISSARIO STRAORDINARIO ALFONSO DI PIAZZA"},"content":{"rendered":"<p>Nella mattinata di oggi, 2 dicembre, all\u2019Ente Parco dei Nebrodi si \u00e8 insediato il Commissario Straordinario Alfonso di Piazza, recentemente nominato dall\u2019Assessore al Territorio ed Ambiente della Regione Siciliana, On. Avv. Giuseppa Savarino, alla presenza del Direttore dell\u2019Ente Rino Beringheli e del Capo dell\u2019Ispettorato Ripartimentale foreste di Messina e Commissario uscente Giovanni Cavallaro.<\/p>\n<p>Alfonso Di Piazza, 50 anni, laureato in Economia e Commercio, \u00e8 Dirigente della Regione Siciliana, con incarico di Segretario Particolare degli Uffici di diretta collaborazione dell\u2019Assessore al Territorio ed Ambiente.<\/p>\n<p>\u201c<em>Ringrazio per la fiducia accordata dall\u2019 Assessore<\/em> \u00a0On. Avv. G. Savarino \u2013 ha affermato il neo Commissario Straordinario &#8211;\u00a0 <em>per l\u2019accoglienza ricevuta dal Direttore e dal personale tutto\u201d. Tutto ci\u00f2 contribuir\u00e0 a darmi ulteriori stimoli per il compito che andr\u00f2 a svolgere nell&#8217;immediato futuro\u201d.<\/em><\/p>\n<p><em>\u00a0<\/em><\/p>\n<p><em>\u00a0\u00a0\u00a0\u00a0\u00a0\u00a0\u00a0\u00a0\u00a0\u00a0\u00a0\u00a0\u00a0\u00a0\u00a0\u00a0\u00a0\u00a0\u00a0\u00a0\u00a0\u00a0\u00a0\u00a0\u00a0\u00a0\u00a0\u00a0\u00a0\u00a0\u00a0\u00a0\u00a0\u00a0\u00a0\u00a0\u00a0\u00a0\u00a0\u00a0\u00a0\u00a0\u00a0\u00a0\u00a0\u00a0\u00a0\u00a0\u00a0\u00a0\u00a0\u00a0\u00a0\u00a0\u00a0\u00a0\u00a0\u00a0\u00a0\u00a0\u00a0\u00a0\u00a0\u00a0\u00a0\u00a0\u00a0\u00a0\u00a0\u00a0\u00a0\u00a0\u00a0\u00a0\u00a0\u00a0\u00a0\u00a0\u00a0\u00a0 Ufficio Presidenza<\/em><\/p>\n","protected":false},"excerpt":{"rendered":"<p>Nella mattinata di oggi, 2 dicembre, all\u2019Ente Parco dei Nebrodi si \u00e8 insediato il Commissario Straordinario Alfonso di Piazza, recentemente nominato dall\u2019Assessore al Territorio ed Ambiente della Regione Siciliana, On.<\/p>\n<div><a class=\"permalink\" href=\"https:\/\/www.radioempire.it\/index.php\/2024\/12\/02\/parco-dei-nebrodi-si-e-insediato-il-commissario-straordinario-alfonso-di-piazza\/\">Read More&#8230;<\/a><\/div>\n","protected":false},"author":2,"featured_media":52760,"comment_status":"closed","ping_status":"closed","sticky":false,"template":"","format":"standard","meta":[],"categories":[3,36],"tags":[],"_links":{"self":[{"href":"https:\/\/www.radioempire.it\/index.php\/wp-json\/wp\/v2\/posts\/52759"}],"collection":[{"href":"https:\/\/www.radioempire.it\/index.php\/wp-json\/wp\/v2\/posts"}],"about":[{"href":"https:\/\/www.radioempire.it\/index.php\/wp-json\/wp\/v2\/types\/post"}],"author":[{"embeddable":true,"href":"https:\/\/www.radioempire.it\/index.php\/wp-json\/wp\/v2\/users\/2"}],"replies":[{"embeddable":true,"href":"https:\/\/www.radioempire.it\/index.php\/wp-json\/wp\/v2\/comments?post=52759"}],"version-history":[{"count":1,"href":"https:\/\/www.radioempire.it\/index.php\/wp-json\/wp\/v2\/posts\/52759\/revisions"}],"predecessor-version":[{"id":52761,"href":"https:\/\/www.radioempire.it\/index.php\/wp-json\/wp\/v2\/posts\/52759\/revisions\/52761"}],"wp:featuredmedia":[{"embeddable":true,"href":"https:\/\/www.radioempire.it\/index.php\/wp-json\/wp\/v2\/media\/52760"}],"wp:attachment":[{"href":"https:\/\/www.radioempire.it\/index.php\/wp-json\/wp\/v2\/media?parent=52759"}],"wp:term":[{"taxonomy":"category","embeddable":true,"href":"https:\/\/www.radioempire.it\/index.php\/wp-json\/wp\/v2\/categories?post=52759"},{"taxonomy":"post_tag","embeddable":true,"href":"https:\/\/www.radioempire.it\/index.php\/wp-json\/wp\/v2\/tags?post=52759"}],"curies":[{"name":"wp","href":"https:\/\/api.w.org\/{rel}","templated":true}]}}