{"id":52781,"date":"2024-12-03T08:24:06","date_gmt":"2024-12-03T08:24:06","guid":{"rendered":"https:\/\/www.radioempire.it\/?p=52781"},"modified":"2024-12-03T08:24:06","modified_gmt":"2024-12-03T08:24:06","slug":"via-dei-corti-i-vincitori-della-x-edizione","status":"publish","type":"post","link":"https:\/\/www.radioempire.it\/index.php\/2024\/12\/03\/via-dei-corti-i-vincitori-della-x-edizione\/","title":{"rendered":"Via dei Corti: i vincitori della X edizione"},"content":{"rendered":"<p><strong>Si \u00e8 conclusa con grande successo da parte del pubblico, la decima edizione dei Via dei Corti, Festival Indipendente di Cinema Breve.<\/strong> Nell\u2019Auditorium Angelo Musco di Gravina di Catania, si sono svolte le giornate del festival che hanno visto la presenza e la partecipazione di tanti affezionati, curiosi e giovani estimatori del cinema e in particolar modo dei cortometraggi. Tante le proiezioni e le premiazioni che si sono susseguite nel corso delle serate condotte da Simona Zagarella e Giulia Sapienza, nella serata conclusiva \u00e8 stato un piacere ed un onore per il festival avere sul palco a condurre Ruggero Sardo. Non sono mancate le emozioni grazie anche alle bellissime performance dei ragazzi dell\u2019Associazione Gravina Arte che, ogni sera, hanno dato il via al festival con piccole perle artistiche legate al tema scelto per questa X edizione, L\u2019Eco-sostenibilit\u00e0, un messaggio che speriamo possa coinvolgere tutti cos\u00ec da tutelare il pianeta che \u00e8 la nostra casa.<br \/>\nUna X edizione che ha voluto celebrare un traguardo importante per Via Dei Corti, tantissime le opere pervenute e in questa edizione, la qualit\u00e0 dei cortometraggi in gara \u00e8 stata di altissimo livello, non \u00e8 stato semplice per le giurie decretare i vincitori.<br \/>\nIl Premio al Miglior Cortometraggio \u00e8 stato vinto dalla Francia con \u201cEmbrasse-moi\u201d di Hristo Todorov che narra, un appuntamento tra due uomini che si trasforma in qualcosa di inaspettato, il corto ha conquistato anche il Premio alla Migliore Regia e quello alla Miglior Sceneggiatura.<br \/>\nIl Premio al Miglior Documentario \u00e8 andato a \u201cSlava\u201d di Davide Ficuciello una forte testimonianza della guerra in Ucraina, aggiudicatosi anche il Premio della Giuria dei Giovani. Invece, il Premio alla regia intitolato ad Armando Buonadonna \u00e8 stato assegnato a Ezio Costanzo per il documentario \u201cMax Corvo for freedom\u201d<br \/>\nL\u2019adesione da parte di tanti paesi stranieri rende Via dei Corti una realt\u00e0 sempre in crescita che vuole affermarsi nel panorama dei festival internazionali, testimonianza di ci\u00f2 \u00e8 stata la vittoria del Premio al Miglior Film Animazione da parte di un meraviglioso cortometraggio francese, \u201cAu 8eme jour\u201d di Agathe S\u00e9n\u00e9chal, Alicia Massez, Elise Debruyne, Flavie Carin, Th\u00e9o Duhautois. Mentre, il Premio alla Miglior Regia \u2013 Dirty Dozen per la Sezione Animazione \u00e8 andato a Ugo Deflandre, Julien Miternique, Antoine Colas, Adrien Adams, Ana\u00efs Antonio, Oc\u00e9ane Rendu, Emma Samyn per \u201cKafarnaum\u201d.<br \/>\nSono stati davvero tanti i riconoscimenti e le menzioni consegnate a registi, attori e personalit\u00e0 che si sono distinte per il loro merito e che portano la Sicilia in giro per il mondo con il loro talento, Il Premio al Talento Siciliano \u00e8 stato assegnato alla giovane attrice Eleonora De Luca, al regista Zavvo Nicolosi e alla campionessa olimpionica Giusi Malato.<br \/>\nIl Premio speciale Via dei Corti \u201cUna vita per il cinema\u201d \u00e8 stato assegnato a Davide Catalano, Cateno Piazza, rispettivamente direttori artistici di Corti in Cortile e Catania FilmFest.<br \/>\nIl Premio della Critica selezionato da un\u2019attenta giuria di giornalisti ed esperti \u00e8 stato assegnato al cortometraggio \u201cAssunta\u201d per il tema dell\u2019affido affrontato con delicatezza, premiate la regista Luana Rondinelli e l\u2019attrice protagonista Donatella Finocchiaro.<br \/>\nIl Premio Film in Sicily \u00e8 stato assegnato al regista Graziano Fontana per il suo cortometraggio \u201dUn miracolo chiamato serie B\u201d, che racconta la storia dell\u2019Acireale Calcio all\u2019 inizio degli anni \u201890.<br \/>\nCome ogni anno anche in questa edizione si \u00e8 rinnovato il sodalizio tra Via dei Corti e Globus Network, il presidente Enzo Stroscio ha consegnato il Premio Globus-Via dei Corti per la valorizzazione del territorioa \u201cItinerario Etna\u201d diUgo Saitta, ritirato dalla figlia Gabriella Saitta.<br \/>\nLa Menzione Speciale della direzione artistica \u00e8 andata al regista Riccardo Camilli con il cortometraggio \u201cL\u2019amico Solubile\u201d.<br \/>\nPer la sezione CineMigrare il Miglior Film \u00e8 stato assegnato a \u201cStai fermo l\u00ec\u201d di Clementina Speranza, un toccante documentario che da voce a un giovane dissidente iraniano Babak Monazzami e alla sua storia.<br \/>\nVia dei Corti \u00e8 anche Corti Scolastici, una sezione a cui, il presidente Marcella Messina e il direttore artistico Cirino Cristaldi, tengono particolarmente perch\u00e9 i cortometraggi prodotti dai giovani ci mostrano non solo il mondo dei ragazzi con le problematiche e le gioie della loro et\u00e0, ma sono anche le prime opere di talentuosi studenti che iniziano cos\u00ec ad approcciarsi al mondo del cinema e che continuando a coltivare la loro passione e studiando, potranno diventare futuri registi.<br \/>\nIl direttore artistico Cirino Cristaldi in chiusura, salito sul palco, ha confermato l\u2019appuntamento alla prossima edizione ringraziando il numeroso pubblico presente e tutto lo staff organizzativo che ha lavorato come sempre con passione e determinazione per confezionare un festival che, anno dopo anno, conferma la sua crescita nel panorama dei concorsi internazionali.<br \/>\nLa manifestazione, organizzata dalle Associazioni NO_NAME e Gravina Arte, \u00e8 patrocinata dall\u2019assessorato regionale Sport, Turismo e Spettacolo, dalla Sicilia Film Commission, dal Comune di Gravina di Catania, per cui si ringrazia il sindaco Massimiliano Giammusso e l\u2019amministrazione per il sostegno dato all\u2019iniziativa. Ringraziamo anche il main sponsor Centro Commerciale Katan\u00e8 e i vari partner, primi tra tutti Cantine Privitera e Pasticceria Francalanza.<\/p>\n<p>Di seguito riportiamo tutti i premi e le menzioni conferiti:<br \/>\nSEZIONE INTERNAZIONALE CORTOMETRAGGI:<br \/>\nMiglior Film Embrasse-moi di Hristo Todorov (FRA)<br \/>\nMiglior Regia Hristo Todorov per Embrasse-moi (FRA) e Miguel Mu\u00f1oz Gascon per No te vayas (SPA)<br \/>\nMiglior Montaggio Fabrizio Franzini per Sette minuti (ITA) di Alessia Bottone<br \/>\nMigliore Sceneggiatura Hristo Todorov per Embrasse-moi di Hristo Todorov (FRA)<br \/>\nMigliore Fotografia Ian Nieto per No te vayas di Miguel Mu\u00f1oz Gascon (SPA)<br \/>\nMiglior Colonna Sonora Francesco Costanza per Sette minuti (ITA) di Alessia Bottone<br \/>\nMiglior Interprete Femminile Matilde Gioli per Framment\u201d di Andrea Casadio (ITA)<br \/>\nMiglior Interprete Maschile Lino Guanciale per Rasti di Davide Morando e Paolo Bonfadini (ITA)<br \/>\nPremio della Critica ad Assunta di Luana Rondinelli (ITA)<br \/>\nPremio Giuria del Pubblico Rasti di Davide Morando e Paolo Bonfadini (ITA)<br \/>\nPremio Giuria dei Giovani Medley di Alessandro D\u2019Ambrosi e Santa De Santis (ITA)<br \/>\nSEZIONE ANIMAZIONE<br \/>\nMiglior Film Au 8eme jour di Agathe S\u00e9n\u00e9chal, Alicia Massez, Elise Debruyne, Flavie Carin, Th\u00e9o Duhautois (FRA)<br \/>\nPremio \u201cVia dei Corti \u2013 Dirty Dozen\u201d alla Miglior Regia aHugo Deflandre, Julien Miternique, Antoine Colas, Adrien Adams, Ana\u00efs Antonio, Oc\u00e9ane Rendu, Emma Samyn per Kafarnaum (FRA)<br \/>\nSEZIONE DOCUMENTARI<br \/>\nMiglior Documentario Slava di Davide Ficuciello (ITA-UCR)<br \/>\nPremio Armando Bonadonna alla Miglior Regia a Ezio Costanzo per Max Corvo for freedom (ITA)<br \/>\nPremio Giuria dei Giovani Slava di Davide Ficuciello (ITA-UCR)<br \/>\nSEZIONE CINEMIGRARE<br \/>\nMiglior Film Stai fermo l\u00ec, Clementina Speranza (ITALIA)<br \/>\nSEZIONE FILM IN SICILY<br \/>\nMiglior Film a Un miracolo chiamato serie B, Graziano Fontana (ITALIA)<br \/>\nPREMIO GLOBUS \u2013 VIA DEI CORTI PER LA VALORIZZAZIONE DEL TERRITORIO<br \/>\nMiglior Film a Itinerario Etna, Ugo Saitta (ITALIA)<br \/>\nPREMI SPECIALI<br \/>\nPremio Via dei Corti al Talento Siciliano a Eleonora De Luca, Zavvo Nicolosi, Giusi MalatoPremio Via dei Corti \u201cUna vita per il cinema\u201d a Davide Catalano, Cateno Piazza<br \/>\nI premi della Sezione Corti Scolastici potrete trovarli sul sito:<\/p>\n<blockquote class=\"wp-embedded-content\" data-secret=\"YJwWmpGfp5\"><p><a href=\"http:\/\/www.viadeicorti.it\/\">Festival indipendente di cinema breve<\/a><\/p><\/blockquote>\n<p><iframe class=\"wp-embedded-content\" sandbox=\"allow-scripts\" security=\"restricted\" style=\"position: absolute; clip: rect(1px, 1px, 1px, 1px);\" title=\"&#8220;Festival indipendente di cinema breve&#8221; &#8212; Via dei Corti\" src=\"http:\/\/www.viadeicorti.it\/embed\/#?secret=l9bEMOtMTx#?secret=YJwWmpGfp5\" data-secret=\"YJwWmpGfp5\" width=\"600\" height=\"338\" frameborder=\"0\" marginwidth=\"0\" marginheight=\"0\" scrolling=\"no\"><\/iframe><\/p>\n","protected":false},"excerpt":{"rendered":"<p>Si \u00e8 conclusa con grande successo da parte del pubblico, la decima edizione dei Via dei Corti, Festival Indipendente di Cinema Breve. Nell\u2019Auditorium Angelo Musco di Gravina di Catania, si<\/p>\n<div><a class=\"permalink\" href=\"https:\/\/www.radioempire.it\/index.php\/2024\/12\/03\/via-dei-corti-i-vincitori-della-x-edizione\/\">Read More&#8230;<\/a><\/div>\n","protected":false},"author":2,"featured_media":52782,"comment_status":"closed","ping_status":"closed","sticky":false,"template":"","format":"standard","meta":[],"categories":[36,78],"tags":[],"_links":{"self":[{"href":"https:\/\/www.radioempire.it\/index.php\/wp-json\/wp\/v2\/posts\/52781"}],"collection":[{"href":"https:\/\/www.radioempire.it\/index.php\/wp-json\/wp\/v2\/posts"}],"about":[{"href":"https:\/\/www.radioempire.it\/index.php\/wp-json\/wp\/v2\/types\/post"}],"author":[{"embeddable":true,"href":"https:\/\/www.radioempire.it\/index.php\/wp-json\/wp\/v2\/users\/2"}],"replies":[{"embeddable":true,"href":"https:\/\/www.radioempire.it\/index.php\/wp-json\/wp\/v2\/comments?post=52781"}],"version-history":[{"count":1,"href":"https:\/\/www.radioempire.it\/index.php\/wp-json\/wp\/v2\/posts\/52781\/revisions"}],"predecessor-version":[{"id":52783,"href":"https:\/\/www.radioempire.it\/index.php\/wp-json\/wp\/v2\/posts\/52781\/revisions\/52783"}],"wp:featuredmedia":[{"embeddable":true,"href":"https:\/\/www.radioempire.it\/index.php\/wp-json\/wp\/v2\/media\/52782"}],"wp:attachment":[{"href":"https:\/\/www.radioempire.it\/index.php\/wp-json\/wp\/v2\/media?parent=52781"}],"wp:term":[{"taxonomy":"category","embeddable":true,"href":"https:\/\/www.radioempire.it\/index.php\/wp-json\/wp\/v2\/categories?post=52781"},{"taxonomy":"post_tag","embeddable":true,"href":"https:\/\/www.radioempire.it\/index.php\/wp-json\/wp\/v2\/tags?post=52781"}],"curies":[{"name":"wp","href":"https:\/\/api.w.org\/{rel}","templated":true}]}}