{"id":52785,"date":"2024-12-09T19:39:55","date_gmt":"2024-12-09T19:39:55","guid":{"rendered":"https:\/\/www.radioempire.it\/?p=52785"},"modified":"2024-12-10T15:02:31","modified_gmt":"2024-12-10T15:02:31","slug":"il-libro-dartista-di-antonello-ferrara-il-21-dicembre-a-taormina","status":"publish","type":"post","link":"https:\/\/www.radioempire.it\/index.php\/2024\/12\/09\/il-libro-dartista-di-antonello-ferrara-il-21-dicembre-a-taormina\/","title":{"rendered":"Il libro d&#8217;artista di Antonello Ferrara il 21 dicembre a Taormina"},"content":{"rendered":"\r\n<p>Sabato 21 dicembre, un fuoriprogramma per FOTOGRAFIA: AFFACCIO SUL MONDO. Ultimo appuntamento con la presentazione del libro d\u2019artista fotografico di Antonello Ferrara, Nel mare ho imparato a respirare. L\u2019evento si terr\u00e0 come di consueto nella Saletta Conferenze dell\u2019Archivio Storico di Taormina alle ore 17:00.<br \/><br \/>Antonello Ferrara racconter\u00e0 delle sue esperienze, di ci\u00f2 che lo ha mosso verso la fotografia e la scrittura, e lo far\u00e0 in compagnia di Lisa Bachis e Roberto Mendolia.<br \/><br \/>FOTOGRAFIA: AFFACCIO SUL MONDO con questo inatteso incontro pu\u00f2 quindi dirsi concluso. Durante il percorso, protagonisti sono stati gli autori e la narrazione per \u00abimmagini e parole\u00bb. Il progetto FOTOGRAFIA: AFFACCIO SUL MONDO \u00e8 stato patrocinato dal Comune di Taormina con il sostegno degli assessori Mario Quattrocchi e Alessandra Cullur\u00e0.<br \/><br \/>Gli eventi sono stati ideati e organizzati con il contributo di \u201cTaoclick\u201d, \u201cSicily Zine\u201d, \u201cCultura \u00e8 Bellezza\u201d, e di Milena Privitera.<br \/><br \/>Il testo di Antonello Ferrara, \u00e8 un libro d\u2019artista poich\u00e9 realizzato secondo le tecniche dell\u2019artigianato librario. Stampato dalla tipografia Giammarioli, Nel mare ho imparato a respirare, include le foto dell\u2019autore, insieme a un racconto dal sapore diaristico, con tanto di scrittura e correzioni di suo pugno. Il concept e design del libro \u00e8 di Atelier Petites Vertus; l\u2019impaginazione a cura di Vittorio Faggiani.<br \/><br \/>Il mare, i suoi abitanti, l\u2019essenza della vita che il pi\u00f9 delle volte appare fuori fuoco, il testo di Antonello Ferrara assume toni e sfumature trasognati ma reali; di densa attualit\u00e0, pur nella delicatezza dell\u2019approccio estetico e narrativo. Tale delicatezza e dolcezza d\u2019indole la si avverte gi\u00e0 nella dedica iniziale:<br \/><br \/>\u00abA mio nonno Mario, che mi ha insegnato la fiducia verso il mare; a mio cugino Mario, che ha il mare dentro di s\u00e9; alle generazioni di marinai della mia famiglia dalle quali ho ereditato la passione per il mare in tempesta\u00bb.<br \/><br \/>Dalla sua biografia inoltre apprendiamo: \u00abnato a Taranto nel 1967, sono presidente di \u201cOnirica \u2013Spazio Creativo\u201d di Catania. Ho ricevuto in dono nel 1978 una macchinetta fotografica \u201cAGFA POCKET\u201d con la quale ho iniziato a fare i primi scatti. Ho cominciato a stampare in proprio utilizzando un progetto proposto nel \u201cmanuale delle Giovani Marmotte\u201d. Utilizzando una scatola di scarpe, inserendo un\u2019intercapedine con un buco al centro dove posizionare il negativo, una lampadina all\u2019interno di essa, era possibile stampare su carta fotografica fotosensibile posizionata nel fondo interno della scatola. Visti gli alti costi economici e nessun adulto che mi aiutava, sia nel migliorarmi che nel confronto, ho sospeso le prime esperienze fotografiche. Da quando ho comprato il primo smartphone ho ricominciato a fotografare. Nel 2017, durante un viaggio in Turchia, ho scattato delle foto con un \u201cI phone 5\u201d. Un amico sacerdote ha inviato una foto ad un concorso su Twitter per la pagina domenicale del sito della rivista cultura del \u00abCorriere della Sera\u00bb. La foto \u00e8 stata selezionata e pubblicata nella homepage del sito. Vedendo i vari commenti e complimenti su Twitter ho deciso di impegnarmi nella fotografia comprando una \u201cOlympus Om 10 III\u201d con un obiettivo Pancake 12\/40. Ora possiedo una \u201cSony Alpha 7 III\u201d che non so utilizzare e rovino ulteriormente le mie fotofile oscurando l\u2019obiettivo con filtri che autoproduco\u00bb.<\/p>\r\n","protected":false},"excerpt":{"rendered":"<p>Sabato 21 dicembre, un fuoriprogramma per FOTOGRAFIA: AFFACCIO SUL MONDO. Ultimo appuntamento con la presentazione del libro d\u2019artista fotografico di Antonello Ferrara, Nel mare ho imparato a respirare. L\u2019evento si<\/p>\n<div><a class=\"permalink\" href=\"https:\/\/www.radioempire.it\/index.php\/2024\/12\/09\/il-libro-dartista-di-antonello-ferrara-il-21-dicembre-a-taormina\/\">Read More&#8230;<\/a><\/div>\n","protected":false},"author":2,"featured_media":52873,"comment_status":"closed","ping_status":"closed","sticky":false,"template":"","format":"standard","meta":[],"categories":[36,78],"tags":[],"_links":{"self":[{"href":"https:\/\/www.radioempire.it\/index.php\/wp-json\/wp\/v2\/posts\/52785"}],"collection":[{"href":"https:\/\/www.radioempire.it\/index.php\/wp-json\/wp\/v2\/posts"}],"about":[{"href":"https:\/\/www.radioempire.it\/index.php\/wp-json\/wp\/v2\/types\/post"}],"author":[{"embeddable":true,"href":"https:\/\/www.radioempire.it\/index.php\/wp-json\/wp\/v2\/users\/2"}],"replies":[{"embeddable":true,"href":"https:\/\/www.radioempire.it\/index.php\/wp-json\/wp\/v2\/comments?post=52785"}],"version-history":[{"count":2,"href":"https:\/\/www.radioempire.it\/index.php\/wp-json\/wp\/v2\/posts\/52785\/revisions"}],"predecessor-version":[{"id":52874,"href":"https:\/\/www.radioempire.it\/index.php\/wp-json\/wp\/v2\/posts\/52785\/revisions\/52874"}],"wp:featuredmedia":[{"embeddable":true,"href":"https:\/\/www.radioempire.it\/index.php\/wp-json\/wp\/v2\/media\/52873"}],"wp:attachment":[{"href":"https:\/\/www.radioempire.it\/index.php\/wp-json\/wp\/v2\/media?parent=52785"}],"wp:term":[{"taxonomy":"category","embeddable":true,"href":"https:\/\/www.radioempire.it\/index.php\/wp-json\/wp\/v2\/categories?post=52785"},{"taxonomy":"post_tag","embeddable":true,"href":"https:\/\/www.radioempire.it\/index.php\/wp-json\/wp\/v2\/tags?post=52785"}],"curies":[{"name":"wp","href":"https:\/\/api.w.org\/{rel}","templated":true}]}}