{"id":52880,"date":"2024-12-10T15:01:48","date_gmt":"2024-12-10T15:01:48","guid":{"rendered":"https:\/\/www.radioempire.it\/?p=52880"},"modified":"2024-12-10T15:01:48","modified_gmt":"2024-12-10T15:01:48","slug":"giarre-il-14-dicembre-al-cine-teatro-rex-va-in-scena-anniversary-2014-2024-seminario-su-architettura-e-citta-promosso-da-archlife","status":"publish","type":"post","link":"https:\/\/www.radioempire.it\/index.php\/2024\/12\/10\/giarre-il-14-dicembre-al-cine-teatro-rex-va-in-scena-anniversary-2014-2024-seminario-su-architettura-e-citta-promosso-da-archlife\/","title":{"rendered":"Giarre, il 14 dicembre al Cine Teatro Rex va in scena \u2018Anniversary 2014\/2024\u2019, seminario su architettura e citt\u00e0 promosso da ArchLife."},"content":{"rendered":"<p><strong>\u00a0<\/strong>Un confronto aperto tra architetti, urbanisti, docenti universitari, professionisti e amministratori pubblici sul futuro delle citt\u00e0. Sar\u00e0 questo e tanto altro <strong>\u2018Anniversary 2014\/2024\u2019<\/strong>, seminario formativo aperto al pubblico, in programma <strong>sabato 14 dicembre<\/strong>, a partire dalle <strong>ore 9.30<\/strong>, al <strong>Cine Teatro Rex di Giarre<\/strong>, promosso da ArchLife \u2013 Architetti per la citt\u00e0, in occasione del decennale dalla sua costituzione, con il Patrocinio di Ordine e Fondazione degli Architetti della provincia di Catania e di IN\/Arch Sicilia. \u201cL\u2019occasione dei dieci anni di ArchLife ci consente di insistere sul dialogo architettonico come strumento di comunicazione \u2013 spiega Salvo Patan\u00e8, presidente di ArchLife &#8211; In un quadro in cui resta sempre pi\u00f9 urgente recuperare e rafforzare il ruolo sociale dell\u2019Architetto e dell\u2019Architettura, \u00e8 la contemporaneit\u00e0 a restituirci invece la fotografia di una urbanit\u00e0 disconnessa alla ricerca di soluzioni. L\u2019ombra di periferie\/enclavi, nelle quali crescono solo disperazione e intolleranza, ci sovrasta; ci intimorisce; rende drammatico e urgente ridurre alla ravvicinata scala umana, ogni sforzo. Pu\u00f2 funzionare una citt\u00e0 chiusa in fortini, asserragliata e divisa tra \u2018centro\u2019 e \u2018periferie\u2019? Pu\u00f2 ancora svilupparsi un atlante architettonico plurale fuori dagli stereotipi di \u2018stile\u2019 e \u2018tendenza\u2019 per l\u2019abitare? Pu\u00f2 l\u2019architettura \u2013 prosegue Patan\u00e8 &#8211; tornare a servire l\u2019umanit\u00e0 nei suoi presidi essenziali e non a servirsene? Tra spirito e materia, esiste possibilit\u00e0 di sintesi? Domande alle quali tenteremo di fornire una chiave di lettura. ArchLife cerca alleati per disegnare \u2018la citt\u00e0 che manca\u2019, \u2018quella di tutti\u2019\u201d.<\/p>\n<p><img loading=\"lazy\" class=\"alignnone size-medium wp-image-52882 alignleft\" src=\"https:\/\/www.radioempire.it\/wp-content\/uploads\/2024\/12\/Locandina-seminario-210x300.jpeg\" alt=\"\" width=\"210\" height=\"300\" srcset=\"https:\/\/www.radioempire.it\/wp-content\/uploads\/2024\/12\/Locandina-seminario-210x300.jpeg 210w, https:\/\/www.radioempire.it\/wp-content\/uploads\/2024\/12\/Locandina-seminario-718x1024.jpeg 718w, https:\/\/www.radioempire.it\/wp-content\/uploads\/2024\/12\/Locandina-seminario-768x1095.jpeg 768w, https:\/\/www.radioempire.it\/wp-content\/uploads\/2024\/12\/Locandina-seminario-1078x1536.jpeg 1078w, https:\/\/www.radioempire.it\/wp-content\/uploads\/2024\/12\/Locandina-seminario-1437x2048.jpeg 1437w, https:\/\/www.radioempire.it\/wp-content\/uploads\/2024\/12\/Locandina-seminario-scaled.jpeg 1796w\" sizes=\"(max-width: 210px) 100vw, 210px\" \/><\/p>\n<p>Ricco il parterre di ospiti e relatori. Dopo i saluti istituzionali di alcuni sindaci del territorio, il seminario si aprir\u00e0 con una prima sessione moderata da Melania Guarrera, socia ArchLife e consigliera di Ordine e Fondazione, che prevede gli interventi dei presidenti attuali, Veronica Leone ed Eleonora Bonanno, e di quelli che si sono succeduti negli anni. Sar\u00e0 l\u2019occasione per ripercorrere le vicende ordinistiche attraverso le testimonianze di Luigi Longhitano, Pippo Scannella, Alessandro Amaro, Sebastian Carlo Greco e Paola Pennisi. La seconda sessione del seminario, moderata da Salvo Patan\u00e8, presidente di ArchLife, si aprir\u00e0 con <strong>\u2018Dialoghi d&#8217;Architettura tra materia e spirito\u2019<\/strong>, con protagonisti <strong>Carmen Cardillo<\/strong>, docente presso l\u2019Accademia delle Belle Arti di Catania, <strong>Fabio Guarrera<\/strong>, docente dell\u2019Universit\u00e0 degli Studi di Palermo, <strong>Ignazio Lutri<\/strong>, architetto e urbanista, <strong>Sebastiano Nucifora<\/strong>, docente presso l\u2019Universit\u00e0 degli Studi di Reggio Calabria, <strong>Isidoro Pennisi<\/strong>, docente presso l\u2019Universit\u00e0 degli Studi di Reggio Calabria, <strong>Pippo Scannella<\/strong>, architetto, <strong>Santa Sorbello<\/strong>, storica, e <strong>Angelo Vecchio<\/strong>, architetto. Subito dopo prender\u00e0 il via <strong>\u2018Dialogo tra architetti amministratori \u2013 Approcci &amp; visioni urbane\u2019<\/strong>, che stanno sperimentando la concretezza dell\u2019impegno politico-amministrativo. Parteciperanno <strong>Alfio Cristaudo<\/strong>, sindaco di Pedara, <strong>Salvo Greco<\/strong>, presidente del Consiglio comunale di Santa Venerina, <strong>Enzo Magra<\/strong>, sindaco di Mascalucia, e <strong>Antonio Petralia<\/strong>, sindaco di Calatabiano. \u201cUn ringraziamento particolare desidero rivolgerlo all\u2019Ordine degli Architetti di Catania e alla Fondazione, per il sostegno mai venuto meno in tutti questi anni \u2013 dichiara Salvo Patan\u00e8 &#8211; Ma anche ai numerosi e qualificati relatori che hanno accompagnato la nostra attivit\u00e0 di formazione, al direttivo tutto e ai soci, a Marcello Leone, nostro presidente onorario, alle amministrazioni comunali, con le quali ci siamo confrontati, agli sponsor e ad Alfio Zappal\u00e0, direttore artistico del Rex, con cui \u2013 conclude il presidente di ArchLife &#8211; presenteremo in partnership, la proiezione di una trilogia di film per l\u2019architettura, in programma gi\u00e0 dai primi mesi del nuovo anno\u201d.<\/p>\n<p><strong>U.S. Maria Bella<\/strong><\/p>\n<p><strong>3284176181<\/strong><\/p>\n<p><strong>Tessera Odg N\u00b0 073783<\/strong><\/p>\n","protected":false},"excerpt":{"rendered":"<p>\u00a0Un confronto aperto tra architetti, urbanisti, docenti universitari, professionisti e amministratori pubblici sul futuro delle citt\u00e0. Sar\u00e0 questo e tanto altro \u2018Anniversary 2014\/2024\u2019, seminario formativo aperto al pubblico, in programma<\/p>\n<div><a class=\"permalink\" href=\"https:\/\/www.radioempire.it\/index.php\/2024\/12\/10\/giarre-il-14-dicembre-al-cine-teatro-rex-va-in-scena-anniversary-2014-2024-seminario-su-architettura-e-citta-promosso-da-archlife\/\">Read More&#8230;<\/a><\/div>\n","protected":false},"author":2,"featured_media":52881,"comment_status":"closed","ping_status":"closed","sticky":false,"template":"","format":"standard","meta":[],"categories":[3,36],"tags":[],"_links":{"self":[{"href":"https:\/\/www.radioempire.it\/index.php\/wp-json\/wp\/v2\/posts\/52880"}],"collection":[{"href":"https:\/\/www.radioempire.it\/index.php\/wp-json\/wp\/v2\/posts"}],"about":[{"href":"https:\/\/www.radioempire.it\/index.php\/wp-json\/wp\/v2\/types\/post"}],"author":[{"embeddable":true,"href":"https:\/\/www.radioempire.it\/index.php\/wp-json\/wp\/v2\/users\/2"}],"replies":[{"embeddable":true,"href":"https:\/\/www.radioempire.it\/index.php\/wp-json\/wp\/v2\/comments?post=52880"}],"version-history":[{"count":1,"href":"https:\/\/www.radioempire.it\/index.php\/wp-json\/wp\/v2\/posts\/52880\/revisions"}],"predecessor-version":[{"id":52883,"href":"https:\/\/www.radioempire.it\/index.php\/wp-json\/wp\/v2\/posts\/52880\/revisions\/52883"}],"wp:featuredmedia":[{"embeddable":true,"href":"https:\/\/www.radioempire.it\/index.php\/wp-json\/wp\/v2\/media\/52881"}],"wp:attachment":[{"href":"https:\/\/www.radioempire.it\/index.php\/wp-json\/wp\/v2\/media?parent=52880"}],"wp:term":[{"taxonomy":"category","embeddable":true,"href":"https:\/\/www.radioempire.it\/index.php\/wp-json\/wp\/v2\/categories?post=52880"},{"taxonomy":"post_tag","embeddable":true,"href":"https:\/\/www.radioempire.it\/index.php\/wp-json\/wp\/v2\/tags?post=52880"}],"curies":[{"name":"wp","href":"https:\/\/api.w.org\/{rel}","templated":true}]}}