{"id":52956,"date":"2024-12-14T22:01:42","date_gmt":"2024-12-14T22:01:42","guid":{"rendered":"https:\/\/www.radioempire.it\/?p=52956"},"modified":"2024-12-14T22:01:42","modified_gmt":"2024-12-14T22:01:42","slug":"santa-teresa-di-riva-14-dicembre-2024-antonino-bonfiglio-e-il-nuovo-presidente-del-gal-la-sede-torna-a-fiumedinisi","status":"publish","type":"post","link":"https:\/\/www.radioempire.it\/index.php\/2024\/12\/14\/santa-teresa-di-riva-14-dicembre-2024-antonino-bonfiglio-e-il-nuovo-presidente-del-gal-la-sede-torna-a-fiumedinisi\/","title":{"rendered":"Santa Teresa di Riva, 14 dicembre 2024 \u2013 Antonino Bonfiglio \u00e8 il nuovo presidente del GAL, la sede torna a Fiumedinisi"},"content":{"rendered":"<p><strong>Il GAL rinnova la leadership e torna alle radici: obiettivi strategici per il futuro del territorio<\/strong><\/p>\n<p>Si \u00e8 tenuta oggi, nei locali di Villa Ragno a Santa Teresa di Riva, l\u2019assemblea ordinaria e straordinaria del Gruppo di Azione Locale (GAL). Un appuntamento decisivo per delineare le strategie future dell\u2019organizzazione e ribadire il suo ruolo cruciale nello sviluppo sostenibile del comprensorio.<\/p>\n<p>Tra i principali punti all\u2019ordine del giorno, l\u2019elezione del nuovo presidente. Il Consiglio di Amministrazione ha scelto Antonino Bonfiglio, figura indicata dai soci privati, per succedere a una serie di presidenti di rilievo, come Mario Puglisi, Giuseppe Lombardo e Domenico Ravid\u00e0. Con questa nomina, Bonfiglio eredita una leadership significativa, impegnandosi a guidare il GAL verso nuove sfide e opportunit\u00e0.<\/p>\n<p>L\u2019assemblea ha inoltre approvato il trasferimento della sede legale e operativa a Fiumedinisi, un luogo che rappresenta le origini del GAL e che torna ad essere il fulcro delle sue attivit\u00e0.<\/p>\n<p>L\u2019assemblea ha inoltre deliberato il trasferimento della sede legale e operativa a Fiumedinisi, luogo dove il GAL ha mosso i suoi primi passi. Questo ritorno alle origini rappresenta un segnale simbolico e strategico, volto a rafforzare il radicamento nel territorio e a promuovere uno sviluppo sempre pi\u00f9 condiviso.<\/p>\n<p>\u00c8 stato deliberata, altres\u00ec, nel corso dell\u2019assemblea la ridefinizione delle quote sociali tra partner pubblici e privati, con l\u2019obiettivo di costruire una governance pi\u00f9 equilibrata e inclusiva, capace di sostenere le sfide e le opportunit\u00e0 della prossima programmazione.<\/p>\n<p><a href=\"https:\/\/www.radioempire.it\/wp-content\/uploads\/2024\/12\/gal-1.jpe\"><img loading=\"lazy\" class=\"size-medium wp-image-52958 alignleft\" src=\"https:\/\/www.radioempire.it\/wp-content\/uploads\/2024\/12\/gal-1-300x225.jpe\" alt=\"\" width=\"300\" height=\"225\" srcset=\"https:\/\/www.radioempire.it\/wp-content\/uploads\/2024\/12\/gal-1-300x225.jpe 300w, https:\/\/www.radioempire.it\/wp-content\/uploads\/2024\/12\/gal-1-768x576.jpe 768w, https:\/\/www.radioempire.it\/wp-content\/uploads\/2024\/12\/gal-1.jpe 960w\" sizes=\"(max-width: 300px) 100vw, 300px\" \/><\/a>L\u2019incontro \u00e8 stato l\u2019occasione per discutere e confrontarsi con i soci privati e gli amministratori riguardo le sfide che il Gal, come ente intermedio sul territorio, dovr\u00e0 affrontare e il ruolo centrale che ricoprir\u00e0 con le azioni da portare avanti previste nella strategia territoriale per il biennio 2025\/2027.<\/p>\n<p>Cateno De Luca, che ha partecipato attivamente ai lavori, ha dichiarato:<\/p>\n<p>\u201c<em>Conosco bene la storia del GAL, le sue origini e il contesto in cui \u00e8 nato. In una fase delicata, fu necessario trasferire la sede a Santa Teresa di Riva. Ora, per\u00f2, chiedo a tutti che il GAL torni alle sue radici: la nuova sede sar\u00e0 nella Scuola degli Antichi Mestieri e delle Tradizioni Popolari di Fiumedinisi, un immobile che finalmente, dopo varie vicissitudini, \u00e8 stato completato. Questo trasferimento non \u00e8 solo simbolico, ma rappresenta un\u2019idea chiara e concreta, un ritorno alla genesi del GAL.<\/em><\/p>\n<p><em>La progettualit\u00e0 che abbiamo elaborato per questa nuova fase si concentrer\u00e0 su un\u2019idea innovativa e identitaria. Il centro operativo del GAL sar\u00e0 appunto la Scuola degli Antichi Mestieri, che funger\u00e0 da punto di riferimento per l\u2019intero comprensorio, promuovendo tradizioni e cultura in un&#8217;ottica diffusa. L\u2019obiettivo, che spero di raggiungere, \u00e8 quello di creare un istituto regionale che preservi e valorizzi le nostre tradizioni.<\/em><\/p>\n<p><em>Abbiamo gi\u00e0 avviato tutti i percorsi strategici per concretizzare questa visione. Il trasferimento della sede legale \u00e8 solo il primo passo; la sede operativa seguir\u00e0 appena i locali saranno completamente arredati. <\/em><\/p>\n<p><em>Desidero ringraziare il Sindaco di Santa Teresa di Riva, che in un momento cruciale ha dato al GAL la possibilit\u00e0 di proseguire le sue attivit\u00e0. Rivolgo anche un ringraziamento a Domenico Ravid\u00e0, che ha guidato il GAL in una fase complessa, e agli uffici che hanno lavorato con grande impegno, dal dott. Romeo a Beatrice Briguglio, fino a tutto lo staff, senza dimenticare nessuno.<\/em><\/p>\n<p><em>Infine, sono orgoglioso del fatto che il nostro GAL sia un modello operativo per tutta la Sicilia. Lo dimostra il riconoscimento ricevuto dall\u2019assessore regionale all\u2019Agricoltura, Barbagallo, che ha definito il nostro GAL tra i migliori, grazie a una capacit\u00e0 di spesa coerente con la programmazione e a idee innovative che sono state condivise con gli altri GAL della regione.<\/em><\/p>\n<p><em>Questa nuova fase segna un punto di svolta, con l\u2019obiettivo di creare un\u2019innovazione che nasca dall\u2019identit\u00e0 e dalle origini. Quando si vuole essere originali, basta tornare alle origini. Questo sar\u00e0 il nostro punto di forza\u201d.<\/em><\/p>\n<p>Anche il neo-presidente Antonino Bonfiglio ha espresso soddisfazione per l\u2019importante incarico ricevuto, dichiarando:<\/p>\n<p><em>\u201cSono profondamente onorato di essere stato scelto per guidare il GAL in questa nuova fase. Con il supporto di tutti i soci, intendo lavorare per rafforzare il ruolo del GAL come motore di sviluppo locale, promuovendo progetti innovativi e sostenibili che valorizzino le tradizioni e le risorse della nostra comunit\u00e0. Insieme possiamo trasformare questa visione in realt\u00e0, rendendo il GAL un modello di eccellenza per tutta la Sicilia\u201d.<\/em><\/p>\n<p>Con una guida rinnovata e un ritorno alle proprie radici territoriali, il GAL si appresta a consolidare la sua posizione di punto di riferimento per la crescita economica, sociale e culturale delle comunit\u00e0 locali. Una leadership determinata e una visione strategica mirano a rendere l\u2019organizzazione un motore di sviluppo condiviso, capace di realizzare le opportunit\u00e0 offerte dalla prossima programmazione regionale e comunitaria.<\/p>\n<p>In un momento storico caratterizzato da sfide complesse, il GAL si propone come catalizzatore di sinergie tra pubblico e privato, perseguendo l\u2019obiettivo di uno sviluppo equilibrato e sostenibile per il futuro del comprensorio.<\/p>\n<p>&nbsp;<\/p>\n<p>Breve Nota Biografica Presidente<\/p>\n<p>Il nuovo presidente del Gal Antonio Bonfiglio ha una Laurea Magistrale in Governo e Politiche indirizzo Politiche Pubbliche conseguita presso la LUISS Guido Carli, esercita la professione di impiegato di Banca presso l\u2019istituto Banca di credito Cooperativo di Pachino.<\/p>\n<p>Ha maturato una lunga esperienza nel settore dello sviluppo strategico territoriale e nel settore vitivinicolo e dell\u2019enogastronomia.<\/p>\n<p>Fa parte del Consorzio di Tutela della Doc Faro, dove ricopre l\u2019incarico di Tesoriere.<\/p>\n<p>\u00c8 conduttore di impresa agricola dove si occupa di commercializzazione e marketing per il settore agroalimentare e vitivinicolo.<\/p>\n","protected":false},"excerpt":{"rendered":"<p>Il GAL rinnova la leadership e torna alle radici: obiettivi strategici per il futuro del territorio Si \u00e8 tenuta oggi, nei locali di Villa Ragno a Santa Teresa di Riva,<\/p>\n<div><a class=\"permalink\" href=\"https:\/\/www.radioempire.it\/index.php\/2024\/12\/14\/santa-teresa-di-riva-14-dicembre-2024-antonino-bonfiglio-e-il-nuovo-presidente-del-gal-la-sede-torna-a-fiumedinisi\/\">Read More&#8230;<\/a><\/div>\n","protected":false},"author":2,"featured_media":52957,"comment_status":"closed","ping_status":"closed","sticky":false,"template":"","format":"standard","meta":[],"categories":[3,36],"tags":[],"_links":{"self":[{"href":"https:\/\/www.radioempire.it\/index.php\/wp-json\/wp\/v2\/posts\/52956"}],"collection":[{"href":"https:\/\/www.radioempire.it\/index.php\/wp-json\/wp\/v2\/posts"}],"about":[{"href":"https:\/\/www.radioempire.it\/index.php\/wp-json\/wp\/v2\/types\/post"}],"author":[{"embeddable":true,"href":"https:\/\/www.radioempire.it\/index.php\/wp-json\/wp\/v2\/users\/2"}],"replies":[{"embeddable":true,"href":"https:\/\/www.radioempire.it\/index.php\/wp-json\/wp\/v2\/comments?post=52956"}],"version-history":[{"count":1,"href":"https:\/\/www.radioempire.it\/index.php\/wp-json\/wp\/v2\/posts\/52956\/revisions"}],"predecessor-version":[{"id":52959,"href":"https:\/\/www.radioempire.it\/index.php\/wp-json\/wp\/v2\/posts\/52956\/revisions\/52959"}],"wp:featuredmedia":[{"embeddable":true,"href":"https:\/\/www.radioempire.it\/index.php\/wp-json\/wp\/v2\/media\/52957"}],"wp:attachment":[{"href":"https:\/\/www.radioempire.it\/index.php\/wp-json\/wp\/v2\/media?parent=52956"}],"wp:term":[{"taxonomy":"category","embeddable":true,"href":"https:\/\/www.radioempire.it\/index.php\/wp-json\/wp\/v2\/categories?post=52956"},{"taxonomy":"post_tag","embeddable":true,"href":"https:\/\/www.radioempire.it\/index.php\/wp-json\/wp\/v2\/tags?post=52956"}],"curies":[{"name":"wp","href":"https:\/\/api.w.org\/{rel}","templated":true}]}}