{"id":52968,"date":"2024-12-15T16:05:25","date_gmt":"2024-12-15T16:05:25","guid":{"rendered":"https:\/\/www.radioempire.it\/?p=52968"},"modified":"2024-12-15T18:08:25","modified_gmt":"2024-12-15T18:08:25","slug":"interessante-dialogo-interdisciplinare-sulla-riforma-per-la-circolazione-delle-opere-darte-e-beni-da-collezione-organizzato-dalla-fondazione-dellavvocatura-messinese","status":"publish","type":"post","link":"https:\/\/www.radioempire.it\/index.php\/2024\/12\/15\/interessante-dialogo-interdisciplinare-sulla-riforma-per-la-circolazione-delle-opere-darte-e-beni-da-collezione-organizzato-dalla-fondazione-dellavvocatura-messinese\/","title":{"rendered":"Interessante dialogo interdisciplinare sulla Riforma per la Circolazione delle Opere d&#8217;Arte e Beni da Collezione organizzato dalla Fondazione dell\u2019Avvocatura Messinese"},"content":{"rendered":"<p align=\"JUSTIFY\"><span style=\"font-family: Times New Roman, serif;\"><span style=\"font-size: small;\"><i>Messina 15\/12\/2024<\/i><\/span><\/span> <span style=\"font-family: Times New Roman, serif;\">\u2013 Si \u00e8 concluso con grande partecipazione il convegno sulla <\/span><span style=\"font-family: Times New Roman, serif;\"><b>proposta di legge per l\u2019istituzione del Registro Nazionale dei Periti d\u2019Arte Giudiziari,<\/b><\/span><span style=\"font-family: Times New Roman, serif;\"> relativa all\u2019autenticit\u00e0 e certificazione delle opere d\u2019arte e dei beni da collezione. <\/span><span style=\"font-family: Times New Roman, serif;\"><b>L\u2019evento, organizzato dalla Fondazione dell\u2019Avvocatura Messinese<\/b><\/span><span style=\"font-family: Times New Roman, serif;\"> in collaborazione <\/span><span style=\"font-family: Times New Roman, serif;\"><b>con il SA.MO Club<\/b><\/span><span style=\"font-family: Times New Roman, serif;\"> al Museo Regionale di Messina, nel pomeriggio del 13 dicembre 2024, ha rappresentato un\u2019<\/span><span style=\"font-family: Times New Roman, serif;\"><b>importante occasione di riflessione e confronto<\/b><\/span><span style=\"font-family: Times New Roman, serif;\">, approfondendo una riforma tanto necessaria quanto complessa, coinvolgendo giuristi, esperti d\u2019arte e rappresentanti delle istituzioni.<\/span><\/p>\n<p><span style=\"font-family: Times New Roman, serif;\"><b>Alcune riflessioni dei relatori<\/b><\/span><\/p>\n<p><span style=\"font-family: Times New Roman, serif;\">Nel suo intervento di apertura, il <\/span><span style=\"font-family: Times New Roman, serif;\"><b>Presidente della Fondazione dell\u2019Avvocatura Messinese, Avv. Vincenzo Ciraolo<\/b><\/span><span style=\"font-family: Times New Roman, serif;\">, ha dichiarato: \u201cQuesto convegno rappresenta solo il primo passo di un percorso che vogliamo continuare, sensibilizzando sull\u2019importanza di questa proposta di legge, un\u2019occasione giuridica e culturale per costruire un sistema normativo che possa valorizzare il nostro patrimonio artistico e garantire la trasparenza del mercato. Si tratta di un argomento certamente trasversale, che interessa anche altri ambiti, come ad esempio il sistema creditizio, il Diritto di famiglia e persino il delicato tema dell\u2019intelligenza artificiale rivolto all\u2019individuazione, spesso errata, dei falsi d\u2019autore. Ringrazio il Direttore Orazio Micali per l\u2019ospitalit\u00e0, non poteva esserci luogo pi\u00f9 adatto del nostro Museo Regionale. Ringrazio Antonio Verzera, Presidente SA.MO. Club per la condivisione dell\u2019iniziativa e tutti i relatori e i partecipanti per aver contribuito a un dibattito ricco e stimolante.\u201d<\/span><\/p>\n<p><span style=\"font-family: Times New Roman, serif;\"><b>Antonio Verzera<\/b><\/span><span style=\"font-family: Times New Roman, serif;\">, <\/span><span style=\"font-family: Times New Roman, serif;\"><b>Presidente SA.MO. Club<\/b><\/span><span style=\"font-family: Times New Roman, serif;\">, che ha collaborato alla realizzazione dell\u2019evento, ha offerto uno spaccato attraverso la lente d\u2019ingrandimento del mondo del collezionismo: \u201cEvento molto importante anche per la nostra Associazione, infatti da quindici anni ci occupiamo sul territorio della valorizzazione del patrimonio motoristico storico e dell\u2019opportuna conservazione, oltre alla particolare attenzione alle certificazioni. Appare oggi di fondamentale importanza fare chiarezza\u201d.<\/span><\/p>\n<p><span style=\"font-family: Times New Roman, serif;\"><b>La proposta di legge, ideata, elaborata e promossa da Byron Associati<\/b><\/span><span style=\"font-family: Times New Roman, serif;\">, rappresenta il frutto di un intenso lavoro che ha interessato in prima persona il <\/span><span style=\"font-family: Times New Roman, serif;\"><b>Presidente Avv. Mario Galluppi di Cirella<\/b><\/span><span style=\"font-family: Times New Roman, serif;\">, avviato gi\u00e0 prima del periodo pandemico. Tale iniziativa di riforma \u00e8 stata presentata lo scorso 19 settembre 2024 nel corso di una conferenza stampa tenutasi alla Camera dei Deputati in presenza del suo primo firmatario, l\u2019On. Federico Mollicone, Presidente della VII Commissione Parlamentare per la Cultura.<\/span><\/p>\n<p><span style=\"font-family: Times New Roman, serif;\"><b>Mario Galluppi di Cirella<\/b><\/span><span style=\"font-family: Times New Roman, serif;\">, Presidente Byron Associati, anche nel suo ruolo di giurista e moderatore dell\u2019incontro, ha dichiarato: \u201cAttraverso il disegno di Legge che abbiamo presentato alla Camera, Byron Associati si prefigge non solo di integrare il Decreto Ministeriale 109 a cavallo della Riforma Cartabia per la regolamentazione dell\u2019Albo dei consulenti e tecnici di ufficio presso i Tribunali, ma anche di armonizzare l\u2019impianto normativo colmando alcune lacune presenti in relazione a questi irrisolti in materia di Diritto dell\u2019Arte, come l\u2019autenticit\u00e0 delle opere, la connessa circolazione e il tema nuovo che riguarda l\u2019<\/span><span style=\"font-family: Times New Roman, serif;\"><i>automotive<\/i><\/span><span style=\"font-family: Times New Roman, serif;\">, tra cui il rilascio di certificazioni delle autenticit\u00e0. Le questioni hanno degli effetti in termini di PIL, posto che il patrimonio artistico culturale italiano rappresenta la prima economia del \u201cbel Paese\u201d. Questo \u00e8 il nostro primo incontro a Messina. Dibattiti come questi sono fondamentali per mettere in luce le diverse prospettive di giuristi, esperti e istituzioni, contribuendo a una riflessione ampia e condivisa. Ma la Politica dovr\u00e0 fare la sua parte\u201d<\/span><\/p>\n<p><span style=\"font-family: Times New Roman, serif;\"><b>Olga Tarzia, Presidente del Tribunale di Messina<\/b><\/span><span style=\"font-family: Times New Roman, serif;\">, ha sottolineato: \u201cPurtroppo oggi in Italia non abbiamo un registro di esperti di opere d\u2019arte e non abbiamo una certificazione delle competenze necessarie. Abbiamo invece notevoli carenze che si riverberano anche sotto il profilo giudiziario della consulenza sia civile, sia penale. Una regolamentazione chiara e uniforme \u00e8 ormai indispensabile per garantire la trasparenza e tutelare il mercato dell\u2019arte, settore che oggi rappresenta un patrimonio culturale ed economico di inestimabile valore\u201d.<\/span><\/p>\n<p><span style=\"font-family: Times New Roman, serif;\"><b>Licia Oddo, Docente e Storico dell\u2019Arte<\/b><\/span><span style=\"font-family: Times New Roman, serif;\">, ha evidenziato l\u2019importanza del dialogo tra diritto e cultura, concentrandosi sulla circolazione delle opere d\u2019arte sul territorio nazionale, autenticit\u00e0 e valutazione, in relazione all\u2019ambito internazionale: \u201cLa tutela dell\u2019autenticit\u00e0 delle opere d\u2019arte non \u00e8 solo una questione legale, ma una battaglia culturale che deve coinvolgere tutti gli attori del sistema, dai musei ai collezionisti alle case d\u2019asta.\u201d<\/span><\/p>\n<p><span style=\"font-family: Times New Roman, serif;\"><b>Davide Lorenzone, Conservatore del Museo Nazionale dell\u2019Automobile di Torino<\/b><\/span><span style=\"font-family: Times New Roman, serif;\"> (MAUTO), ha portato la sua esperienza sul campo, riportando i casi di false certificazioni in ambito collezionistico: \u201cNel nostro lavoro quotidiano vediamo quanto sia cruciale una normativa chiara per preservare il valore storico e culturale dei beni artistici e da collezione.\u201d<\/span><\/p>\n<p><span style=\"font-family: Times New Roman, serif;\"><b>Giovanni Malinconico, Presidente dell\u2019Associazione Italiana per l\u2019Intelligenza Artificiale e il Diritto<\/b><\/span><span style=\"font-family: Times New Roman, serif;\"> (AIIAD), anche lui in collegamento, ha aggiunto: \u201cL\u2019integrazione delle nuove tecnologie nei processi di certificazione potrebbe rivoluzionare il settore ma anche trarre facilmente in inganno. L\u2019intelligenza artificiale pu\u00f2 essere utile per rispondere a domande precise perch\u00e9 \u00e8 capace di generare testi e sintesi, ma non riesce a farlo nel rispetto delle regole e delle tradizioni. Non \u00e8 capace di prendere in considerazione le domande pi\u00f9 astratte, non considera analisi pi\u00f9 complesse, prende in considerazione il materiale disponibile in rete. Ma se, come accaduto, quel materiale \u00e8 un falso? L\u2019intelligenza artificiale non ha la sensibilit\u00e0 n\u00e9 le competenze di discernimento.\u201d<\/span><\/p>\n<p><span style=\"font-family: Times New Roman, serif;\">In conclusione al convegno sono intervenuti <\/span><span style=\"font-family: Times New Roman, serif;\"><b>Paolo Vermiglio<\/b><\/span><span style=\"font-family: Times New Roman, serif;\"> Presidente Ordine Avvocati di Messina, che ha messo in risalto l\u2019importanza di un evento come questo in relazione al mondo dell\u2019Avvocatura, e <\/span><span style=\"font-family: Times New Roman, serif;\"><b>Pino Falzea<\/b><\/span><span style=\"font-family: Times New Roman, serif;\"> Presidente Ordine Architetti della Provincia di Messina, si \u00e8 soffermato sull\u2019importanza del dialogo tra esponenti di settori diversi.<\/span><\/p>\n<p><span style=\"font-family: Times New Roman, serif;\">L\u2019incontro ha visto anche il coinvolgimento di studiosi del settore come <\/span><span style=\"font-family: Times New Roman, serif;\"><b>Jorge Facio Lince<\/b><\/span><span style=\"font-family: Times New Roman, serif;\"> e un pubblico numeroso e partecipe, a testimonianza dell\u2019interesse crescente verso un tema di grande attualit\u00e0. La serata si \u00e8 conclusa con una cena all\u2019interno del Museo Regionale, durante la quale le autorit\u00e0 partecipanti hanno avuto modo di proseguire il confronto in un contesto informale.<\/span><\/p>\n<p><span style=\"font-family: Times New Roman, serif;\">La Fondazione dell\u2019Avvocatura Messinese rinnova cos\u00ec il suo impegno nella promozione di eventi di alto valore culturale e giuridico, certi che il dialogo interdisciplinare sia la chiave per affrontare le sfide del futuro secondo una visione moderna della professione forense.<\/span><\/p>\n","protected":false},"excerpt":{"rendered":"<p>Messina 15\/12\/2024 \u2013 Si \u00e8 concluso con grande partecipazione il convegno sulla proposta di legge per l\u2019istituzione del Registro Nazionale dei Periti d\u2019Arte Giudiziari, relativa all\u2019autenticit\u00e0 e certificazione delle opere<\/p>\n<div><a class=\"permalink\" href=\"https:\/\/www.radioempire.it\/index.php\/2024\/12\/15\/interessante-dialogo-interdisciplinare-sulla-riforma-per-la-circolazione-delle-opere-darte-e-beni-da-collezione-organizzato-dalla-fondazione-dellavvocatura-messinese\/\">Read More&#8230;<\/a><\/div>\n","protected":false},"author":2,"featured_media":52969,"comment_status":"closed","ping_status":"closed","sticky":false,"template":"","format":"standard","meta":[],"categories":[36,78],"tags":[],"_links":{"self":[{"href":"https:\/\/www.radioempire.it\/index.php\/wp-json\/wp\/v2\/posts\/52968"}],"collection":[{"href":"https:\/\/www.radioempire.it\/index.php\/wp-json\/wp\/v2\/posts"}],"about":[{"href":"https:\/\/www.radioempire.it\/index.php\/wp-json\/wp\/v2\/types\/post"}],"author":[{"embeddable":true,"href":"https:\/\/www.radioempire.it\/index.php\/wp-json\/wp\/v2\/users\/2"}],"replies":[{"embeddable":true,"href":"https:\/\/www.radioempire.it\/index.php\/wp-json\/wp\/v2\/comments?post=52968"}],"version-history":[{"count":1,"href":"https:\/\/www.radioempire.it\/index.php\/wp-json\/wp\/v2\/posts\/52968\/revisions"}],"predecessor-version":[{"id":52970,"href":"https:\/\/www.radioempire.it\/index.php\/wp-json\/wp\/v2\/posts\/52968\/revisions\/52970"}],"wp:featuredmedia":[{"embeddable":true,"href":"https:\/\/www.radioempire.it\/index.php\/wp-json\/wp\/v2\/media\/52969"}],"wp:attachment":[{"href":"https:\/\/www.radioempire.it\/index.php\/wp-json\/wp\/v2\/media?parent=52968"}],"wp:term":[{"taxonomy":"category","embeddable":true,"href":"https:\/\/www.radioempire.it\/index.php\/wp-json\/wp\/v2\/categories?post=52968"},{"taxonomy":"post_tag","embeddable":true,"href":"https:\/\/www.radioempire.it\/index.php\/wp-json\/wp\/v2\/tags?post=52968"}],"curies":[{"name":"wp","href":"https:\/\/api.w.org\/{rel}","templated":true}]}}