{"id":53101,"date":"2024-12-27T11:17:33","date_gmt":"2024-12-27T11:17:33","guid":{"rendered":"https:\/\/www.radioempire.it\/?p=53101"},"modified":"2024-12-27T11:17:33","modified_gmt":"2024-12-27T11:17:33","slug":"franzina-bilardo-vince-il-premio-chiara-grillo-con-il-viaggio-della-semina","status":"publish","type":"post","link":"https:\/\/www.radioempire.it\/index.php\/2024\/12\/27\/franzina-bilardo-vince-il-premio-chiara-grillo-con-il-viaggio-della-semina\/","title":{"rendered":"Franzina Bilardo vince il Premio Chiara Grillo con &#8220;Il viaggio della semina&#8221;"},"content":{"rendered":"<p align=\"JUSTIFY\"><span style=\"font-family: Times New Roman, serif;\"><i>Venerd\u00ec 27 dicembre 2024<\/i><\/span> <span style=\"font-family: Times New Roman, serif;\"><span style=\"font-size: medium;\">\u2013 Nella splendida cornice di Rovigo, lo scorso sabato 21 dicembre, si \u00e8 tenuta la cerimonia di premiazione della II Edizione del Premio Chiara Grillo, un riconoscimento prestigioso dedicato alla letteratura di qualit\u00e0. Quest\u2019anno, tra i premiati \u00e8 risultata anche Franzina Bilardo &#8211; come <\/span><\/span><span style=\"font-family: Times New Roman, serif;\"><span style=\"font-size: medium;\"><i>Premio Opera Prima<\/i><\/span><\/span><span style=\"font-family: Times New Roman, serif;\"><span style=\"font-size: medium;\"> &#8211; con il suo romanzo \u201cIl viaggio della semina\u201d. A consegnare il Premio \u00e8 stato il professor Lino Segantin, direttore del periodico Ventaglio Novanta, mentre la giuria, presieduta dalla giornalista, scrittrice e critica letteraria, Angioletta Masiero ha elogiato l\u2019opera per la sua profondit\u00e0 narrativa e il messaggio universale di etica e solidariet\u00e0.<\/span><\/span><\/p>\n<p align=\"JUSTIFY\"><span style=\"font-family: Times New Roman, serif;\"><span style=\"font-size: medium;\">Il \u201cViaggio della semina\u201d non \u00e8 solo un libro, ma un invito a riflettere sui valori essenziali della vita, come ha sottolineato l\u2019autrice durante l\u2019ultima presentazione a Catania. Attraverso la storia di Anna, una donna in carriera che intraprende un viaggio fisico e interiore, il romanzo narra la trasformazione della protagonista che, da una vita fatta di convenzioni e apparenze, si apre a un\u2019esistenza pi\u00f9 consapevole e rivolta agli altri. Consuelo Consoli, durante la presentazione gi\u00e0 citata e svolta a Catania, ha definito il libro \u201cun fiume in piena\u201d, evidenziando come il viaggio, sia reale che simbolico, trasformer\u00e0 Anna, portandola a riscoprire il valore dei rapporti umani e la bellezza della solidariet\u00e0. Importanti i riferimenti all\u2019Unitalsi, che organizza i pellegrinaggi a Lourdes, alle Missionarie della Carit\u00e0 e all\u2019esperienza vissuta dalla protagonista a Calcutta, a fianco di Madre Teresa. <\/span><\/span><\/p>\n<p><span style=\"font-family: Times New Roman, serif;\"><span style=\"font-size: medium;\"><b>Il Premio e la motivazione<\/b><\/span><\/span><\/p>\n<p align=\"JUSTIFY\"><span style=\"font-family: Times New Roman, serif;\"><span style=\"font-size: medium;\">La giuria del Premio Chiara Grillo ha riconosciuto il valore di questa opera sottolineando la capacit\u00e0 dell\u2019autrice di emozionare e coinvolgere i lettori. Nella Motivazione, il libro di Franzina Bilardo, viene testualmente definito come un romanzo che: <\/span><\/span><span style=\"font-family: Times New Roman, serif;\"><span style=\"font-size: medium;\"><i>\u201cEmoziona, coinvolge, appassiona e commuove. Una storia che non si dimentica\u201d.<\/i><\/span><\/span><\/p>\n<p align=\"JUSTIFY\"><span style=\"font-family: Times New Roman, serif;\"><span style=\"font-size: large;\"><b>Intervista a Franzina Bilardo<\/b><\/span><\/span><\/p>\n<p align=\"JUSTIFY\"><span style=\"font-family: Times New Roman, serif;\"><span style=\"font-size: medium;\"><b>Qual \u00e8 stata l\u2019ispirazione principale per scrivere \u201cIl viaggio della semina\u201d?<\/b><\/span><\/span><\/p>\n<p align=\"JUSTIFY\"><span style=\"font-family: Times New Roman, serif;\"><span style=\"font-size: medium;\">La voglia di raccontare una storia vera, positiva, che tra l\u2019altro mi auguro possa aiutare a far comprendere l\u2019importanza della diffusione della \u201ccultura del bene\u201d, oggi pi\u00f9 che mai, in un mondo che purtroppo rischia di andare alla deriva verso l\u2019isolamento sociale, l\u2019indifferenza nei confronti degli altri, la perdita di consapevolezza di alcuni valori fondamentali come quelli della resilienza, della solidariet\u00e0, della filantropia e dei rapporti umani. \u00c8 davvero triste ricevere costantemente messaggi e comunicazioni di massa negativi. Una volta tanto, ritengo giusto parlare di storie e sentimenti costruttivi, che ovviamente dovrebbero essere vissuti non solo a Lourdes o a Calcutta, ma anche nella nostra vita di tutti i giorni. Il mondo \u00e8 pieno di persone fragili, malate, creature a cui tutti noi dovremmo tendere una mano, una semplice carezza, un aiuto concreto non necessariamente monetario. <\/span><\/span><\/p>\n<p align=\"JUSTIFY\"><span style=\"font-family: Times New Roman, serif;\"><span style=\"font-size: medium;\"><b>Il viaggio della protagonista riflette un cambiamento profondo. Pu\u00f2 svelarci qualcosa in pi\u00f9? Secondo lei, bisogna sempre considerare la consapevolezza un pregio?<\/b><\/span><\/span><\/p>\n<p align=\"JUSTIFY\"><span style=\"font-family: Times New Roman, serif;\"><span style=\"font-size: medium;\">Assolutamente s\u00ec. La vita di tutti noi, che ci piaccia o no, \u00e8 fatta di esperienze belle e brutte, di gioie e dolori, di cambiamenti esterni ed interiori. \u00c8 un flusso in continua evoluzione, un vissuto di cui per\u00f2 \u00e8 importante, almeno mio avviso, setacciare gli elementi positivi e farli diventare timoniere di nuovi o rinnovati percorsi di vita, all\u2019insegna di sentimenti buoni, come l\u2019amore per il prossimo, l\u2019amicizia, la speranza, tutti quelli che assai spesso dimentichiamo di avere attorno a noi e dentro di noi. <\/span><\/span><\/p>\n<p align=\"JUSTIFY\"><span style=\"font-family: Times New Roman, serif;\"><span style=\"font-size: medium;\"><b>Quali messaggi spera che i lettori possano trarre dalla lettura del libro o quale emozione o sensazione vorrebbe che ricordassero?<\/b><\/span><\/span><\/p>\n<p align=\"JUSTIFY\"><span style=\"font-family: Times New Roman, serif;\"><span style=\"font-size: medium;\">A me non piacciono i libri che vogliono lanciare \u201cmessaggi\u201d, di qualunque tipo essi siano. Sono i contenuti di un libro e le relative storie che &#8211; al massimo &#8211; possono fare riflettere. Ci\u00f2 che invece considero importante, in uno scritto, \u00e8 la capacit\u00e0 di suscitare nel lettore delle \u201cemozioni\u201d. Questo s\u00ec. E qui mi considero pienamente <\/span><\/span><span style=\"font-family: Times New Roman, serif;\"><span style=\"font-size: medium;\"><i>crociana<\/i><\/span><\/span><span style=\"font-family: Times New Roman, serif;\"><span style=\"font-size: medium;\">. Un prodotto della scrittura non deve essere un manifesto, un portatore di morale, uno specchio narcisistico, ma solo e semplicemente una trasmissione comunicativa che riesce a trasmettere sensazioni di piacere dell\u2019anima. Come un bel quadro o una bella musica. La lettura di un libro dovrebbe essere una sorta di ricreazione dell\u2019anima e della mente. Se poi l\u2019emozione produce anche riflessioni, tanto meglio\u2026. <\/span><\/span><\/p>\n<p align=\"JUSTIFY\"><span style=\"font-family: Times New Roman, serif;\"><span style=\"font-size: medium;\"><b>Com\u2019\u00e8 stata l\u2019esperienza del Premio a Rovigo?<\/b><\/span><\/span><\/p>\n<p align=\"JUSTIFY\"><span style=\"font-family: Times New Roman, serif;\"><span style=\"font-size: medium;\">Bellissima, un\u2019esperienza indimenticabile. \u201cIl viaggio della semina\u201d \u00e8 il mio romanzo di esordio nel mondo della narrativa, \u00e8 stato pubblicato appena due mesi fa, ricevere subito un premio cos\u00ec importante \u00e8 stata una gioia immensa. A Rovigo, peraltro, ho avuto modo di conoscere Angioletta Masiero &#8211; la Presidente di Giuria &#8211; che \u00e8 una persona meravigliosa, di profonda cultura e sensibilit\u00e0 artistica, ed \u00e8 anche una donna dolcissima. Non \u00e8 casuale che sia cos\u00ec vicina al mondo della poesia e della prosa. \u00c8 una di quelle persone che ti colpiscono subito perch\u00e9 si portano dietro uno straordinario fascino dell\u2019anima.<\/span><\/span><\/p>\n<p align=\"JUSTIFY\"><span style=\"font-family: Times New Roman, serif;\"><span style=\"font-size: medium;\"><b>Con la vittoria del Premio Chiara Grillo, \u201cIl viaggio della semina\u201d si conferma una delle opere pi\u00f9 significative <\/b><\/span><\/span><span style=\"font-family: Times New Roman, serif;\"><span style=\"font-size: medium;\">nel panorama letterario contemporaneo, capace di lasciare un segno indelebile nei lettori e di ispirare riflessioni profonde sui valori della vita.<\/span><\/span><\/p>\n","protected":false},"excerpt":{"rendered":"<p>Venerd\u00ec 27 dicembre 2024 \u2013 Nella splendida cornice di Rovigo, lo scorso sabato 21 dicembre, si \u00e8 tenuta la cerimonia di premiazione della II Edizione del Premio Chiara Grillo, un<\/p>\n<div><a class=\"permalink\" href=\"https:\/\/www.radioempire.it\/index.php\/2024\/12\/27\/franzina-bilardo-vince-il-premio-chiara-grillo-con-il-viaggio-della-semina\/\">Read More&#8230;<\/a><\/div>\n","protected":false},"author":2,"featured_media":53102,"comment_status":"closed","ping_status":"closed","sticky":false,"template":"","format":"standard","meta":[],"categories":[3,36],"tags":[],"_links":{"self":[{"href":"https:\/\/www.radioempire.it\/index.php\/wp-json\/wp\/v2\/posts\/53101"}],"collection":[{"href":"https:\/\/www.radioempire.it\/index.php\/wp-json\/wp\/v2\/posts"}],"about":[{"href":"https:\/\/www.radioempire.it\/index.php\/wp-json\/wp\/v2\/types\/post"}],"author":[{"embeddable":true,"href":"https:\/\/www.radioempire.it\/index.php\/wp-json\/wp\/v2\/users\/2"}],"replies":[{"embeddable":true,"href":"https:\/\/www.radioempire.it\/index.php\/wp-json\/wp\/v2\/comments?post=53101"}],"version-history":[{"count":1,"href":"https:\/\/www.radioempire.it\/index.php\/wp-json\/wp\/v2\/posts\/53101\/revisions"}],"predecessor-version":[{"id":53103,"href":"https:\/\/www.radioempire.it\/index.php\/wp-json\/wp\/v2\/posts\/53101\/revisions\/53103"}],"wp:featuredmedia":[{"embeddable":true,"href":"https:\/\/www.radioempire.it\/index.php\/wp-json\/wp\/v2\/media\/53102"}],"wp:attachment":[{"href":"https:\/\/www.radioempire.it\/index.php\/wp-json\/wp\/v2\/media?parent=53101"}],"wp:term":[{"taxonomy":"category","embeddable":true,"href":"https:\/\/www.radioempire.it\/index.php\/wp-json\/wp\/v2\/categories?post=53101"},{"taxonomy":"post_tag","embeddable":true,"href":"https:\/\/www.radioempire.it\/index.php\/wp-json\/wp\/v2\/tags?post=53101"}],"curies":[{"name":"wp","href":"https:\/\/api.w.org\/{rel}","templated":true}]}}