{"id":53176,"date":"2025-01-03T13:58:14","date_gmt":"2025-01-03T13:58:14","guid":{"rendered":"https:\/\/www.radioempire.it\/?p=53176"},"modified":"2025-01-03T13:58:59","modified_gmt":"2025-01-03T13:58:59","slug":"oltre-la-divisa-il-nuovo-capitolodella-regista-debora-scalzo","status":"publish","type":"post","link":"https:\/\/www.radioempire.it\/index.php\/2025\/01\/03\/oltre-la-divisa-il-nuovo-capitolodella-regista-debora-scalzo\/","title":{"rendered":"&#8220;Oltre la divisa&#8221; il nuovo capitolo della regista Debora Scalzo"},"content":{"rendered":"<p>Dal successo di &#8220;Paolo Vive&#8221; che a marzo uscir\u00e0 oltreoceano, al set del nuovo film &#8220;Oltre la divisa&#8221;, alla pausa matrimoniale. Una nuova ripartenza di una donna forte e ambiziosa, il cui coraggio le appartiene.<\/p>\n<p>&#8220;Oltre la divisa&#8221; il nuovo film della regista Debora Scalzo racconter\u00e0 la delicata storia d&#8217;amore di due uomini in divisa e la storia intensa tra un generale corrotto e una prostituta.<\/p>\n<p>La Scalzo dopo il grande successo di Paolo Vive, a novembre sar\u00e0 in Sicilia sul set del nuovo film &#8220;Oltre la divisa&#8221;. Film drammatico poliziesco antimafia, a base di sesso corruzione e azione, che si girer\u00e0 tra Catania, la Svizzera e il Brasile.<\/p>\n<p>La regista Debora Scalzo originaria della Sicilia, ma che da anni vive a Milano, torna nella sua terra per avviare uno dei suoi progetti pi\u00f9 ambiziosi della sua carriera: il film poliziesco antimafia dal titolo &#8220;Oltre la Divisa&#8221;. Catania, con il suo fascino storico e il carattere unico delle sue strade, sar\u00e0 il cuore pulsante della narrazione, ospitando le riprese a partire da novembre. Il progetto si avvale del supporto della Catania Film Commission e della Sicilia Film Commission, consolidando la centralit\u00e0 dell\u2019isola nel panorama cinematografico italiano.<\/p>\n<p>Il film esplorer\u00e0 le vicende di cinque protagonisti legati dal difficile mondo delle forze dell\u2019ordine, intrecciando storie di corruzione, abusi, amore e sacrificio. Tra i temi centrali, la storia forte e intensa di un generale dei carabinieri corrotto, alla soldatessa vittima di violenza, il ricordo dell\u2019Ispettore Capo Giovanni Lizzio, vittima di mafia ucciso a Catania nel 1992, e vicende inedite come la delicata storia d\u2019amore tra due uomini in divisa un poliziotto e un finanziere, un tema mai affrontato prima nel cinema italiano, un messaggio di inclusivit\u00e0 e speranza. Con questo progetto, Scalzo intende omaggiare la dedizione e l\u2019integrit\u00e0 di chi veste una divisa, senza per\u00f2 risparmiare una denuncia decisa alle mele marce.<\/p>\n<p>Tra le sorprese del film, la presenza di un celebre attore di Hollywood, che arricchir\u00e0 un cast gi\u00e0 di grande livello. La narrazione, che coprir\u00e0 un arco temporale dal 1992 ai giorni nostri, prevede anche riprese internazionali in Svizzera e Brasile, promettendo una produzione ambiziosa e dal respiro globale.<\/p>\n<p>&#8220;Oltre la divisa&#8221; far\u00e0 riflettere, sognare, piangere e far\u00e0 capire il vero senso della vita oltre la divisa, l&#8217;uomo con tutte le sue fragilit\u00e0 e paure, ma soprattutto far\u00e0 capire che l&#8217;amore \u00e8 il vero fulcro della vita e non conosce regole. La Scalzo attualmente nelle sale con il Docufilm &#8220;Paolo Vive&#8221; protagonista l&#8217;attore Bruno Torrisi, da gennaio partir\u00e0 con la distribuzione internazionale in collaborazione con la Farnesina e il Ministero degli Affari Esteri e della Cooperazione Internazionale che la porteranno in giro per l&#8217;Europa, il Principato di Monaco, il Granducato di Lussemburgo, il Regno Unito, il Brasile, l&#8217;Argentina, l&#8217;America e il Canada, con proiezioni speciali a New York, Los Angeles, Las Vegas, Chicago, Seattle, Miami, San Francisco e Vancouver. Un viaggio attraverso i continenti, divulgando un potente messaggio di educazione alla legalit\u00e0 ai giovani di tutto il mondo raccontando la storia di un grande uomo siciliano, il giudice Paolo Borsellino. &#8220;Paolo Vive&#8221; \u00e8 ufficialmente iscritto in concorso ai prossimi David di Donatello 2025, nella sezione film opere prime, un grande e importante traguardo per l&#8217;artista siciliana al suo debutto alla regia e gi\u00e0 definita oltreoceano la regista antimafia donna di luce, giustizia e azione.<\/p>\n","protected":false},"excerpt":{"rendered":"<p>Dal successo di &#8220;Paolo Vive&#8221; che a marzo uscir\u00e0 oltreoceano, al set del nuovo film &#8220;Oltre la divisa&#8221;, alla pausa matrimoniale. Una nuova ripartenza di una donna forte e ambiziosa,<\/p>\n<div><a class=\"permalink\" href=\"https:\/\/www.radioempire.it\/index.php\/2025\/01\/03\/oltre-la-divisa-il-nuovo-capitolodella-regista-debora-scalzo\/\">Read More&#8230;<\/a><\/div>\n","protected":false},"author":2,"featured_media":53177,"comment_status":"closed","ping_status":"closed","sticky":false,"template":"","format":"standard","meta":[],"categories":[36,78],"tags":[],"_links":{"self":[{"href":"https:\/\/www.radioempire.it\/index.php\/wp-json\/wp\/v2\/posts\/53176"}],"collection":[{"href":"https:\/\/www.radioempire.it\/index.php\/wp-json\/wp\/v2\/posts"}],"about":[{"href":"https:\/\/www.radioempire.it\/index.php\/wp-json\/wp\/v2\/types\/post"}],"author":[{"embeddable":true,"href":"https:\/\/www.radioempire.it\/index.php\/wp-json\/wp\/v2\/users\/2"}],"replies":[{"embeddable":true,"href":"https:\/\/www.radioempire.it\/index.php\/wp-json\/wp\/v2\/comments?post=53176"}],"version-history":[{"count":2,"href":"https:\/\/www.radioempire.it\/index.php\/wp-json\/wp\/v2\/posts\/53176\/revisions"}],"predecessor-version":[{"id":53179,"href":"https:\/\/www.radioempire.it\/index.php\/wp-json\/wp\/v2\/posts\/53176\/revisions\/53179"}],"wp:featuredmedia":[{"embeddable":true,"href":"https:\/\/www.radioempire.it\/index.php\/wp-json\/wp\/v2\/media\/53177"}],"wp:attachment":[{"href":"https:\/\/www.radioempire.it\/index.php\/wp-json\/wp\/v2\/media?parent=53176"}],"wp:term":[{"taxonomy":"category","embeddable":true,"href":"https:\/\/www.radioempire.it\/index.php\/wp-json\/wp\/v2\/categories?post=53176"},{"taxonomy":"post_tag","embeddable":true,"href":"https:\/\/www.radioempire.it\/index.php\/wp-json\/wp\/v2\/tags?post=53176"}],"curies":[{"name":"wp","href":"https:\/\/api.w.org\/{rel}","templated":true}]}}