{"id":53259,"date":"2025-01-11T11:30:14","date_gmt":"2025-01-11T11:30:14","guid":{"rendered":"https:\/\/www.radioempire.it\/?p=53259"},"modified":"2025-01-11T11:30:14","modified_gmt":"2025-01-11T11:30:14","slug":"inaugurazione-anno-sociale-dellafi011-associazionale-zonale-appassionati-di-fotografia","status":"publish","type":"post","link":"https:\/\/www.radioempire.it\/index.php\/2025\/01\/11\/inaugurazione-anno-sociale-dellafi011-associazionale-zonale-appassionati-di-fotografia\/","title":{"rendered":"Inaugurazione anno sociale dell&#8217;AFI011, associazionale zonale appassionati di fotografia."},"content":{"rendered":"<p>Domani 12 gennaio 20, alle ore 18, presso il salone della Biblioteca Comunale del Palazzo della Cultura di S. Teresa di Riva, ci sar\u00e0 l\u2019inaugurazione dell\u2019anno sociale dell&#8217;AFI011, associazione zonale di appassionati di Fotografia.<br \/>\nLa manifestazione vedr\u00e0 l\u2019assegnazione del Premio AFI011 al fotografo messinese Alessandro Mancuso, per l\u2019anno 2024; e saranno anche consegnati dei riconoscimenti ad alcuni soci che si sono distinti per bravura e originalit\u00e0.<br \/>\nDurante la manifestazione sar\u00e0 presentato l\u2019ultimo volume fotografico &#8220;Ore di Sicilia&#8221; del taorminese Roberto Mendolia con la partecipazione di Lisa Bachis; e, infine, il presidente Mario Pollino concluder\u00e0 con un excursus delle attivit\u00e0 svolte dall&#8217;AFI011 con particolare riguardo alla partecipazione dell&#8217;evento &#8220;Roccalumera &#8211; Citt\u00e0 del Folklore&#8221; organizzato dalla Pro-loco e dai Gruppi folkloristici locali&#8221;.<\/p>\n","protected":false},"excerpt":{"rendered":"<p>Domani 12 gennaio 20, alle ore 18, presso il salone della Biblioteca Comunale del Palazzo della Cultura di S. Teresa di Riva, ci sar\u00e0 l\u2019inaugurazione dell\u2019anno sociale dell&#8217;AFI011, associazione zonale<\/p>\n<div><a class=\"permalink\" href=\"https:\/\/www.radioempire.it\/index.php\/2025\/01\/11\/inaugurazione-anno-sociale-dellafi011-associazionale-zonale-appassionati-di-fotografia\/\">Read More&#8230;<\/a><\/div>\n","protected":false},"author":2,"featured_media":53261,"comment_status":"closed","ping_status":"closed","sticky":false,"template":"","format":"standard","meta":[],"categories":[36,78],"tags":[],"_links":{"self":[{"href":"https:\/\/www.radioempire.it\/index.php\/wp-json\/wp\/v2\/posts\/53259"}],"collection":[{"href":"https:\/\/www.radioempire.it\/index.php\/wp-json\/wp\/v2\/posts"}],"about":[{"href":"https:\/\/www.radioempire.it\/index.php\/wp-json\/wp\/v2\/types\/post"}],"author":[{"embeddable":true,"href":"https:\/\/www.radioempire.it\/index.php\/wp-json\/wp\/v2\/users\/2"}],"replies":[{"embeddable":true,"href":"https:\/\/www.radioempire.it\/index.php\/wp-json\/wp\/v2\/comments?post=53259"}],"version-history":[{"count":1,"href":"https:\/\/www.radioempire.it\/index.php\/wp-json\/wp\/v2\/posts\/53259\/revisions"}],"predecessor-version":[{"id":53262,"href":"https:\/\/www.radioempire.it\/index.php\/wp-json\/wp\/v2\/posts\/53259\/revisions\/53262"}],"wp:featuredmedia":[{"embeddable":true,"href":"https:\/\/www.radioempire.it\/index.php\/wp-json\/wp\/v2\/media\/53261"}],"wp:attachment":[{"href":"https:\/\/www.radioempire.it\/index.php\/wp-json\/wp\/v2\/media?parent=53259"}],"wp:term":[{"taxonomy":"category","embeddable":true,"href":"https:\/\/www.radioempire.it\/index.php\/wp-json\/wp\/v2\/categories?post=53259"},{"taxonomy":"post_tag","embeddable":true,"href":"https:\/\/www.radioempire.it\/index.php\/wp-json\/wp\/v2\/tags?post=53259"}],"curies":[{"name":"wp","href":"https:\/\/api.w.org\/{rel}","templated":true}]}}