{"id":53297,"date":"2025-01-15T00:07:30","date_gmt":"2025-01-15T00:07:30","guid":{"rendered":"https:\/\/www.radioempire.it\/?p=53297"},"modified":"2025-01-15T00:07:30","modified_gmt":"2025-01-15T00:07:30","slug":"all-inaugurazione-dellanno-sociale-dellafi011-grandi-emozioni-con-mostre-video-riconoscimenti-e-premio-ad-alessandro-mancuso","status":"publish","type":"post","link":"https:\/\/www.radioempire.it\/index.php\/2025\/01\/15\/all-inaugurazione-dellanno-sociale-dellafi011-grandi-emozioni-con-mostre-video-riconoscimenti-e-premio-ad-alessandro-mancuso\/","title":{"rendered":"ALL\u2019 INAUGURAZIONE DELL\u2019ANNO SOCIALE DELL\u2019AFI011 GRANDI EMOZIONI CON MOSTRE, VIDEO, RICONOSCIMENTI E PREMIO AD ALESSANDRO MANCUSO"},"content":{"rendered":"<p>(<em>S. Teresa di Riva<\/em>) \u2013 Un numeroso pubblico formato da appassionati di fotografia e da rappresentanti di enti e associazioni, ha partecipato all\u2019inaugurazione dell\u2019anno sociale dell\u2019AFI011 svoltosi domenica scorsa nel salone del Palazzo della Cultura.<\/p>\n<p>Nel corso della interessante serata, condotta da Marcella Allegra, il momento clou \u00e8 stato la consegna della targa del Premio AFI011 per l\u2019 anno 2024 ad Alessandro Mancuso, \u201cper aver catturato i colori della terra creando immagini che testimoniano la felicit\u00e0 del quotidiano\u201d.<\/p>\n<p><img loading=\"lazy\" class=\"size-medium wp-image-53301 alignleft\" src=\"https:\/\/www.radioempire.it\/wp-content\/uploads\/2025\/01\/ROGICA-BACHIS-MARCELLA-MARIO-1-300x225.jpg\" alt=\"\" width=\"300\" height=\"225\" srcset=\"https:\/\/www.radioempire.it\/wp-content\/uploads\/2025\/01\/ROGICA-BACHIS-MARCELLA-MARIO-1-300x225.jpg 300w, https:\/\/www.radioempire.it\/wp-content\/uploads\/2025\/01\/ROGICA-BACHIS-MARCELLA-MARIO-1.jpg 700w\" sizes=\"(max-width: 300px) 100vw, 300px\" \/> Il fotografo messinese, partito dagli scatti documentaristici di catalogazione \u00e8 poi approdato alle pi\u00f9 dinamiche foto rivolgendo il suo interesse sugli effetti sociali e umanitari della globalizzazione; ha emozionato, cos\u00ec, il pubblico mostrando le sue opere in un video, ricche di colore, di movimenti e di intense espressivit\u00e0. A Mancuso \u00e8 stata consegnata la targa, un simbolico passaggio di testimone, da Roberto Mendolia, gi\u00e0 premiato lo scorso anno. Il fotografo taorminese, in arte Rogika, \u00e8 stato pure invitato a promuovere la sua pi\u00f9 recente fatica editoriale, \u201cOre di Sicilia\u201d, presentata da Lisa Bachis, opera in cui ha raggiunto l\u2019apice della sua arte fotografica e narrativa.<\/p>\n<p>Inoltre, un riconoscimento speciale \u00e8 stato assegnato dal direttivo a due soci molto attivi, Valentina Costante e Carmelo Molino \u201cper aver supportato l\u2019Associazione con la loro assidua presenza, trasformando le loro idee in immagini che raccontano il quotidiano con un punto di vista originale ed emozionante\u201d.<\/p>\n<p>Durante la serata, in un video storytelling sono stati mostrati gli scatti pi\u00f9 significativi dei soci che hanno partecipato agli eventi del 2024 e il presidente, Mario Pollino, ha voluto evidenziare la partecipazione dell\u2019AFI011 al progetto \u201cRoccalumera-Citt\u00e0 del folklore\u201d ringraziando il presidente della Proloco, Angelo Triolo, e i rappresentanti delle associazioni di <img loading=\"lazy\" class=\"size-medium wp-image-53299 alignleft\" src=\"https:\/\/www.radioempire.it\/wp-content\/uploads\/2025\/01\/ROCCALUMERA-PROLOCO-E-FOLK-1-300x225.jpg\" alt=\"\" width=\"300\" height=\"225\" srcset=\"https:\/\/www.radioempire.it\/wp-content\/uploads\/2025\/01\/ROCCALUMERA-PROLOCO-E-FOLK-1-300x225.jpg 300w, https:\/\/www.radioempire.it\/wp-content\/uploads\/2025\/01\/ROCCALUMERA-PROLOCO-E-FOLK-1.jpg 700w\" sizes=\"(max-width: 300px) 100vw, 300px\" \/><img loading=\"lazy\" class=\"size-medium wp-image-53303 alignleft\" src=\"https:\/\/www.radioempire.it\/wp-content\/uploads\/2025\/01\/PREMIO-VALENTINA-E-CARMELO-1-300x225.jpg\" alt=\"\" width=\"300\" height=\"225\" srcset=\"https:\/\/www.radioempire.it\/wp-content\/uploads\/2025\/01\/PREMIO-VALENTINA-E-CARMELO-1-300x225.jpg 300w, https:\/\/www.radioempire.it\/wp-content\/uploads\/2025\/01\/PREMIO-VALENTINA-E-CARMELO-1.jpg 700w\" sizes=\"(max-width: 300px) 100vw, 300px\" \/><img loading=\"lazy\" class=\"size-medium wp-image-53300 alignleft\" src=\"https:\/\/www.radioempire.it\/wp-content\/uploads\/2025\/01\/PUBBLICO-1AA-300x225.jpg\" alt=\"\" width=\"300\" height=\"225\" srcset=\"https:\/\/www.radioempire.it\/wp-content\/uploads\/2025\/01\/PUBBLICO-1AA-300x225.jpg 300w, https:\/\/www.radioempire.it\/wp-content\/uploads\/2025\/01\/PUBBLICO-1AA.jpg 700w\" sizes=\"(max-width: 300px) 100vw, 300px\" \/>musica popolare della cittadina (Canterini della Riviera Jonica e Triskelion), presente Francesco Fam\u00e0.<\/p>\n<p>Infine, il vicepresidente Salvatore Iraci Sareri ha presentato il programma 2025 in cui sono previsti a partire dal prossimo marted\u00ec, presso la struttura santateresina, lezioni settimanali teoriche e pratiche, esercitazioni e uscite didattiche.<\/p>\n<p>Ha portato il saluto di S. Teresa di Riva il vicesindaco Annalisa Miano, elogiando l\u2019associazione per l\u2019ottima organizzazione delle attivit\u00e0 realizzate e il qualificato impegno dei soci nel contesto socio-culturale del territorio.<\/p>\n<p>Erano presenti tra l\u2019altro i rappresentanti delle associazioni AVIS e Lions Club di S.Teresa di Riva, \u00a0di Taoclick, CINIT, Studio Quattro, Arcipelago Sicilia e, in particolare, si \u00e8 vista la gradita presenza di Enrico Borrometi.<\/p>\n<p>Prima del brindisi finale la consegna di attestati ai corsisti del 2024 e un segnalibro a tutti i presenti a ricordo della serata.<\/p>\n<p><strong><em>L\u2019Addetto stampa AFI011<\/em><\/strong><\/p>\n","protected":false},"excerpt":{"rendered":"<p>(S. Teresa di Riva) \u2013 Un numeroso pubblico formato da appassionati di fotografia e da rappresentanti di enti e associazioni, ha partecipato all\u2019inaugurazione dell\u2019anno sociale dell\u2019AFI011 svoltosi domenica scorsa nel<\/p>\n<div><a class=\"permalink\" href=\"https:\/\/www.radioempire.it\/index.php\/2025\/01\/15\/all-inaugurazione-dellanno-sociale-dellafi011-grandi-emozioni-con-mostre-video-riconoscimenti-e-premio-ad-alessandro-mancuso\/\">Read More&#8230;<\/a><\/div>\n","protected":false},"author":2,"featured_media":53298,"comment_status":"closed","ping_status":"closed","sticky":false,"template":"","format":"standard","meta":[],"categories":[3,36],"tags":[],"_links":{"self":[{"href":"https:\/\/www.radioempire.it\/index.php\/wp-json\/wp\/v2\/posts\/53297"}],"collection":[{"href":"https:\/\/www.radioempire.it\/index.php\/wp-json\/wp\/v2\/posts"}],"about":[{"href":"https:\/\/www.radioempire.it\/index.php\/wp-json\/wp\/v2\/types\/post"}],"author":[{"embeddable":true,"href":"https:\/\/www.radioempire.it\/index.php\/wp-json\/wp\/v2\/users\/2"}],"replies":[{"embeddable":true,"href":"https:\/\/www.radioempire.it\/index.php\/wp-json\/wp\/v2\/comments?post=53297"}],"version-history":[{"count":1,"href":"https:\/\/www.radioempire.it\/index.php\/wp-json\/wp\/v2\/posts\/53297\/revisions"}],"predecessor-version":[{"id":53304,"href":"https:\/\/www.radioempire.it\/index.php\/wp-json\/wp\/v2\/posts\/53297\/revisions\/53304"}],"wp:featuredmedia":[{"embeddable":true,"href":"https:\/\/www.radioempire.it\/index.php\/wp-json\/wp\/v2\/media\/53298"}],"wp:attachment":[{"href":"https:\/\/www.radioempire.it\/index.php\/wp-json\/wp\/v2\/media?parent=53297"}],"wp:term":[{"taxonomy":"category","embeddable":true,"href":"https:\/\/www.radioempire.it\/index.php\/wp-json\/wp\/v2\/categories?post=53297"},{"taxonomy":"post_tag","embeddable":true,"href":"https:\/\/www.radioempire.it\/index.php\/wp-json\/wp\/v2\/tags?post=53297"}],"curies":[{"name":"wp","href":"https:\/\/api.w.org\/{rel}","templated":true}]}}