{"id":53436,"date":"2025-01-24T13:41:57","date_gmt":"2025-01-24T13:41:57","guid":{"rendered":"https:\/\/www.radioempire.it\/?p=53436"},"modified":"2025-01-24T13:41:57","modified_gmt":"2025-01-24T13:41:57","slug":"giornata-della-memoria-2025-lunedi-27-gennaio-a-palazzo-dei-leoni-convegno-dal-titolo-larte-nei-campi-di-concentramento","status":"publish","type":"post","link":"https:\/\/www.radioempire.it\/index.php\/2025\/01\/24\/giornata-della-memoria-2025-lunedi-27-gennaio-a-palazzo-dei-leoni-convegno-dal-titolo-larte-nei-campi-di-concentramento\/","title":{"rendered":"Giornata della memoria 2025: luned\u00ec 27 gennaio, a Palazzo dei Leoni, convegno dal titolo &#8220;L&#8217;arte nei campi di concentramento&#8221;"},"content":{"rendered":"<p>La Citt\u00e0 Metropolitana di Messina celebrer\u00e0 il &#8220;Giorno della Memoria&#8221;con l&#8217;evento dal titolo &#8220;L&#8217;arte nei campi di concentramento&#8221;, in programma luned\u00ec 27 gennaio 2025, alle ore 10:00, nel Salone degli Specchi di Palazzo dei Leoni.<\/p>\n<p>L&#8217;incontro costituir\u00e0 un&#8217;occasione per analizzare le attivit\u00e0 artistiche che venivano realizzate, in quegli anni di persecuzioni, nei campi di concentramento e nei ghetti.<\/p>\n<p>&#8220;Anche quest&#8217;anno la Citt\u00e0 Metropolitana di Messina vuole contribuire a ricordare un periodo oscuro per l&#8217;intera umanit\u00e0 &#8211; ha precisato il sindaco metropolitano Basile \u2013 affinch\u00e8 anche le nuove generazioni siano sensibilizzate sul tema della tolleranza e della convivenza tra popoli. Far conoscere ai giovani i tragici eventi storici che hanno contrassegnato la prima met\u00e0 del secolo scorso \u00e8 essenziale per poter aspirare ad una futura societ\u00e0 fondata sui valori della pace e della fratellanza&#8221;.<\/p>\n<p>&nbsp;<\/p>\n<p><strong>Il Responsabile dell\u2019Ufficio Comunicazione Istituzionale<\/strong><\/p>\n<p><strong>Dott. Giuseppe Span\u00f2<\/strong><\/p>\n<p>&nbsp;<\/p>\n<p><strong>Il Responsabile del Servizio Gabinetto Istituzionale<\/strong><\/p>\n<p><strong>Ing. G. Maggioloti<\/strong><\/p>\n","protected":false},"excerpt":{"rendered":"<p>La Citt\u00e0 Metropolitana di Messina celebrer\u00e0 il &#8220;Giorno della Memoria&#8221;con l&#8217;evento dal titolo &#8220;L&#8217;arte nei campi di concentramento&#8221;, in programma luned\u00ec 27 gennaio 2025, alle ore 10:00, nel Salone degli<\/p>\n<div><a class=\"permalink\" href=\"https:\/\/www.radioempire.it\/index.php\/2025\/01\/24\/giornata-della-memoria-2025-lunedi-27-gennaio-a-palazzo-dei-leoni-convegno-dal-titolo-larte-nei-campi-di-concentramento\/\">Read More&#8230;<\/a><\/div>\n","protected":false},"author":2,"featured_media":53438,"comment_status":"closed","ping_status":"closed","sticky":false,"template":"","format":"standard","meta":[],"categories":[36,78],"tags":[],"_links":{"self":[{"href":"https:\/\/www.radioempire.it\/index.php\/wp-json\/wp\/v2\/posts\/53436"}],"collection":[{"href":"https:\/\/www.radioempire.it\/index.php\/wp-json\/wp\/v2\/posts"}],"about":[{"href":"https:\/\/www.radioempire.it\/index.php\/wp-json\/wp\/v2\/types\/post"}],"author":[{"embeddable":true,"href":"https:\/\/www.radioempire.it\/index.php\/wp-json\/wp\/v2\/users\/2"}],"replies":[{"embeddable":true,"href":"https:\/\/www.radioempire.it\/index.php\/wp-json\/wp\/v2\/comments?post=53436"}],"version-history":[{"count":1,"href":"https:\/\/www.radioempire.it\/index.php\/wp-json\/wp\/v2\/posts\/53436\/revisions"}],"predecessor-version":[{"id":53439,"href":"https:\/\/www.radioempire.it\/index.php\/wp-json\/wp\/v2\/posts\/53436\/revisions\/53439"}],"wp:featuredmedia":[{"embeddable":true,"href":"https:\/\/www.radioempire.it\/index.php\/wp-json\/wp\/v2\/media\/53438"}],"wp:attachment":[{"href":"https:\/\/www.radioempire.it\/index.php\/wp-json\/wp\/v2\/media?parent=53436"}],"wp:term":[{"taxonomy":"category","embeddable":true,"href":"https:\/\/www.radioempire.it\/index.php\/wp-json\/wp\/v2\/categories?post=53436"},{"taxonomy":"post_tag","embeddable":true,"href":"https:\/\/www.radioempire.it\/index.php\/wp-json\/wp\/v2\/tags?post=53436"}],"curies":[{"name":"wp","href":"https:\/\/api.w.org\/{rel}","templated":true}]}}