{"id":53494,"date":"2025-01-28T17:13:59","date_gmt":"2025-01-28T17:13:59","guid":{"rendered":"https:\/\/www.radioempire.it\/?p=53494"},"modified":"2025-01-28T17:13:59","modified_gmt":"2025-01-28T17:13:59","slug":"danza-antica-di-antonio-raciti-vince-il-contest-fotografico-vite-tra-vino-e-vulcano-la-premiazione-a-cantine-patria","status":"publish","type":"post","link":"https:\/\/www.radioempire.it\/index.php\/2025\/01\/28\/danza-antica-di-antonio-raciti-vince-il-contest-fotografico-vite-tra-vino-e-vulcano-la-premiazione-a-cantine-patria\/","title":{"rendered":"\u2018Danza antica\u2019 di Antonio Raciti vince il contest fotografico \u2018Vite, tra vino e vulcano\u2019. La premiazione a Cantine Patria."},"content":{"rendered":"<p>Con lo scatto \u2018Danza antica\u2019, che ritrae un momento della tradizionale pigiatura dell\u2019uva, Antonio Raciti, 66enne di Zafferana Etnea, farmacista e fotografo per passione, si \u00e8 aggiudicato la prima edizione del concorso di fotografia, dal tema \u201c<em>Vite<\/em>, tra Vino e Vulcano\u201d, organizzato dall\u2019associazione culturale Jean Monnet in collaborazione con Cantine Patria. \u2018Una fotografia\u00a0che\u00a0coniuga,\u00a0mediante un sapiente\u00a0contrasto di luce,\u00a0il messaggio legato al\u00a0contest\u00a0per cui\u00a0il vino non \u00e8 soltanto un dono della vite, ma un simbolo vivo di cultura, comunit\u00e0 e resilienza. I colori intensi e vibranti dell\u2019uva\u00a0evocano il calore pulsante della terra vulcanica,\u00a0mentre la pigiatura evoca\u00a0una storia di\u00a0lavoro e\u00a0di tradizione;\u00a0la composizione svela un equilibrio perfetto tra tecnica ed\u00a0emozione\u201d. Con questa motivazione la giuria, composta da Carmen Cardillo, docente di fotografia presso l\u2019Accademia delle Belle Arti di Catania, Alberto Cicero, gi\u00e0 caporedattore del quotidiano La Sicilia, Bernardo Di Miceli, titolare di Cantine Patria, Egidio Incorpora, corrispondente del quotidiano La Sicilia, e Daniele Vita, fotografo professionista, ha assegnato il primo premio.<\/p>\n<p><img loading=\"lazy\" class=\"size-medium wp-image-53496 alignleft\" src=\"https:\/\/www.radioempire.it\/wp-content\/uploads\/2025\/01\/Antonio-Raciti-e-la-foto-Danza-antica-300x225.jpg\" alt=\"\" width=\"300\" height=\"225\" srcset=\"https:\/\/www.radioempire.it\/wp-content\/uploads\/2025\/01\/Antonio-Raciti-e-la-foto-Danza-antica-300x225.jpg 300w, https:\/\/www.radioempire.it\/wp-content\/uploads\/2025\/01\/Antonio-Raciti-e-la-foto-Danza-antica-768x576.jpg 768w, https:\/\/www.radioempire.it\/wp-content\/uploads\/2025\/01\/Antonio-Raciti-e-la-foto-Danza-antica.jpg 1024w\" sizes=\"(max-width: 300px) 100vw, 300px\" \/><\/p>\n<p>La cerimonia di premiazione, alla presenza dei finalisti, si \u00e8 svolta nella bottaia in Rovere di Slavonia, uno dei luoghi pi\u00f9 iconici della tenuta di Cantine Patria, dove \u00e8 stata allestita la mostra che rester\u00e0 visitabile per tutto il 2025. \u201cSono molto emozionato \u2013 ha detto Antonio Raciti \u2013 Non pensavo di vincere e, onestamente, inizialmente non volevo neanche partecipare perch\u00e9 la fotografia \u00e8 una cosa talmente soggettiva che partecipare a un contest \u00e8 sempre un terno al lotto. Mi piace per\u00f2 tramandare le antiche tradizioni perch\u00e9 le ho vissute e so che chi verr\u00e0 dopo, se non le vedr\u00e0 in fotografia o in video, le dimenticher\u00e0\u201d. Secondo posto per Maximilian Costa di Mandanici (ME) con la foto \u2018Eredit\u00e0 vulcanica: tracce di memoria\u2019. Infine, ad aggiudicarsi il terzo posto \u00e8 stato Marco Divitini di Teramo con la foto \u2018Vigna Cornelissen\u2019 (Infrared).<\/p>\n<p>&nbsp;<\/p>\n<p>Il concorso fotografico, che ha visto la partecipazione di appassionati di fotografia di tutte le et\u00e0 da diverse province della Sicilia, ma anche da Lombardia, Emilia-Romagna, Abruzzo e Campania, si inserisce in una pi\u00f9 ampia attivit\u00e0 avviata da alcuni anni da Cantine Patria per valorizzare il ricco patrimonio culturale e naturalistico etneo. \u201cSiamo soddisfatti di questa prima edizione, che vogliamo far crescere nel corso degli anni \u2013 ha detto Bernardo Di Miceli \u2013 Non \u00e8 stato semplice selezionare le foto vincitrici perch\u00e9 diverse, tra quelle arrivate, erano davvero interessanti e originali. Questo contest fotografico si inserisce in un pi\u00f9 ampio percorso culturale che la nostra azienda ha avviato da alcuni anni, con l\u2019organizzazione di eventi, mostre e concerti, per valorizzare il nostro territorio unico, legato indissolubilmente all\u2019Etna, e per incoraggiare la comunit\u00e0 locale a prendere coscienza e ad apprezzare maggiormente \u2013 conclude &#8211; il patrimonio culturale e naturalistico condiviso\u201d.<\/p>\n<p><strong>U.S. Maria Bella<\/strong><\/p>\n<p><strong>3284176181<\/strong><\/p>\n<p><strong>Tessera Odg N\u00b0 073783<\/strong><\/p>\n<p>&nbsp;<\/p>\n<p>&nbsp;<\/p>\n<p>&nbsp;<\/p>\n<p>&nbsp;<\/p>\n<p>&nbsp;<\/p>\n","protected":false},"excerpt":{"rendered":"<p>Con lo scatto \u2018Danza antica\u2019, che ritrae un momento della tradizionale pigiatura dell\u2019uva, Antonio Raciti, 66enne di Zafferana Etnea, farmacista e fotografo per passione, si \u00e8 aggiudicato la prima edizione<\/p>\n<div><a class=\"permalink\" href=\"https:\/\/www.radioempire.it\/index.php\/2025\/01\/28\/danza-antica-di-antonio-raciti-vince-il-contest-fotografico-vite-tra-vino-e-vulcano-la-premiazione-a-cantine-patria\/\">Read More&#8230;<\/a><\/div>\n","protected":false},"author":2,"featured_media":53495,"comment_status":"closed","ping_status":"closed","sticky":false,"template":"","format":"standard","meta":[],"categories":[3,36],"tags":[],"_links":{"self":[{"href":"https:\/\/www.radioempire.it\/index.php\/wp-json\/wp\/v2\/posts\/53494"}],"collection":[{"href":"https:\/\/www.radioempire.it\/index.php\/wp-json\/wp\/v2\/posts"}],"about":[{"href":"https:\/\/www.radioempire.it\/index.php\/wp-json\/wp\/v2\/types\/post"}],"author":[{"embeddable":true,"href":"https:\/\/www.radioempire.it\/index.php\/wp-json\/wp\/v2\/users\/2"}],"replies":[{"embeddable":true,"href":"https:\/\/www.radioempire.it\/index.php\/wp-json\/wp\/v2\/comments?post=53494"}],"version-history":[{"count":1,"href":"https:\/\/www.radioempire.it\/index.php\/wp-json\/wp\/v2\/posts\/53494\/revisions"}],"predecessor-version":[{"id":53497,"href":"https:\/\/www.radioempire.it\/index.php\/wp-json\/wp\/v2\/posts\/53494\/revisions\/53497"}],"wp:featuredmedia":[{"embeddable":true,"href":"https:\/\/www.radioempire.it\/index.php\/wp-json\/wp\/v2\/media\/53495"}],"wp:attachment":[{"href":"https:\/\/www.radioempire.it\/index.php\/wp-json\/wp\/v2\/media?parent=53494"}],"wp:term":[{"taxonomy":"category","embeddable":true,"href":"https:\/\/www.radioempire.it\/index.php\/wp-json\/wp\/v2\/categories?post=53494"},{"taxonomy":"post_tag","embeddable":true,"href":"https:\/\/www.radioempire.it\/index.php\/wp-json\/wp\/v2\/tags?post=53494"}],"curies":[{"name":"wp","href":"https:\/\/api.w.org\/{rel}","templated":true}]}}