{"id":53585,"date":"2025-02-06T22:50:49","date_gmt":"2025-02-06T22:50:49","guid":{"rendered":"https:\/\/www.radioempire.it\/?p=53585"},"modified":"2025-02-06T22:50:49","modified_gmt":"2025-02-06T22:50:49","slug":"al-multisala-macherione-sud-viaggio-in-musica-e-prosa-attraverso-la-tradizione-siciliana-e-partenopea","status":"publish","type":"post","link":"https:\/\/www.radioempire.it\/index.php\/2025\/02\/06\/al-multisala-macherione-sud-viaggio-in-musica-e-prosa-attraverso-la-tradizione-siciliana-e-partenopea\/","title":{"rendered":"Al Multisala Macherione &#8220;SUD, Viaggio in Musica e Prosa attraverso la tradizione siciliana e partenopea\u201d"},"content":{"rendered":"<p><strong>Il Multisala Macherione \u00e8 pronto a partire alla volta di un fantastico \u201cViaggio in Musica e Prosa attraverso la tradizione siciliana e partenopea\u201d. Sabato 8 febbraio, alle 20:45, il palco di Fiumefreddo di Sicilia accoglier\u00e0 un incredibile spettacolo teatrale e musicale insieme.<\/strong><\/p>\n<p>Per l&#8217;ottavo appuntamento della stagione teatrale <strong>\u201dE palcoscenico sia!\u201d 2024\/2025<\/strong>, nonch\u00e9 quarto della rassegna professionisti, il <strong>Multisala Macherione<\/strong> far\u00e0 da cornice allo spettacolo <strong>\u201cSUD &#8211; Viaggio in Musica e Prosa attraverso la tradizione siciliana e partenopea\u201d<\/strong>.<br \/>\nSUD \u00e8 l&#8217;acronimo di Suoni, Umorismo e Dintorni e scaturisce dall\u2019idea del tenore <strong>Francesco La Spada<\/strong> e del pianista e compositore <strong>Giuseppe Palmeri<\/strong>. Avvezzo alla ribalta internazionale il primo, musicista di lungo corso il secondo, i due, coinvolgono nel progetto anche <strong>Giovanni Arena<\/strong> al contrabbasso e <strong>Antonio Petralia<\/strong> alla batteria. Cos\u00ec nasce \u201cSUD Viaggio musicale e teatrale attraverso l tradizione siciliana e partenopea.\u201d<br \/>\nI nocchieri della nave del prossimo sabato 8 febbraio saranno gli attori del <strong>Teatro Stabile \u201cMario Re\u201d<\/strong> di <strong>Mascalucia,<\/strong> <strong>Cettina Poma,<\/strong> <strong>Andrea Zappal\u00e0<\/strong> <strong>e<\/strong> <strong>Santo Palmeri<\/strong>, insieme ai <strong>musicisti: Francesco La Spada, Giovanni Arena, Andrea Zappal\u00e0, Rita Re e Antonio Petralia.<\/strong><\/p>\n<p>Inizialmente il titolo dello spettacolo era \u201cLe due Sicilie in musica\u201d, prendendo spunto dallo storico Regno che i nostri ideatori volevano simbolicamente riunire.<\/p>\n<p>A distanza di anni, gli ideatori rinverdiscono lo show, a partire dalla scelta di un nome ad effetto che comunicasse la novit\u00e0 del contenuto. Diventa, quindi, un viaggio in musica e parole per raccontare le due terre del sole, dei colori, del calore umano e dei sentimenti forti. Le terre dei due vulcani e del mare. Terre di cui andare fieri o fuggire. Terre che invocano pace nel tumultuoso agire quotidiano e in quello profondamente interiore e che, di certo, non conoscono vie di mezzo. L\u00e0 dove \u00e8 tutto bianco o tutto nero, questa primordiale forza si trasforma in straordinaria energia che fa emergere storie d\u2019altri tempi, come quelle che sprigionano ricordi ascoltando i canti della tradizione siciliana e partenopea.<\/p>\n<p>La voce solista e l\u2019interpretazione sono di Francesco La Spada, mentre la direzione musicale \u00e8 affidata al Maestro Giuseppe Palmeri che ha realizzato gli arrangiamenti. Una rielaborazione in chiave moderna, fra il classico e il jazz, di brani come \u201cE vui durmiti ancora\u201d e \u201c\u2018O surdato \u2018nnamurato\u201d. E ancora quella voglia di condivisione del pubblico che viene fuori, quasi in sordina, canticchiando sottovoce \u201cCiuri ciuri\u201d e \u201cO sole mio\u201d. Voci e suoni che raccontano un popolo, una comunit\u00e0, una famiglia. Uomini e donne del SUD che hanno voglia di farcela, di andare oltre. Perch\u00e9 \u00e8 la Terra ad essere legame imprescindibile. Terra che \u00e8 sinonimo di radici, talvolta amare, ma che possono ancora far crescere alberi forti.<\/p>\n<p><em>\u201cSUD \u00e8 un viaggio musicale e teatrale che af onda le radici nella tradizione siciliana e partenopea esplorando le sonorit\u00e0, i colori e le emozioni di due Terre ricche di storia e passione. <\/em>&#8211; afferma il <strong>batterista Antonio Petralia<\/strong> &#8211; <em>Condividere il palco con artisti del calibro di Francesco La Spada, Giuseppe Palmeri e Giovanni Arena significa dare vita ad un racconto sonoro che attraversa secoli di cultura e un forte senso identitario.<\/em><\/p>\n<p><em>La musica diventa voce e memoria, si fa racconto e ponte fra passato e presente, nostalgia e rinnovamento. Il nostro spettacolo \u00e8 un omaggio alla bellezza e alla complessit\u00e0 del Sud. Alla sua capacit\u00e0 di accogliere, mescolare e trasformare influenze diverse in un linguaggio universale.<\/em><\/p>\n<p><em>Sabato 8 febbraio sar\u00e0 un\u2019occasione speciale per riscoprire, attraverso le note e le parole, l\u2019Anima di queste due Terre accomunate dalla stessa luce e dallo stesso mare. Siamo felici di poter condividere questa esperienza con il pubblico di Fiumefreddo di Sicilia, nella speranza che ogni spettatore possa ritrovare un frammento della propria storia dentro il nostro racconto musicale e teatrale.\u201d<\/em> &#8211; conclude <strong>Antonio Petralia<\/strong>.<\/p>\n<p>Vi aspettiamo per salpare insieme!<\/p>\n<p>Il biglietto si pu\u00f2 acquistare anche online sul sito: www.multisalamacherione.com<br \/>\nBiglietto intero: 18 euro<br \/>\nBiglietto in prevendita (fino a gioved\u00ec 6 febbraio): 15 euro<br \/>\nRicordiamo, sempre, che \u00e8 possibile acquistare il biglietto con la Carta del Docente e la Carta Cultura.<br \/>\nDisponibile anche il servizio navetta.<br \/>\nVi aspettiamo a Teatro&#8230;dove <em>\u201c[&#8230;]tutto \u00e8 finto ma niente \u00e8 falso\u201d<\/em>.<\/p>\n","protected":false},"excerpt":{"rendered":"<p>Il Multisala Macherione \u00e8 pronto a partire alla volta di un fantastico \u201cViaggio in Musica e Prosa attraverso la tradizione siciliana e partenopea\u201d. Sabato 8 febbraio, alle 20:45, il palco<\/p>\n<div><a class=\"permalink\" href=\"https:\/\/www.radioempire.it\/index.php\/2025\/02\/06\/al-multisala-macherione-sud-viaggio-in-musica-e-prosa-attraverso-la-tradizione-siciliana-e-partenopea\/\">Read More&#8230;<\/a><\/div>\n","protected":false},"author":2,"featured_media":53586,"comment_status":"closed","ping_status":"closed","sticky":false,"template":"","format":"standard","meta":[],"categories":[3,36],"tags":[],"_links":{"self":[{"href":"https:\/\/www.radioempire.it\/index.php\/wp-json\/wp\/v2\/posts\/53585"}],"collection":[{"href":"https:\/\/www.radioempire.it\/index.php\/wp-json\/wp\/v2\/posts"}],"about":[{"href":"https:\/\/www.radioempire.it\/index.php\/wp-json\/wp\/v2\/types\/post"}],"author":[{"embeddable":true,"href":"https:\/\/www.radioempire.it\/index.php\/wp-json\/wp\/v2\/users\/2"}],"replies":[{"embeddable":true,"href":"https:\/\/www.radioempire.it\/index.php\/wp-json\/wp\/v2\/comments?post=53585"}],"version-history":[{"count":1,"href":"https:\/\/www.radioempire.it\/index.php\/wp-json\/wp\/v2\/posts\/53585\/revisions"}],"predecessor-version":[{"id":53587,"href":"https:\/\/www.radioempire.it\/index.php\/wp-json\/wp\/v2\/posts\/53585\/revisions\/53587"}],"wp:featuredmedia":[{"embeddable":true,"href":"https:\/\/www.radioempire.it\/index.php\/wp-json\/wp\/v2\/media\/53586"}],"wp:attachment":[{"href":"https:\/\/www.radioempire.it\/index.php\/wp-json\/wp\/v2\/media?parent=53585"}],"wp:term":[{"taxonomy":"category","embeddable":true,"href":"https:\/\/www.radioempire.it\/index.php\/wp-json\/wp\/v2\/categories?post=53585"},{"taxonomy":"post_tag","embeddable":true,"href":"https:\/\/www.radioempire.it\/index.php\/wp-json\/wp\/v2\/tags?post=53585"}],"curies":[{"name":"wp","href":"https:\/\/api.w.org\/{rel}","templated":true}]}}