{"id":53663,"date":"2025-02-14T08:23:45","date_gmt":"2025-02-14T08:23:45","guid":{"rendered":"https:\/\/www.radioempire.it\/?p=53663"},"modified":"2025-02-14T08:23:45","modified_gmt":"2025-02-14T08:23:45","slug":"un-cuore-per-la-disabilita-domenica-a-catania-liniziativa-di-atelier-nel-bosco-e-rete-italiana-disabili","status":"publish","type":"post","link":"https:\/\/www.radioempire.it\/index.php\/2025\/02\/14\/un-cuore-per-la-disabilita-domenica-a-catania-liniziativa-di-atelier-nel-bosco-e-rete-italiana-disabili\/","title":{"rendered":"Un cuore per la Disabilit\u00e0, domenica a Catania l\u2019iniziativa di Atelier nel Bosco e Rete Italiana Disabili"},"content":{"rendered":"<p><em>Iniziativa aperta a tutti i bambini con disabilit\u00e0 che avranno la possibilit\u00e0 di essere coinvolti in un laboratorio di pittura immersi nella Natura. La preside Graziella Messina: \u201cUnire le forze per un mondo pi\u00f9 inclusivo\u201d.<\/em><\/p>\n<p><em>\u00a0<\/em>Arte, natura e solidariet\u00e0: un connubio perfetto nel nome dell\u2019inclusivit\u00e0. \u00c8 questo lo spirito che animer\u00e0 la giornata speciale in programma domenica 16 febbraio a partire dalle 10.30 presso Atelier nel Bosco, polo per l\u2019Infanzia con sede a Catania in via del Roveto n. 7.<\/p>\n<p><img loading=\"lazy\" class=\"size-medium wp-image-53666 alignleft\" src=\"https:\/\/www.radioempire.it\/wp-content\/uploads\/2025\/02\/Un-cuore-per-la-Disabilita_Locandina-243x300.jpeg\" alt=\"\" width=\"243\" height=\"300\" srcset=\"https:\/\/www.radioempire.it\/wp-content\/uploads\/2025\/02\/Un-cuore-per-la-Disabilita_Locandina-243x300.jpeg 243w, https:\/\/www.radioempire.it\/wp-content\/uploads\/2025\/02\/Un-cuore-per-la-Disabilita_Locandina-829x1024.jpeg 829w, https:\/\/www.radioempire.it\/wp-content\/uploads\/2025\/02\/Un-cuore-per-la-Disabilita_Locandina-768x949.jpeg 768w, https:\/\/www.radioempire.it\/wp-content\/uploads\/2025\/02\/Un-cuore-per-la-Disabilita_Locandina.jpeg 1080w\" sizes=\"(max-width: 243px) 100vw, 243px\" \/>L\u2019iniziativa sar\u00e0 aperta a tutti i bambini con disabilit\u00e0, i quali avranno la possibilit\u00e0 di essere coinvolti in un laboratorio di pittura immersi nella Natura. Potranno cos\u00ec vivere un\u2019esperienza unica per esprimere la loro creativit\u00e0 in un contesto magico e inclusivo.<\/p>\n<p>Insieme ad Atelier nel Bosco, protagonista di questa iniziativa dedicata all\u2019amore e all\u2019accoglienza sar\u00e0 Rete Italiana Disabili che oggi conta oltre 2000 sostenitori e che dal 2020 ha avviato oltre 20 progetti di integrazione sociale a supporto delle persone con disabilit\u00e0 e delle loro famiglie.<\/p>\n<p>\u201cUna iniziativa \u2013 spiega la preside di Atelier nel Bosco, Graziella Messina \u2013 che rappresenta un\u2019occasione per creare insieme un mondo pi\u00f9 accogliente e senza muri. Una giornata che \u00e8 figlia del progetto di inclusione sociale che la nostra Scuola ha lanciato qualche settimana fa e che consiste nell\u2019offrire assistenza gratuita a tutti i bambini con disabilit\u00e0 dai 0 ai 6 anni. Non vogliamo fermarci qui, il nostro percorso prosegue sulla strada verso la sensibilizzazione e l\u2019educazione alla diversit\u00e0. Una strada molto lunga e piena di ostacoli ma noi abbiamo le idee chiare su come percorrerla\u201d.<\/p>\n<p>\u201cIn occasione del fine settimana che accoglie anche la festa di San Valentino \u2013 commenta la referente regionale Sicilia di Rete Italiana Disabili, Roberta Reitano &#8211; vogliamo celebrare l\u2019amore nella sua totalit\u00e0 per far comprendere quanto sia importante amare chi \u00e8 diverso da noi perch\u00e9 la bellezza di ognuno sta proprio nella sua straordinaria unicit\u00e0\u201d.<\/p>\n<p>&nbsp;<\/p>\n<p>Per info scrivere all\u2019indirizzo:\u00a0<a href=\"mailto:ateliernelboscoinfanzia@gmail.com\">ateliernelboscoinfanzia@gmail.com<\/a><\/p>\n<p>Link per download immagini di copertura e foto:\u00a0<a href=\"https:\/\/we.tl\/t-GX2bKrmOmE?utm_campaign=TRN_TDL_05&amp;utm_source=sendgrid&amp;utm_medium=email&amp;trk=TRN_TDL_05\">https:\/\/we.tl\/t-GX2bKrmOmE<\/a><\/p>\n<p>&nbsp;<\/p>\n<p>&nbsp;<\/p>\n<p>&nbsp;<\/p>\n","protected":false},"excerpt":{"rendered":"<p>Iniziativa aperta a tutti i bambini con disabilit\u00e0 che avranno la possibilit\u00e0 di essere coinvolti in un laboratorio di pittura immersi nella Natura. La preside Graziella Messina: \u201cUnire le forze<\/p>\n<div><a class=\"permalink\" href=\"https:\/\/www.radioempire.it\/index.php\/2025\/02\/14\/un-cuore-per-la-disabilita-domenica-a-catania-liniziativa-di-atelier-nel-bosco-e-rete-italiana-disabili\/\">Read More&#8230;<\/a><\/div>\n","protected":false},"author":2,"featured_media":53667,"comment_status":"closed","ping_status":"closed","sticky":false,"template":"","format":"standard","meta":[],"categories":[3,36],"tags":[],"_links":{"self":[{"href":"https:\/\/www.radioempire.it\/index.php\/wp-json\/wp\/v2\/posts\/53663"}],"collection":[{"href":"https:\/\/www.radioempire.it\/index.php\/wp-json\/wp\/v2\/posts"}],"about":[{"href":"https:\/\/www.radioempire.it\/index.php\/wp-json\/wp\/v2\/types\/post"}],"author":[{"embeddable":true,"href":"https:\/\/www.radioempire.it\/index.php\/wp-json\/wp\/v2\/users\/2"}],"replies":[{"embeddable":true,"href":"https:\/\/www.radioempire.it\/index.php\/wp-json\/wp\/v2\/comments?post=53663"}],"version-history":[{"count":1,"href":"https:\/\/www.radioempire.it\/index.php\/wp-json\/wp\/v2\/posts\/53663\/revisions"}],"predecessor-version":[{"id":53668,"href":"https:\/\/www.radioempire.it\/index.php\/wp-json\/wp\/v2\/posts\/53663\/revisions\/53668"}],"wp:featuredmedia":[{"embeddable":true,"href":"https:\/\/www.radioempire.it\/index.php\/wp-json\/wp\/v2\/media\/53667"}],"wp:attachment":[{"href":"https:\/\/www.radioempire.it\/index.php\/wp-json\/wp\/v2\/media?parent=53663"}],"wp:term":[{"taxonomy":"category","embeddable":true,"href":"https:\/\/www.radioempire.it\/index.php\/wp-json\/wp\/v2\/categories?post=53663"},{"taxonomy":"post_tag","embeddable":true,"href":"https:\/\/www.radioempire.it\/index.php\/wp-json\/wp\/v2\/tags?post=53663"}],"curies":[{"name":"wp","href":"https:\/\/api.w.org\/{rel}","templated":true}]}}