{"id":53697,"date":"2025-02-16T10:31:30","date_gmt":"2025-02-16T10:31:30","guid":{"rendered":"https:\/\/www.radioempire.it\/?p=53697"},"modified":"2025-02-16T10:31:30","modified_gmt":"2025-02-16T10:31:30","slug":"grande-partecipazione-allincontro-promosso-dalla-senatrice-dafne-musolino-con-il-supporto-di-ninni-petrella-presidente-di-partiamo-da-qui","status":"publish","type":"post","link":"https:\/\/www.radioempire.it\/index.php\/2025\/02\/16\/grande-partecipazione-allincontro-promosso-dalla-senatrice-dafne-musolino-con-il-supporto-di-ninni-petrella-presidente-di-partiamo-da-qui\/","title":{"rendered":"Grande partecipazione all\u2019incontro promosso dalla Senatrice Dafne Musolino con il supporto di Ninni Petrella, Presidente di \u201cPartiamo da Qui\u201d"},"content":{"rendered":"<p><span style=\"font-family: Times New Roman, serif;\"><span style=\"font-size: medium;\"><i>&#8220;La Messina che vorrei\u2026 La Messina che vogliamo\u2026&#8221; questo l\u2019incontro pubblico promosso dalla Senatrice Dafne Musolino, che non ha mai perso di vista la sua citt\u00e0.<\/i><\/span><\/span><\/p>\n<p><span style=\"font-family: Times New Roman, serif;\"><span style=\"font-size: medium;\"><b>Una sala Pegaso gremita ha accolto sabato 15 febbraio il dibattito pubblico &#8220;La Messina che vorrei\u2026 La Messina che vogliamo\u2026&#8221;, promosso dalla Senatrice di Italia Viva Dafne Musolino con il supporto dell\u2019Avv. Ninni Petrella, Presidente del Movimento Politico Culturale \u201cPartiamo da Qui\u201d.<\/b><\/span><\/span><\/p>\n<p><span style=\"font-family: Times New Roman, serif;\"><span style=\"font-size: medium;\">Al tavolo dei relatori erano presenti il <\/span><\/span><span style=\"font-family: Times New Roman, serif;\"><span style=\"font-size: medium;\"><b>Prof. Fabrizio Micari<\/b><\/span><\/span><span style=\"font-family: Times New Roman, serif;\"><span style=\"font-size: medium;\">, gi\u00e0 rettore dell\u2019Universit\u00e0 degli Studi di Palermo e componente della cabina di regia regionale di Italia Viva, <\/span><\/span><span style=\"font-family: Times New Roman, serif;\"><span style=\"font-size: medium;\"><b>Avv.<\/b><\/span><\/span> <span style=\"font-family: Times New Roman, serif;\"><span style=\"font-size: medium;\"><b>Ninni Petrella Presidente<\/b><\/span><\/span><span style=\"font-family: Times New Roman, serif;\"><span style=\"font-size: medium;\"> del Movimento Politico Culturale \u201cPartiamo da Qui\u201d e la <\/span><\/span><span style=\"font-family: Times New Roman, serif;\"><span style=\"font-size: medium;\"><b>Senatrice Dafne Musolino<\/b><\/span><\/span><span style=\"font-family: Times New Roman, serif;\"><span style=\"font-size: medium;\">.<\/span><\/span><\/p>\n<p><span style=\"font-family: Times New Roman, serif;\"><span style=\"font-size: medium;\">Hanno preso la parola personalit\u00e0 di spicco del panorama politico, accademico e sindacale: <\/span><\/span><span style=\"font-family: Times New Roman, serif;\"><span style=\"font-size: medium;\"><b>l\u2019Ing. Gaetano Sciacca<\/b><\/span><\/span><span style=\"font-family: Times New Roman, serif;\"><span style=\"font-size: medium;\">, gi\u00e0 Ingegnere Capo del Genio Civile di Messina e presidente del Comitato 3S; <\/span><\/span><span style=\"font-family: Times New Roman, serif;\"><span style=\"font-size: medium;\"><b>l\u2019Arch. Nino Principato<\/b><\/span><\/span><span style=\"font-family: Times New Roman, serif;\"><span style=\"font-size: medium;\">, gi\u00e0 componente del CdA del Teatro Vittorio Emanuele e profondo conoscitore della storia e del patrimonio architettonico della citt\u00e0; <\/span><\/span><span style=\"font-family: Times New Roman, serif;\"><span style=\"font-size: medium;\"><b>Lillo D\u2019Amico<\/b><\/span><\/span><span style=\"font-family: Times New Roman, serif;\"><span style=\"font-size: medium;\">, segretario provinciale della FIT Cisl; <\/span><\/span><span style=\"font-family: Times New Roman, serif;\"><span style=\"font-size: medium;\"><b>Renato Coletta<\/b><\/span><\/span><span style=\"font-family: Times New Roman, serif;\"><span style=\"font-size: medium;\">, consigliere della IV municipalit\u00e0 di Messina.<\/span><\/span><\/p>\n<p><span style=\"font-family: Times New Roman, serif;\"><span style=\"font-size: medium;\">Nel suo intervento, la Senatrice Dafne Musolino, cuore pulsante dell\u2019incontro, ha ribadito la necessit\u00e0 di un cambio di passo nell\u2019amministrazione cittadina, denunciando le criticit\u00e0 che Messina affronta: la crisi economica, lo spopolamento, il disagio giovanile, la gestione dei servizi sociali, le competenze all\u2019interno dell\u2019amministrazione e la mancanza di un confronto costruttivo tra istituzioni e cittadini.<\/span><\/span><\/p>\n<p><span style=\"font-family: Times New Roman, serif;\"><span style=\"font-size: medium;\">\u00abLa ragione per la quale ho deciso di promuovere questo incontro nasce dalla convinzione che in questa citt\u00e0 si sia smarrito da tempo il senso del confronto pubblico. L\u2019auspicio \u00e8 quello di inaugurare una nuova stagione politica che restituisca ai cittadini la voce che finora si \u00e8 affievolita fino quasi a diventare un indistinto mormorio, per promuovere un dialogo che ritengo sia la prima e migliore espressione della democrazia intesa nella sua accezione etimologica primaria: il potere del popolo!\u00bb <\/span><\/span><span style=\"font-family: Times New Roman, serif;\"><span style=\"font-size: medium;\"><b>ha affermato Musolino<\/b><\/span><\/span><span style=\"font-family: Times New Roman, serif;\"><span style=\"font-size: medium;\">.<\/span><\/span><\/p>\n<p><span style=\"font-family: Times New Roman, serif;\"><span style=\"font-size: medium;\">La Senatrice ha poi sottolineato l\u2019importanza dell\u2019impegno collettivo per rilanciare la citt\u00e0: \u00abIo ci sono, intendo prendermi cura di Messina e risolvere i problemi che la stanno soffocando. Ma per farlo \u00e8 necessario l\u2019aiuto di tutti voi, perch\u00e9 non ho mai creduto al modello del \u2018salvatore della patria\u2019 o del cavaliere solitario. Le grandi azioni sono possibili solo quando si crea una comunit\u00e0 che lavora insieme per il cambiamento e per lo sviluppo economico, sociale e culturale\u00bb.<\/span><\/span><\/p>\n<p><span style=\"font-family: Times New Roman, serif;\"><span style=\"font-size: medium;\"><b>Petrella<\/b><\/span><\/span><span style=\"font-family: Times New Roman, serif;\"><span style=\"font-size: medium;\"> ha ribadito con forza la necessit\u00e0 di una nuova visione per la citt\u00e0, rilanciando l\u2019idea di una leadership capace di affrontare le sfide attuali con concretezza e determinazione.<\/span><\/span><\/p>\n<p><span style=\"font-family: Times New Roman, serif;\"><span style=\"font-size: medium;\">\u00abMessina ha bisogno di una guida autorevole, competente e determinata. Per questo, durante una recente intervista, ho lanciato la sfida di vedere Dafne Musolino candidata a sindaco della nostra citt\u00e0. La sua esperienza, la sua conoscenza delle dinamiche amministrative e la sua capacit\u00e0 di dialogo con i cittadini rappresentano le basi per un progetto politico solido e innovativo. Non basta denunciare i problemi, bisogna affrontarli con soluzioni concrete e una visione chiara. Il nostro obiettivo \u00e8 costruire una Messina che offra opportunit\u00e0 ai giovani, tuteli i lavoratori, valorizzi il suo patrimonio e garantisca servizi efficienti. E questo \u00e8 possibile solo con una leadership capace di ascoltare e agire\u00bb ha dichiarato Petrella.<\/span><\/span><\/p>\n<p><span style=\"font-family: Times New Roman, serif;\"><span style=\"font-size: medium;\">L\u2019incontro si \u00e8 concluso con l\u2019annuncio di nuovi appuntamenti futuri da parte della <\/span><\/span><span style=\"font-family: Times New Roman, serif;\"><span style=\"font-size: medium;\"><b>Senatrice Dafne Musolino<\/b><\/span><\/span><span style=\"font-family: Times New Roman, serif;\"><span style=\"font-size: medium;\">: \u00abQuesto \u00e8 solo il primo degli incontri che ho intenzione di organizzare con i miei concittadini. Lavoreremo insieme per realizzare la Messina che vogliamo\u00bb<\/span><\/span><\/p>\n<p><span style=\"font-family: Times New Roman, serif;\"><span style=\"font-size: medium;\">Un messaggio chiaro, accolto con entusiasmo dai presenti, che segna l\u2019inizio di un percorso di dialogo e partecipazione attiva per il futuro della citt\u00e0.<\/span><\/span><\/p>\n","protected":false},"excerpt":{"rendered":"<p>&#8220;La Messina che vorrei\u2026 La Messina che vogliamo\u2026&#8221; questo l\u2019incontro pubblico promosso dalla Senatrice Dafne Musolino, che non ha mai perso di vista la sua citt\u00e0. Una sala Pegaso gremita<\/p>\n<div><a class=\"permalink\" href=\"https:\/\/www.radioempire.it\/index.php\/2025\/02\/16\/grande-partecipazione-allincontro-promosso-dalla-senatrice-dafne-musolino-con-il-supporto-di-ninni-petrella-presidente-di-partiamo-da-qui\/\">Read More&#8230;<\/a><\/div>\n","protected":false},"author":2,"featured_media":53698,"comment_status":"closed","ping_status":"closed","sticky":false,"template":"","format":"standard","meta":[],"categories":[3,36],"tags":[],"_links":{"self":[{"href":"https:\/\/www.radioempire.it\/index.php\/wp-json\/wp\/v2\/posts\/53697"}],"collection":[{"href":"https:\/\/www.radioempire.it\/index.php\/wp-json\/wp\/v2\/posts"}],"about":[{"href":"https:\/\/www.radioempire.it\/index.php\/wp-json\/wp\/v2\/types\/post"}],"author":[{"embeddable":true,"href":"https:\/\/www.radioempire.it\/index.php\/wp-json\/wp\/v2\/users\/2"}],"replies":[{"embeddable":true,"href":"https:\/\/www.radioempire.it\/index.php\/wp-json\/wp\/v2\/comments?post=53697"}],"version-history":[{"count":1,"href":"https:\/\/www.radioempire.it\/index.php\/wp-json\/wp\/v2\/posts\/53697\/revisions"}],"predecessor-version":[{"id":53699,"href":"https:\/\/www.radioempire.it\/index.php\/wp-json\/wp\/v2\/posts\/53697\/revisions\/53699"}],"wp:featuredmedia":[{"embeddable":true,"href":"https:\/\/www.radioempire.it\/index.php\/wp-json\/wp\/v2\/media\/53698"}],"wp:attachment":[{"href":"https:\/\/www.radioempire.it\/index.php\/wp-json\/wp\/v2\/media?parent=53697"}],"wp:term":[{"taxonomy":"category","embeddable":true,"href":"https:\/\/www.radioempire.it\/index.php\/wp-json\/wp\/v2\/categories?post=53697"},{"taxonomy":"post_tag","embeddable":true,"href":"https:\/\/www.radioempire.it\/index.php\/wp-json\/wp\/v2\/tags?post=53697"}],"curies":[{"name":"wp","href":"https:\/\/api.w.org\/{rel}","templated":true}]}}