{"id":53764,"date":"2025-02-20T19:36:06","date_gmt":"2025-02-20T19:36:06","guid":{"rendered":"https:\/\/www.radioempire.it\/?p=53764"},"modified":"2025-02-20T19:36:06","modified_gmt":"2025-02-20T19:36:06","slug":"la-48-catania-etna-entra-nella-fase-operativa-oggi-laccordo-tra-lautomobile-club-catania-e-sicilia-promo-sport","status":"publish","type":"post","link":"https:\/\/www.radioempire.it\/index.php\/2025\/02\/20\/la-48-catania-etna-entra-nella-fase-operativa-oggi-laccordo-tra-lautomobile-club-catania-e-sicilia-promo-sport\/","title":{"rendered":"La 48^ Catania &#8211; Etna entra nella fase operativa, oggi l\u2019accordo tra l\u2019Automobile Club Catania e Sicilia Promo Sport."},"content":{"rendered":"<p><strong>Si svolger\u00e0 dal 13 al 15 giugno e sar\u00e0 4\u00b0 appuntamento del Campionato Italiano Velocit\u00e0 Montagna sud.<\/strong><\/p>\n<p>L\u2019Automobile Club Catania, presieduto dall\u2019avv. Maurizio Magnano di San Lio, \u00e8 l\u2019ente organizzatore della storica gara che torna a far rombare i motori da corsa sulle falde del vulcano pi\u00f9 alto d\u2019Europa, che talvolta ne ha decretato le sorti. La promozione e l\u2019operativit\u00e0 sul campo \u00e8 affidata a Sicilia Promo Sport capitanata da Giovanni Corsaro. L\u2019accordo \u00e8 stato siglato oggi presso l\u2019ente di via Sabotino alla presenza della Direttrice dell\u2019Ente D.ssa Rita Caruso e dell\u2019avv. Enzo Ingrassia, Presidente di \u201cCatania Rossazzurra\u201d, associazione che accentra le eccellenze della citt\u00e0 e sar\u00e0 vicina all\u2019organizzazione della 48^ Catania Etna.<\/p>\n<p>Un programma intenso, quello annunciato da organizzatori e promotori per il ritorno della competizione che \u00e8 icona sportiva del proprio territorio. L\u2019evento riserver\u00e0 diverse sorprese sotto ogni profilo. Iniziative collaterali e storie da ripercorrere tra le tante prospettive che prevede l\u2019edizione 2025 della Catania &#8211; Etna. Il programma strettamente sportivo\/agonistico si concentrer\u00e0 nei tre giorni del fine settimana del 15 giugno, con le operazioni preliminari e le verifiche nella giornata di venerd\u00ec, sabato dedicato alle ricognizioni dei 7,5 Km, che ricalcano le parti pi\u00f9 famose del percorso nato 101 anni fa; domenica il clou con le due gare che delineeranno le classifiche e colui che con il propio nome arricchir\u00e0 uno dei pi\u00f9 blasonati albi d\u2019Oro, in cui si leggono anche Eugenio Castellotti, Piero Taruffi, Maria Teresa De Filippis, unica dama a vincere la corsa, Nino Vaccarella, Domenico Scola, Enrico Grimaldi, Giovanni Cassibba ed Angelo Palazzo.<\/p>\n<p>\u201cIn questo momento sentiamo particolarmente l\u2019entusiasmo ed anche l\u2019emozione di essere ente organizzatore della gara pi\u00f9 ricca di significato per la nostra citt\u00e0 ed il nostro territorio, a cui la Federazione ed il supporto della Delegazione ACI Sport Sicilia hanno riconosciuto il titolo di Campionato Italiano Velocit\u00e0 Montagna sud &#8211; afferma il Presidente AC Catania Maurizio Magnano di San Lio &#8211; la comunione di intenti unisce lo spirito e la professionalit\u00e0 dell\u2019ente con quello della squadra proposta da Giovanni Corsaro. E\u2019 sicuramente una iniezione di energia ed una spinta a scrivere una nuova, esaltante e lungimirante pagina di sport automobilistico, unita alla consapevole responsabilit\u00e0 verso tutti i partner pubblici e privati che nutrono forti attese da una poliedrica competizione, tanto ricca di storia e prestigio\u201d.<\/p>\n<p>\u201cSicilia Promo Sport \u00e8 una realt\u00e0 che deve la nascita della propria passione alla Catania Etna, pertanto la partnership appena siglata con l\u2019AC Catania \u00e8 ulteriore carica di energia &#8211; le parole di Giovanni Corsaro &#8211; l\u2019ente presieduto dall\u2019avv. Magnano di San Lio \u00e8 certamente una garanzia assoluta di competenza e professionalit\u00e0 su cui contare in ogni fase dello sviluppo del lavoro dedicato all\u2019evento. E\u2019 tangibile quanta attenzione ci sia verso la competizione che torna dopo un periodo di sosta \u2018forzata\u2019 e quanto la stessa sia attesa. Guardare nella medesima direzione \u00e8 di certo un punto di forza che desideriamo condividere con tutti gli sportivi. Guardiamo allo sport a tutto campo e se ce ne saranno le condizioni, la Scordia &#8211; Militello sar\u00e0 un nuovo obiettivo\u201d.<\/p>\n<p>Tutte le info su <strong><a href=\"http:\/\/www.catania-etna.it\/\" data-auth=\"NotApplicable\">www.catania-etna.it<\/a> <\/strong>e sui principali social network.<\/p>\n<p>&nbsp;<\/p>\n<p>U.S.<\/p>\n<p>Maria Bella +39 3284176181 &#8211; <a href=\"mailto:bella_maria@hotmail.it\">bella_maria@hotmail.it<\/a><\/p>\n<p>Rosario Giordano +39 3346233608 &#8211; <a href=\"mailto:info@erregimedia.com\">info@erregimedia.com<\/a><\/p>\n<p>&nbsp;<\/p>\n<p>&nbsp;<\/p>\n","protected":false},"excerpt":{"rendered":"<p>Si svolger\u00e0 dal 13 al 15 giugno e sar\u00e0 4\u00b0 appuntamento del Campionato Italiano Velocit\u00e0 Montagna sud. L\u2019Automobile Club Catania, presieduto dall\u2019avv. Maurizio Magnano di San Lio, \u00e8 l\u2019ente organizzatore<\/p>\n<div><a class=\"permalink\" href=\"https:\/\/www.radioempire.it\/index.php\/2025\/02\/20\/la-48-catania-etna-entra-nella-fase-operativa-oggi-laccordo-tra-lautomobile-club-catania-e-sicilia-promo-sport\/\">Read More&#8230;<\/a><\/div>\n","protected":false},"author":2,"featured_media":53765,"comment_status":"closed","ping_status":"closed","sticky":false,"template":"","format":"standard","meta":[],"categories":[3,36],"tags":[],"_links":{"self":[{"href":"https:\/\/www.radioempire.it\/index.php\/wp-json\/wp\/v2\/posts\/53764"}],"collection":[{"href":"https:\/\/www.radioempire.it\/index.php\/wp-json\/wp\/v2\/posts"}],"about":[{"href":"https:\/\/www.radioempire.it\/index.php\/wp-json\/wp\/v2\/types\/post"}],"author":[{"embeddable":true,"href":"https:\/\/www.radioempire.it\/index.php\/wp-json\/wp\/v2\/users\/2"}],"replies":[{"embeddable":true,"href":"https:\/\/www.radioempire.it\/index.php\/wp-json\/wp\/v2\/comments?post=53764"}],"version-history":[{"count":1,"href":"https:\/\/www.radioempire.it\/index.php\/wp-json\/wp\/v2\/posts\/53764\/revisions"}],"predecessor-version":[{"id":53766,"href":"https:\/\/www.radioempire.it\/index.php\/wp-json\/wp\/v2\/posts\/53764\/revisions\/53766"}],"wp:featuredmedia":[{"embeddable":true,"href":"https:\/\/www.radioempire.it\/index.php\/wp-json\/wp\/v2\/media\/53765"}],"wp:attachment":[{"href":"https:\/\/www.radioempire.it\/index.php\/wp-json\/wp\/v2\/media?parent=53764"}],"wp:term":[{"taxonomy":"category","embeddable":true,"href":"https:\/\/www.radioempire.it\/index.php\/wp-json\/wp\/v2\/categories?post=53764"},{"taxonomy":"post_tag","embeddable":true,"href":"https:\/\/www.radioempire.it\/index.php\/wp-json\/wp\/v2\/tags?post=53764"}],"curies":[{"name":"wp","href":"https:\/\/api.w.org\/{rel}","templated":true}]}}