{"id":53840,"date":"2025-02-27T21:55:08","date_gmt":"2025-02-27T21:55:08","guid":{"rendered":"https:\/\/www.radioempire.it\/?p=53840"},"modified":"2025-02-27T21:55:08","modified_gmt":"2025-02-27T21:55:08","slug":"i-sapori-delletna","status":"publish","type":"post","link":"https:\/\/www.radioempire.it\/index.php\/2025\/02\/27\/i-sapori-delletna\/","title":{"rendered":"I SAPORI DELL&#8217;ETNA"},"content":{"rendered":"<p>Ad Acireale tutto pronto per la I edizione de \u201cI Sapori dell&#8217;Etna\u201d, il<br \/>\nprogetto promosso dall&#8217;Associazione Culturale Terramadre, in<br \/>\ncollaborazione con l&#8217;APCI &#8211; Associazione Professionale Cuochi<br \/>\nItaliani &#8211; Regione Sicilia e CONPAIT &#8211; Confederazione Pasticceri<br \/>\nItaliani, con il patrocinio della Fondazione del Carnevale di<br \/>\nAcireale.<br \/>\n<img loading=\"lazy\" class=\"size-medium wp-image-53842 alignleft\" src=\"https:\/\/www.radioempire.it\/wp-content\/uploads\/2025\/02\/i-sapori-0-225x300.jpg\" alt=\"\" width=\"225\" height=\"300\" srcset=\"https:\/\/www.radioempire.it\/wp-content\/uploads\/2025\/02\/i-sapori-0-225x300.jpg 225w, https:\/\/www.radioempire.it\/wp-content\/uploads\/2025\/02\/i-sapori-0-768x1023.jpg 768w, https:\/\/www.radioempire.it\/wp-content\/uploads\/2025\/02\/i-sapori-0.jpg 800w\" sizes=\"(max-width: 225px) 100vw, 225px\" \/>Manca poco al debutto per \u201cI Sapori dell&#8217;Etna\u201d, giovane ma gi\u00e0 maturo<br \/>\nprogetto che partendo dal focus su cibo, prodotti locali e tradizioni, ambisce a<br \/>\ndiventare contenitore multidisciplinare che coniuga: formazione,<br \/>\nintrattenimento, cultura, confronto e territorio.<br \/>\nLa manifestazione punta a valorizzare il Carnevale di Acireale, coniugando<br \/>\nla sua lunga tradizione alla gastronomia locale, con un programma di eventi<br \/>\nche promette di coinvolgere un pubblico variegato; dagli studenti degli istituti<br \/>\nalberghieri ai bambini delle scuole primarie fino ad arrivare ad appassionati di<br \/>\ncucina o semplici curiosi.<br \/>\nSi inizia venerd\u00ec 28 febbraio, dalle 10 alle 18, presso la Villa Belvedere<br \/>\ndi Acireale, nella Sala Pinella Musumeci, per un viaggio alla scoperta delle<br \/>\neccellenze gastronomiche della nostra Isola. Una giornata dedicata alla cucina<br \/>\ne ai prodotti locali, fra concorsi (uno rivolto agli Istituti Alberghieri ed uno ai<br \/>\nProfessionisti) e masterclass gratuite, guidate da Chef professionisti, allo scopo<br \/>\ndi coinvolgere attivamente il pubblico del Carnevale di Acireale offrendo<br \/>\nesperienze divertenti e formative al tempo stesso.<br \/>\n\u201cSiamo entusiasti di presentare &#8216;I Sapori dell&#8217;Etna&#8217;, un evento unico che<br \/>\nconiuga la magia del Carnevale di Acireale con la scoperta delle eccellenze<br \/>\ngastronomiche del territorio etneo. &#8211; dichiara lo Chef Rosario Leonardi,<br \/>\nPresidente Delegazione Catania dell&#8217;Associazione Professionale<br \/>\nCuochi Italiani &#8211; Il nostro obiettivo \u00e8 valorizzare il patrimonio<br \/>\nenogastronomico siciliano e contribuire al successo del Carnevale di Acireale<br \/>\n2025. Con un programma ricco di attivit\u00e0, concorsi e degustazioni, offriamo<br \/>\nun&#8217;opportunit\u00e0 imperdibile per esplorare e celebrare i sapori autentici<br \/>\ndell&#8217;Etna.\u201d<br \/>\n<img loading=\"lazy\" class=\"size-medium wp-image-53844 alignleft\" src=\"https:\/\/www.radioempire.it\/wp-content\/uploads\/2025\/02\/i-sapori-11-240x300.jpg\" alt=\"\" width=\"240\" height=\"300\" srcset=\"https:\/\/www.radioempire.it\/wp-content\/uploads\/2025\/02\/i-sapori-11-240x300.jpg 240w, https:\/\/www.radioempire.it\/wp-content\/uploads\/2025\/02\/i-sapori-11-768x960.jpg 768w, https:\/\/www.radioempire.it\/wp-content\/uploads\/2025\/02\/i-sapori-11.jpg 800w\" sizes=\"(max-width: 240px) 100vw, 240px\" \/>\u201c&#8217;I Sapori dell&#8217;Etna&#8217; non \u00e8 solo una festa del gusto ma anche un&#8217;occasione<br \/>\ndi formazione e di crescita. &#8211; commenta soddisfatta Liana De Luca,<br \/>\nBanqueting and Event Planner nonch\u00e8 Presidente dell&#8217;Associazione<br \/>\nTerraMadre &#8211; Abbiamo organizzato masterclass con chef qualificati,<br \/>\nlaboratori creativi per bambini ed un talk speciale sull&#8217;educazione<br \/>\nalimentare. Vogliamo coinvolgere attivamente il pubblico di tutte le et\u00e0,<br \/>\nstimolando la creativit\u00e0 e la passione per la cucina. Crediamo fermamente<br \/>\nche investire nell&#8217;educazione alimentare dei bambini sia un investimento per<br \/>\nil futuro della nostra comunit\u00e0. &#8221;<br \/>\nAl centro della prima giornata ci saranno: il \u201cConcorso di cucina per<br \/>\nIstituti Alberghieri &#8211; Trofeo Re Burlone 2025\u201d, il \u201cConcorso<br \/>\nProfessionisti\u201d e le Masterclass degli Chef professionisti. Il concorso<br \/>\nrivolto agli Istituti Alberghieri prevede che gli studenti si sfidino nella creazione<br \/>\ndi piatti ispirati al Carnevale valorizzando i prodotti tipici locali. Il concorso<br \/>\nrappresenta un&#8217;opportunit\u00e0 unica per i giovani chef per stimolare la creativit\u00e0<br \/>\ne la voglia di sperimentare e conoscere i prodotti del territorio.<br \/>\nIl concorso professionisti prevede, invece, in gara le Categorie:<br \/>\n\u2022 Cucina Fredda (o fredda pensata calda)<br \/>\n\u2022 Pasticceria (dessert al piatto)<br \/>\n\u2022 Sculture Artistiche (vegetali, margarine, cioccolato, zucchero artistico)<br \/>\n\u2022 Cake Design<br \/>\nIn contemporanea si susseguiranno le Masterclass (totalmente gratuite)<br \/>\ndei professionisti guidate da chef qualificati dell&#8217;APCI e della CONPAIT.<br \/>\nUn momento di cucina ma anche di spettacolo per la vista e il palato. Peppe<br \/>\nLeotta, Rosario Leonardi, Dante Pasquini, Nato Micale, Maurizio<br \/>\nUrso e Pasquale Caliri si alterneranno nella sala Pinella Musumeci ed<br \/>\nintratterranno il pubblico accompagnandolo alla scoperta dei segreti della<br \/>\ncucina siciliana attraverso dimostrazioni e degustazioni di piatti tradizionali ed<br \/>\ninnovativi ispirati alla tradizione carnascialesca.<br \/>\nAd aprire le danze, alle 10.15, sar\u00e0 Peppe Leotta, Presidente di Conpait<br \/>\nSicilia. Leotta accompagner\u00e0 i presenti in un \u201cViaggio nel mondo del<br \/>\ncioccolato\u201d durante il quale sar\u00e0 possibile degustare prelibati cioccolatini<br \/>\nartigianali creati con passione e maestria. La sua visione dell\u2019arte dolciaria<br \/>\nunisce estetica ed essenza in un equilibrio perfetto.<br \/>\nAlle 11.30 la cucina di Rosario Leonardi, Presidente Delegazione<br \/>\nCatania di APCI render\u00e0 omaggio ai sapori autentici della Sicilia con \u201cLa<br \/>\nRegina alla Carbonara, Tortelli di ricciola in doppia consistenza,<br \/>\nspuma di carbonara, pepe nero, grasso di guanciale liquido,<br \/>\nsalicornia e sakura\u201d. Un perfetto equilibrio fra tradizione ed innovazione<br \/>\nreinterpretato con un tocco di originalit\u00e0 e modernit\u00e0.<br \/>\nAlle 12.30 spazio alla grande protagonista della tradizione carnascialesca: la<br \/>\nPasta. Sar\u00e0 affidata a Dante Pasquini, Mastro Pastaio e custode della<br \/>\nTradizione, una masterclass che ci guider\u00e0 nel mondo del \u201cPrimo Piatto\u201d, un<br \/>\nvero e proprio viaggio sensoriale nel cuore della tradizione culinaria siciliana,<br \/>\ntra sapori autentici e profumi inebrianti, scoprendo le paste tipiche siciliane, i<br \/>\nloro abbinamenti ideali e le tecniche di lavorazione artigianale.<br \/>\nAlle 15.00 sar\u00e0 la volta dello chef Nato Micale, Presidente APCI Sicilia,<br \/>\ncon il suo \u201cRicci Capricci Ol\u00e0 \u2013 Ricciola bilanciata ai sali, zuccheri e<br \/>\nbarbabietola in osmosi, piccola insalata di salad pea, olio evo,<br \/>\nscorzetta di limone e crumble di cacao salato\u201d. Una cucina innovativa e<br \/>\nraffinata gli ha permesso di ottenere numerosi riconoscimenti tra i quali la<br \/>\nStella della Ristorazione.<br \/>\nAncora in tema di ricette tradizionali, lo chef Maurizio Urso, vero e proprio<br \/>\nambasciatore del gusto, alle 16:00, far\u00e0 un focus sul baccal\u00e0, tra storia e<br \/>\ninnovazione, con: \u201cIl Baccal\u00e0, dalla tradizione all\u2019innovazione\u201d,<br \/>\nsvelando i segreti per utilizzare al meglio questo ingrediente, spaziando dalle<br \/>\nricette tradizionali alle creazioni pi\u00f9 innovative. La sua cucina \u00e8 un inno alla<br \/>\nsalute e al nutrimento con piatti equilibrati e leggeri.<br \/>\nLe Masterclass si chiuderanno alle 17. 00 con Pasquale Caliri, chef ALMA,<br \/>\ne il suo \u201cCannolino Vestito di Nuovo e Nuvola di Cassata\u201d. Un viaggio<br \/>\nalla scoperta dei dolci della tradizione siciliana reinterpretati in chiave<br \/>\nmoderna. La sua \u00e8 una cucina legata all\u2019essenziale, attenta alle radici, elegante<br \/>\ne minimalista.<br \/>\nA moderare le masterclass e il concorso saranno la Giornalista, Rita Patan\u00e8,<br \/>\ne Cristina Cocuzza, Dottoressa in Pubbliche Relazioni vicina a molte realt\u00e0<br \/>\ndel Territorio.<br \/>\nLa giornata di venerd\u00ec 28 febbraio 2025 si concluder\u00e0 con la premiazione<br \/>\ndei vincitori. L\u2019istituto vincitore si aggiudicher\u00e0 il Trofeo Re Burlone. Il secondo<br \/>\nimportante appuntamento di luned\u00ec 3 marzo 2025 sar\u00e0 dedicato ai<br \/>\nlaboratori creativi per i bambini. I pi\u00f9 piccoli, protagonisti del Carnevale,<br \/>\nsotto la guida degli chef della CONPAIT, dalle 10 alle 13, si divertiranno a<br \/>\ndecorare dolci a tema Carnevale ed a scoprire il mondo del cioccolato in<br \/>\nmaniera ludica e coinvolgente. In contemporanea, i baby chef, sotto la guida esperta<br \/>\ndel mastro pastaio Pasquini di Acireale, creeranno le proprie forme di pasta,<br \/>\ncolorandole e decorandole con fantasia. Un&#8217;esperienza unica per avvicinare i bambini<br \/>\nalla tradizione culinaria italiana in modo giocoso e creativo. I laboratori saranno<br \/>\nun&#8217;occasione educativa e divertente per avvicinare i bambini alla cucina e alla<br \/>\ncultura del cibo, stimolando la loro creativit\u00e0 e curiosit\u00e0. E mentre i pi\u00f9 piccoli<br \/>\nsi dedicheranno a mettere le \u201cmani in pasta\u201d, nella sala Pinella Musumeci, alle<br \/>\n11:00, si terr\u00e0 il talk \u201cIl cibo con gli occhi da bambino. Educare al<br \/>\ngusto per crescere consapevoli&#8221;, una tavola rotonda dedicata<br \/>\nall&#8217;educazione alimentare dei bambini che si pone l&#8217;obiettivo di sensibilizzare<br \/>\nle nuove generazioni all&#8217;importanza di un&#8217;alimentazione sana e consapevole,<br \/>\nincoraggiando la scoperta dei sapori veri e la conoscenza delle materie prime.<br \/>\nAl talk, moderato da Rita Patan\u00e8 e Cristina Cocuzza, prenderanno parte:<br \/>\nGianni Samperi &#8211; Azienda Agricola Biologica Fossa dell\u2019Acqua<br \/>\nassociata alla Rete Fattorie Sociali, Enzo Pennisi (produttore slowfood)<br \/>\nche porter\u00e0 i saluti del Gal delle Aci, il Consorzio di Tutela del Limone<br \/>\ndell&#8217;Etna, Gusto di Campagna, il Distretto Agrumi di Sicilia,<br \/>\nCarmelo Maiorca in rappresentanza di Slow Food, Rosanna Di Pietro,<br \/>\nportavoce della Comunit\u00e0 Slow Food per la valorizzazione della<br \/>\ncicerchia degli Iblei, C.I.B.O. &#8211; Distretto delle Filiere e dei Territori<br \/>\ndi Sicilia in Rete, il Sindaco di Acireale Roberto Barbagallo e il<br \/>\nPresidente della Fondazione Carnevale Acireale, Giuseppe Sardo.<br \/>\n\u201cI Sapori dell&#8217;Etna\u201d al Carnevale di Acireale 2025 promette di essere un<br \/>\nevento indimenticabile, dove il fascino carnascialesco incontra i sapori<br \/>\nautentici della nostra Terra. Una vera e propria festa del gusto che promette di<br \/>\nfar vivere esperienze uniche e coinvolgenti.<br \/>\n<strong>Ufficio Stampa Rita Patan\u00e8 &#8211; Tessera n.156299<\/strong><br \/>\n<strong>3405081885<\/strong><br \/>\n<strong>Responsabile Pubbliche Relazioni Cristina Cocuzza<\/strong><br \/>\n<strong>3475857202<\/strong><\/p>\n","protected":false},"excerpt":{"rendered":"<p>Ad Acireale tutto pronto per la I edizione de \u201cI Sapori dell&#8217;Etna\u201d, il progetto promosso dall&#8217;Associazione Culturale Terramadre, in collaborazione con l&#8217;APCI &#8211; Associazione Professionale Cuochi Italiani &#8211; Regione Sicilia<\/p>\n<div><a class=\"permalink\" href=\"https:\/\/www.radioempire.it\/index.php\/2025\/02\/27\/i-sapori-delletna\/\">Read More&#8230;<\/a><\/div>\n","protected":false},"author":2,"featured_media":53841,"comment_status":"closed","ping_status":"closed","sticky":false,"template":"","format":"standard","meta":[],"categories":[3,36],"tags":[],"_links":{"self":[{"href":"https:\/\/www.radioempire.it\/index.php\/wp-json\/wp\/v2\/posts\/53840"}],"collection":[{"href":"https:\/\/www.radioempire.it\/index.php\/wp-json\/wp\/v2\/posts"}],"about":[{"href":"https:\/\/www.radioempire.it\/index.php\/wp-json\/wp\/v2\/types\/post"}],"author":[{"embeddable":true,"href":"https:\/\/www.radioempire.it\/index.php\/wp-json\/wp\/v2\/users\/2"}],"replies":[{"embeddable":true,"href":"https:\/\/www.radioempire.it\/index.php\/wp-json\/wp\/v2\/comments?post=53840"}],"version-history":[{"count":1,"href":"https:\/\/www.radioempire.it\/index.php\/wp-json\/wp\/v2\/posts\/53840\/revisions"}],"predecessor-version":[{"id":53845,"href":"https:\/\/www.radioempire.it\/index.php\/wp-json\/wp\/v2\/posts\/53840\/revisions\/53845"}],"wp:featuredmedia":[{"embeddable":true,"href":"https:\/\/www.radioempire.it\/index.php\/wp-json\/wp\/v2\/media\/53841"}],"wp:attachment":[{"href":"https:\/\/www.radioempire.it\/index.php\/wp-json\/wp\/v2\/media?parent=53840"}],"wp:term":[{"taxonomy":"category","embeddable":true,"href":"https:\/\/www.radioempire.it\/index.php\/wp-json\/wp\/v2\/categories?post=53840"},{"taxonomy":"post_tag","embeddable":true,"href":"https:\/\/www.radioempire.it\/index.php\/wp-json\/wp\/v2\/tags?post=53840"}],"curies":[{"name":"wp","href":"https:\/\/api.w.org\/{rel}","templated":true}]}}