{"id":53856,"date":"2025-02-28T21:31:11","date_gmt":"2025-02-28T21:31:11","guid":{"rendered":"https:\/\/www.radioempire.it\/?p=53856"},"modified":"2025-02-28T21:31:11","modified_gmt":"2025-02-28T21:31:11","slug":"le-valli-del-mito-e-della-musica-presentato-il-progetto-per-la-valorizzazione-delle-valli-dei-peloritani","status":"publish","type":"post","link":"https:\/\/www.radioempire.it\/index.php\/2025\/02\/28\/le-valli-del-mito-e-della-musica-presentato-il-progetto-per-la-valorizzazione-delle-valli-dei-peloritani\/","title":{"rendered":"&#8220;Le Valli del Mito e della Musica&#8221;: presentato il progetto per la valorizzazione delle Valli dei Peloritani"},"content":{"rendered":"<p>Si \u00e8 svolta questa mattina nell\u2019aula consiliare del comune di Taormina la conferenza stampa di presentazione del progetto &#8220;Le Valli del Mito e della Musica&#8221;, promosso dal GAL Terre di Miti e di Bellezza, un&#8217;iniziativa che punta a valorizzare le tradizioni culturali, enogastronomiche e artigianali delle Valli dei Peloritani, rafforzando l&#8217;identit\u00e0 del territorio e il suo potenziale turistico.<br \/>\nNel corso dell&#8217;evento sono state illustrate le principali iniziative che prenderanno vita nei prossimi mesi, coinvolgendo attivamente i comuni delle sei valli del GAL in un sistema territoriale integrato. L&#8217;obiettivo \u00e8 creare un&#8217;offerta esperienziale che unisca cultura, tradizione e innovazione, offrendo ai visitatori un viaggio alla scoperta delle eccellenze locali, con un&#8217;attenzione particolare al turismo sostenibile e alla valorizzazione delle filiere produttive.<br \/>\nAlla conferenza stampa sono intervenuti il Presidente del GAL Peloritani Antonio Bonfiglio, la Responsabile di Piano Beatrice Briguglio e i rappresentanti istituzionali dei comuni coinvolti nel progetto:<br \/>\n\u2022 Cateno De Luca, Sindaco di Taormina, e Jonathan Sferra, Assessore al Turismo (Valle dell&#8217;Alcantara);<br \/>\n\u2022 Orlando Russo, Sindaco di Castelmola (Valle dell&#8217;Alcantara);<br \/>\n\u2022 Giovanni De Luca, Sindaco di Fiumedinisi (Valle del Nisi);<br \/>\n\u2022 Antonio Pinizzotto, Sindaco di Monforte San Giorgio (Valle del Mela);<br \/>\n\u2022 Giuseppe Lombardo, Sindaco di Roccalumera (Valle del Dinarini);<br \/>\n\u2022 Matteo Francilia, Sindaco di Furci Siculo (Valle del Dinarini);<br \/>\n\u2022 Danilo Lo Giudice, Sindaco di Santa Teresa di Riva (Val d&#8217;Agr\u00f2).<br \/>\nAd introdurre i lavori illustrando il progetto la responsabile di piano Beatrice Briguglio che ha evidenziato la potenzialit\u00e0 di questo progetto spiegando il coinvolgimento dei comuni che ricadono nelle valli che rientrano del Gal Taormina Peloritani.<\/p>\n<p>Tutti i sindaci intervenuti hanno espresso apprezzamento per l&#8217;iniziativa, sottolineando l&#8217;importanza di un progetto condiviso che valorizzi il patrimonio culturale, naturalistico ed enogastronomico delle Valli dei Peloritani. L&#8217;adesione congiunta al progetto evidenzia la volont\u00e0 delle amministrazioni locali di collaborare attivamente per la promozione del territorio e la creazione di nuove opportunit\u00e0 di sviluppo economico e turistico.<br \/>\nIl Presidente del GAL Antonio Bonfiglio ha dichiarato: &#8220;Questo progetto ci porter\u00e0 nel cuore delle Valli dei Peloritani, territori ricchi di storia e tradizioni che meritano di essere riscoperti e valorizzati. L&#8217;obiettivo \u00e8 rafforzare la conoscibilit\u00e0 e la promozione delle nostre comunit\u00e0 attraverso eventi che possano attrarre visitatori e rilanciare le economie locali. Sar\u00e0 fondamentale una sinergia pi\u00f9 forte tra le amministrazioni locali per raggiungere obiettivi ancora pi\u00f9 ambiziosi.&#8221;<br \/>\nIl Sindaco di Taormina, Cateno De Luca, ha evidenziato il valore strategico del progetto nel consolidare un modello di sviluppo turistico integrato: &#8220;Questa iniziativa rappresenta la chiusura di un ciclo iniziato nel 2009, che ha visto il nostro GAL distinguersi per efficienza e capacit\u00e0 di spesa. Ora si apre una nuova fase con l&#8217;obiettivo di costruire un brand territoriale diffuso, che parta da Taormina come vetrina internazionale e coinvolga tutti i comuni aderenti in un percorso di crescita qualitativa dei servizi e delle infrastrutture.&#8221;<br \/>\nTra i temi centrali emersi, anche la necessit\u00e0 di rafforzare la mobilit\u00e0 territoriale per collegare meglio le Valli dei Peloritani con i principali poli turistici. Il progetto prevede infatti una pianificazione strategica mirata a migliorare i trasporti pubblici locali e a incentivare un turismo sostenibile, attraverso l&#8217;ottimizzazione delle risorse e la creazione di circuiti turistici integrati.<br \/>\n&#8220;La Riviera delle Bandiere Blu, con il suo elevato numero di riconoscimenti ambientali, merita una programmazione condivisa che valorizzi le politiche del mare e del turismo sostenibile. Il nostro obiettivo \u00e8 fare squadra per promuovere al meglio il nostro patrimonio e garantire una gestione efficiente delle risorse disponibili&#8221;, ha aggiunto De Luca.<br \/>\nCon &#8220;Le Valli del Mito e della Musica&#8221; prende forma un progetto ambizioso che intende unire tradizione e innovazione, cultura e turismo, per dare nuova linfa alle comunit\u00e0 locali e consolidare un modello di sviluppo basato sulla valorizzazione delle eccellenze del territorio.<br \/>\nL\u2019azione di animazione e promozione del territorio del Gal inizia con il progetto delle Valli con i 6 eventi calendarizzati e proseguir\u00e0 con l\u2019animazione, attraverso degli eventi, che toccher\u00e0 tutti i comuni del Gal.<\/p>\n<p>Ecco il programma dei primi eventi:<\/p>\n<p>Valle dell\u2019Alcantara \u2013 Taormina, 15 e 16 marzo<\/p>\n<p>Valle del Nisi \u2013 Fiumedinisi, 22 e 23 marzo<\/p>\n<p>Valle del Ghiodaro \u2013 Letojanni, 29 e 30 marzo<\/p>\n<p>Valle del Mela \u2013 Monforte San Giorgio, 5 e 6 aprile<\/p>\n<p>Valle del Dinarini \u2013 Roccalumera, 26 e 27 aprile<\/p>\n<p>Valle d\u2019Agr\u00f2 \u2013 Santa Teresa di Riva, 3 e 4 maggio<\/p>\n<p>Per ulteriori informazioni:<\/p>\n<p><strong>Giornalista Professionista<\/strong><br \/>\n<strong>Valeria Brancato<\/strong><br \/>\n<strong>+39 3493779318<\/strong><\/p>\n<p><strong>www.galtaorminapeloritani.it\/le-valli-del-mito-e-della-musica<\/strong><\/p>\n<p><img loading=\"lazy\" class=\"alignnone size-medium wp-image-53858\" src=\"https:\/\/www.radioempire.it\/wp-content\/uploads\/2025\/02\/GAL-12-300x169.jpg\" alt=\"\" width=\"300\" height=\"169\" srcset=\"https:\/\/www.radioempire.it\/wp-content\/uploads\/2025\/02\/GAL-12-300x169.jpg 300w, https:\/\/www.radioempire.it\/wp-content\/uploads\/2025\/02\/GAL-12-768x432.jpg 768w, https:\/\/www.radioempire.it\/wp-content\/uploads\/2025\/02\/GAL-12.jpg 1000w\" sizes=\"(max-width: 300px) 100vw, 300px\" \/><img loading=\"lazy\" class=\"alignnone size-medium wp-image-53859\" src=\"https:\/\/www.radioempire.it\/wp-content\/uploads\/2025\/02\/Gal-22-300x169.jpg\" alt=\"\" width=\"300\" height=\"169\" srcset=\"https:\/\/www.radioempire.it\/wp-content\/uploads\/2025\/02\/Gal-22-300x169.jpg 300w, https:\/\/www.radioempire.it\/wp-content\/uploads\/2025\/02\/Gal-22-768x432.jpg 768w, https:\/\/www.radioempire.it\/wp-content\/uploads\/2025\/02\/Gal-22.jpg 1000w\" sizes=\"(max-width: 300px) 100vw, 300px\" \/><img loading=\"lazy\" class=\"alignnone size-medium wp-image-53860\" src=\"https:\/\/www.radioempire.it\/wp-content\/uploads\/2025\/02\/Gal-33-300x169.jpg\" alt=\"\" width=\"300\" height=\"169\" srcset=\"https:\/\/www.radioempire.it\/wp-content\/uploads\/2025\/02\/Gal-33-300x169.jpg 300w, https:\/\/www.radioempire.it\/wp-content\/uploads\/2025\/02\/Gal-33-768x432.jpg 768w, https:\/\/www.radioempire.it\/wp-content\/uploads\/2025\/02\/Gal-33.jpg 1000w\" sizes=\"(max-width: 300px) 100vw, 300px\" \/><img loading=\"lazy\" class=\"alignnone size-medium wp-image-53861\" src=\"https:\/\/www.radioempire.it\/wp-content\/uploads\/2025\/02\/Gal-44-300x169.jpg\" alt=\"\" width=\"300\" height=\"169\" srcset=\"https:\/\/www.radioempire.it\/wp-content\/uploads\/2025\/02\/Gal-44-300x169.jpg 300w, https:\/\/www.radioempire.it\/wp-content\/uploads\/2025\/02\/Gal-44-768x432.jpg 768w, https:\/\/www.radioempire.it\/wp-content\/uploads\/2025\/02\/Gal-44.jpg 1000w\" sizes=\"(max-width: 300px) 100vw, 300px\" \/><img loading=\"lazy\" class=\"alignnone size-medium wp-image-53862\" src=\"https:\/\/www.radioempire.it\/wp-content\/uploads\/2025\/02\/Gal-55-240x300.jpg\" alt=\"\" width=\"240\" height=\"300\" srcset=\"https:\/\/www.radioempire.it\/wp-content\/uploads\/2025\/02\/Gal-55-240x300.jpg 240w, https:\/\/www.radioempire.it\/wp-content\/uploads\/2025\/02\/Gal-55-819x1024.jpg 819w, https:\/\/www.radioempire.it\/wp-content\/uploads\/2025\/02\/Gal-55-768x960.jpg 768w, https:\/\/www.radioempire.it\/wp-content\/uploads\/2025\/02\/Gal-55.jpg 1000w\" sizes=\"(max-width: 240px) 100vw, 240px\" \/><\/p>\n","protected":false},"excerpt":{"rendered":"<p>Si \u00e8 svolta questa mattina nell\u2019aula consiliare del comune di Taormina la conferenza stampa di presentazione del progetto &#8220;Le Valli del Mito e della Musica&#8221;, promosso dal GAL Terre di<\/p>\n<div><a class=\"permalink\" href=\"https:\/\/www.radioempire.it\/index.php\/2025\/02\/28\/le-valli-del-mito-e-della-musica-presentato-il-progetto-per-la-valorizzazione-delle-valli-dei-peloritani\/\">Read More&#8230;<\/a><\/div>\n","protected":false},"author":2,"featured_media":53857,"comment_status":"closed","ping_status":"closed","sticky":false,"template":"","format":"standard","meta":[],"categories":[3,36],"tags":[],"_links":{"self":[{"href":"https:\/\/www.radioempire.it\/index.php\/wp-json\/wp\/v2\/posts\/53856"}],"collection":[{"href":"https:\/\/www.radioempire.it\/index.php\/wp-json\/wp\/v2\/posts"}],"about":[{"href":"https:\/\/www.radioempire.it\/index.php\/wp-json\/wp\/v2\/types\/post"}],"author":[{"embeddable":true,"href":"https:\/\/www.radioempire.it\/index.php\/wp-json\/wp\/v2\/users\/2"}],"replies":[{"embeddable":true,"href":"https:\/\/www.radioempire.it\/index.php\/wp-json\/wp\/v2\/comments?post=53856"}],"version-history":[{"count":1,"href":"https:\/\/www.radioempire.it\/index.php\/wp-json\/wp\/v2\/posts\/53856\/revisions"}],"predecessor-version":[{"id":53863,"href":"https:\/\/www.radioempire.it\/index.php\/wp-json\/wp\/v2\/posts\/53856\/revisions\/53863"}],"wp:featuredmedia":[{"embeddable":true,"href":"https:\/\/www.radioempire.it\/index.php\/wp-json\/wp\/v2\/media\/53857"}],"wp:attachment":[{"href":"https:\/\/www.radioempire.it\/index.php\/wp-json\/wp\/v2\/media?parent=53856"}],"wp:term":[{"taxonomy":"category","embeddable":true,"href":"https:\/\/www.radioempire.it\/index.php\/wp-json\/wp\/v2\/categories?post=53856"},{"taxonomy":"post_tag","embeddable":true,"href":"https:\/\/www.radioempire.it\/index.php\/wp-json\/wp\/v2\/tags?post=53856"}],"curies":[{"name":"wp","href":"https:\/\/api.w.org\/{rel}","templated":true}]}}